{"id":3839,"date":"2021-06-09T19:31:33","date_gmt":"2021-06-09T23:31:33","guid":{"rendered":"https:\/\/melindaozel.com\/?p=3839"},"modified":"2025-10-28T19:16:21","modified_gmt":"2025-10-28T23:16:21","slug":"its-all-in-the-eyes-and-other-lies","status":"publish","type":"post","link":"https:\/\/melindaozel.com\/tr\/its-all-in-the-eyes-and-other-lies\/","title":{"rendered":"\"Her \u015eey G\u00f6zlerde\" ve Di\u011fer Yalanlar: \u00c7a\u011fda\u015f Duygu Ara\u015ft\u0131rmalar\u0131 \u00dczerine Bir Ele\u015ftiri"},"content":{"rendered":"<div data-elementor-type=\"wp-post\" data-elementor-id=\"3839\" class=\"elementor elementor-3839\" data-elementor-post-type=\"post\">\n\t\t\t\t\t\t<section class=\"elementor-section elementor-top-section elementor-element elementor-element-31e1fe6 elementor-section-boxed elementor-section-height-default elementor-section-height-default\" data-id=\"31e1fe6\" data-element_type=\"section\" data-e-type=\"section\">\n\t\t\t\t\t\t<div class=\"elementor-container elementor-column-gap-default\">\n\t\t\t\t\t<div class=\"elementor-column elementor-col-100 elementor-top-column elementor-element elementor-element-ef69c13\" data-id=\"ef69c13\" data-element_type=\"column\" data-e-type=\"column\">\n\t\t\t<div class=\"elementor-widget-wrap elementor-element-populated\">\n\t\t\t\t\t\t<div class=\"elementor-element elementor-element-545a5d1 elementor-widget elementor-widget-text-editor\" data-id=\"545a5d1\" data-element_type=\"widget\" data-e-type=\"widget\" data-widget_type=\"text-editor.default\">\n\t\t\t\t\t\t\t\t\t<h2 style=\"text-align: center;\">G\u00fcl\u00fcmsemenin Sisyphos'un Ger\u00e7ekli\u011fi<\/h2><p>Bat\u0131 medyas\u0131n\u0131n ve kibar pozitifli\u011fin kurbanlar\u0131 olarak, sosyal g\u00fcl\u00fcmseme g\u00fcnl\u00fck etkile\u015fimlerimizin beklenen bir bile\u015feni haline geldi. Evet i\u00e7in g\u00fcl\u00fcms\u00fcyoruz; hay\u0131r i\u00e7in g\u00fcl\u00fcms\u00fcyoruz. Merhaba, g\u00fcle g\u00fcle, l\u00fctfen ve te\u015fekk\u00fcr ederim derken g\u00fcl\u00fcms\u00fcyoruz. Duruluyoruz. Tekrarl\u0131yoruz.<\/p><p><img fetchpriority=\"high\" decoding=\"async\" data-recalc-dims=\"1\" class=\"aligncenter wp-image-4643 size-medium_large\" src=\"https:\/\/i0.wp.com\/melindaozel.com\/wp-content\/uploads\/2021\/06\/sisyphus.png?resize=750%2C500&#038;ssl=1\" alt=\"Sisifos ve g\u00fclen y\u00fcz\" width=\"750\" height=\"500\" srcset=\"https:\/\/i0.wp.com\/melindaozel.com\/wp-content\/uploads\/2021\/06\/sisyphus.png?w=974&amp;ssl=1 974w, https:\/\/i0.wp.com\/melindaozel.com\/wp-content\/uploads\/2021\/06\/sisyphus.png?resize=300%2C200&amp;ssl=1 300w, https:\/\/i0.wp.com\/melindaozel.com\/wp-content\/uploads\/2021\/06\/sisyphus.png?resize=768%2C512&amp;ssl=1 768w, https:\/\/i0.wp.com\/melindaozel.com\/wp-content\/uploads\/2021\/06\/sisyphus.png?resize=16%2C12&amp;ssl=1 16w, https:\/\/i0.wp.com\/melindaozel.com\/wp-content\/uploads\/2021\/06\/sisyphus.png?resize=750%2C500&amp;ssl=1 750w\" sizes=\"(max-width: 750px) 100vw, 750px\" \/><\/p><p>Bu beklentiler kapal\u0131 kap\u0131lar ard\u0131na ge\u00e7tikten sonra da pe\u015fimizi b\u0131rakm\u0131yor. Y\u00fcz y\u00fcze nezaketin \u00f6tesine ge\u00e7er ve \u00e7evrimi\u00e7i ki\u015fili\u011fimize yerle\u015firler. Y\u00fczlerimizin statik g\u00f6r\u00fcnt\u00fcleri, hem meslekta\u015flar\u0131m\u0131z\u0131n hem de yabanc\u0131lar\u0131n ilk izlenimlerini d\u00fczenli olarak y\u00f6nlendirir. \u0130ster LinkedIn i\u00e7in i\u015f d\u00fcnyas\u0131na uygun bir \u0131\u015f\u0131n, ister Facebook i\u00e7in grup foto\u011fraf\u0131 s\u0131r\u0131t\u0131\u015f\u0131 ya da Bumble i\u00e7in kayg\u0131s\u0131z bir k\u0131r\u0131\u015f\u0131kl\u0131k olsun, g\u00fcl\u00fcmsemeniz \u00e7evrimi\u00e7i ve \u00e7evrimd\u0131\u015f\u0131 olarak de\u011ferlendirilir.<\/p><h2 style=\"text-align: center;\">\u00d6zg\u00fcnl\u00fck ve Alg\u0131<\/h2><p>G\u00fcl\u00fcmsemek sosyal etkile\u015fimlerimizin \u00e7ok kritik bir bile\u015feni oldu\u011fundan, herhangi bir dudak k\u00f6\u015fesi kald\u0131r\u0131c\u0131s\u0131 bunu ba\u015faramayacakt\u0131r. Ba\u015fkalar\u0131n\u0131n bizim \u00f6zg\u00fcnl\u00fc\u011f\u00fcm\u00fcz\u00fc nas\u0131l alg\u0131lad\u0131\u011f\u0131 \u00e7ok \u00f6nemlidir. Duygusal samimiyeti de\u011ferlendirme becerimiz sadece sosyal hayatta kalmak i\u00e7in de\u011fil, genel olarak hayatta kalmak i\u00e7in \u00f6nemlidir. \u00c7o\u011fu durumda, bir ho\u015flu\u011fun ger\u00e7ekli\u011fini yanl\u0131\u015f hesaplamak \u00f6nemsiz olsa da, baz\u0131 durumlarda bizi hayati tehlikeye sokabilir.<\/p><p><strong>Bir g\u00fcl\u00fcmsemenin ard\u0131ndaki ger\u00e7ekli\u011fi de\u011ferlendirmemizde bir\u00e7ok fakt\u00f6r rol oynar, ancak bu fakt\u00f6rler ne kadar g\u00fcvenilirdir?<\/strong><\/p>\t\t\t\t\t\t\t\t<\/div>\n\t\t\t\t\t<\/div>\n\t\t<\/div>\n\t\t\t\t\t<\/div>\n\t\t<\/section>\n\t\t\t\t<section class=\"elementor-section elementor-top-section elementor-element elementor-element-e070034 elementor-section-boxed elementor-section-height-default elementor-section-height-default\" data-id=\"e070034\" data-element_type=\"section\" data-e-type=\"section\">\n\t\t\t\t\t\t<div class=\"elementor-container elementor-column-gap-default\">\n\t\t\t\t\t<div class=\"elementor-column elementor-col-100 elementor-top-column elementor-element elementor-element-a3a3918\" data-id=\"a3a3918\" data-element_type=\"column\" data-e-type=\"column\">\n\t\t\t<div class=\"elementor-widget-wrap elementor-element-populated\">\n\t\t\t\t\t\t<div class=\"elementor-element elementor-element-d595772 elementor-widget elementor-widget-text-editor\" data-id=\"d595772\" data-element_type=\"widget\" data-e-type=\"widget\" data-widget_type=\"text-editor.default\">\n\t\t\t\t\t\t\t\t\t<h2 style=\"text-align: center;\">Test Etmek<\/h2><p>Birka\u00e7 ay \u00f6nce g\u00fcl\u00fcmsedi\u011fim iki foto\u011fraf\u0131m\u0131 payla\u015ft\u0131m - biri kas\u0131tl\u0131 olarak poz verilmi\u015f\/tepkisiz**, di\u011feri ise spontane\/tepkisel**. T\u00fcm sosyal medya platformlar\u0131ndaki izleyicilere hangisinin ger\u00e7ek g\u00fcl\u00fcmseme, hangisinin poz verilmi\u015f g\u00fcl\u00fcmseme oldu\u011funu d\u00fc\u015f\u00fcnd\u00fcklerini sordum.<\/p><p>170'in \u00fczerinde yan\u0131t ald\u0131m; <strong>85%'si yanl\u0131\u015ft\u0131.<\/strong><\/p><p style=\"text-align: center;\">A\u015fa\u011f\u0131da g\u00f6sterilen g\u00f6nderiden foto\u011fraf istemi. Orijinal g\u00f6nderiye bak\u0131n <span style=\"color: #66418c;\"><a style=\"color: #66418c;\" href=\"https:\/\/www.linkedin.com\/posts\/melindaozel_marketing-psychology-facetech-activity-6763123440535789568-XLo_\" target=\"_blank\" rel=\"noopener\">Burada<\/a><\/span>.<\/p><hr \/><figure id=\"attachment_3842\" aria-describedby=\"caption-attachment-3842\" style=\"width: 740px\" class=\"wp-caption alignnone\"><img decoding=\"async\" data-recalc-dims=\"1\" class=\"wp-image-3842 size-medium_large\" style=\"font-size: 0.9375rem;\" title=\"Sahte ve &quot;Ger\u00e7ek&quot; G\u00fcl\u00fcmseme - Spontane ve Pozlanm\u0131\u015f - Duchenne\" src=\"https:\/\/i0.wp.com\/melindaozel.com\/wp-content\/uploads\/2021\/02\/Screen-Shot-2021-02-04-at-10.42.01-AM-e1623607970232-768x675.png?resize=750%2C659&#038;ssl=1\" alt=\"hissedilen ve hissedilmeyen g\u00fcl\u00fcmseme anketi - otantik - ger\u00e7ek - otantik olmayan \" width=\"750\" height=\"659\" srcset=\"https:\/\/i0.wp.com\/melindaozel.com\/wp-content\/uploads\/2021\/02\/Screen-Shot-2021-02-04-at-10.42.01-AM-e1623607970232.png?resize=768%2C675&amp;ssl=1 768w, https:\/\/i0.wp.com\/melindaozel.com\/wp-content\/uploads\/2021\/02\/Screen-Shot-2021-02-04-at-10.42.01-AM-e1623607970232.png?resize=300%2C263&amp;ssl=1 300w, https:\/\/i0.wp.com\/melindaozel.com\/wp-content\/uploads\/2021\/02\/Screen-Shot-2021-02-04-at-10.42.01-AM-e1623607970232.png?resize=14%2C12&amp;ssl=1 14w, https:\/\/i0.wp.com\/melindaozel.com\/wp-content\/uploads\/2021\/02\/Screen-Shot-2021-02-04-at-10.42.01-AM-e1623607970232.png?resize=569%2C500&amp;ssl=1 569w, https:\/\/i0.wp.com\/melindaozel.com\/wp-content\/uploads\/2021\/02\/Screen-Shot-2021-02-04-at-10.42.01-AM-e1623607970232.png?w=986&amp;ssl=1 986w\" sizes=\"(max-width: 750px) 100vw, 750px\" \/><figcaption id=\"caption-attachment-3842\" class=\"wp-caption-text\">hissedilen ve hissedilmeyen g\u00fcl\u00fcmseme anketi - otantik - ger\u00e7ek - otantik olmayan<\/figcaption><\/figure><hr \/><p style=\"text-align: center;\"><span style=\"color: #ff6600;\">\u00a0Cevap yaz\u0131n\u0131n sonunda a\u00e7\u0131klanm\u0131\u015ft\u0131r.<\/span><\/p><p><span style=\"font-size: 9pt;\"><span style=\"text-decoration: underline;\">NOT<\/span>: <em>90 yan\u0131t di\u011fer se\u00e7men yan\u0131tlar\u0131n\u0131n g\u00f6r\u00fclebildi\u011fi platformlardan gelirken, 80'den fazla yan\u0131t se\u00e7menlerin \u00f6nceki yan\u0131tlar\u0131 g\u00f6remedi\u011fi platformlardan gelmi\u015ftir. Platform ve se\u00e7men g\u00f6r\u00fcn\u00fcrl\u00fc\u011f\u00fc ne olursa olsun,<span style=\"color: var( --e-global-color-text );\">\u00a085% trendi sabit kalm\u0131\u015ft\u0131r.<br \/><\/span><\/em><\/span><\/p>\t\t\t\t\t\t\t\t<\/div>\n\t\t\t\t\t<\/div>\n\t\t<\/div>\n\t\t\t\t\t<\/div>\n\t\t<\/section>\n\t\t\t\t<section class=\"elementor-section elementor-top-section elementor-element elementor-element-1cd0185 elementor-section-boxed elementor-section-height-default elementor-section-height-default\" data-id=\"1cd0185\" data-element_type=\"section\" data-e-type=\"section\" data-settings=\"{&quot;background_background&quot;:&quot;classic&quot;}\">\n\t\t\t\t\t\t<div class=\"elementor-container elementor-column-gap-default\">\n\t\t\t\t\t<div class=\"elementor-column elementor-col-100 elementor-top-column elementor-element elementor-element-01470cd\" data-id=\"01470cd\" data-element_type=\"column\" data-e-type=\"column\">\n\t\t\t<div class=\"elementor-widget-wrap elementor-element-populated\">\n\t\t\t\t\t\t<div class=\"elementor-element elementor-element-ac738d6 elementor-widget elementor-widget-text-editor\" data-id=\"ac738d6\" data-element_type=\"widget\" data-e-type=\"widget\" data-widget_type=\"text-editor.default\">\n\t\t\t\t\t\t\t\t\t<p style=\"text-align: center;\"><span style=\"font-size: 10pt; color: #808080;\"><strong>TERI\u0307MLER &amp; TANIMLAR<\/strong><\/span><\/p><p><span style=\"color: #808080; font-size: 10pt; font-family: Montserrat, sans-serif;\">\"Otantik\" kelimesi \u00e7e\u015fitli \u015fekillerde yorumlanabildi\u011finden, okuyucu tan\u0131m\u0131n\u0131 yazar\u0131n niyetiyle uyumlu hale getirmek \u00f6nemlidir. Bu nedenle terimlerimi bu \u015fekilde tan\u0131ml\u0131yorum:<\/span><\/p><div><p><span style=\"font-size: 10pt; color: #808080;\"><span style=\"text-decoration: underline;\">otantik \/ pozlanmam\u0131\u015f \/ hissedilen<\/span>: Y\u00fcz ifadesi bilin\u00e7li olarak zorlanmam\u0131\u015ft\u0131r. \u0130fade, i\u00e7sel veya d\u0131\u015fsal bir uyarana kar\u015f\u0131 spontane bir tepkiydi. Ortaya \u00e7\u0131kan ifade - ifade eden ki\u015fi (tepkiyi\/ifadeyi deneyimleyen ki\u015fi) taraf\u0131ndan- ifade edenin i\u00e7sel duygusal deneyimini yans\u0131tt\u0131\u011f\u0131 \u015feklinde de\u011ferlendirilmi\u015ftir.<\/span><\/p><\/div><div><span style=\"font-size: 10pt; color: #808080;\"><span style=\"text-decoration: underline;\">ger\u00e7ek d\u0131\u015f\u0131 \/ pozlanm\u0131\u015f \/ hissedilmemi\u015f<\/span>: Duygusal bir tepkiyi taklit etmek ve izleyiciyi aldatmak i\u00e7in y\u00fcz ifadesi kas\u0131tl\u0131 olarak zorlanm\u0131\u015ft\u0131r. \u0130fade sahibinin i\u00e7 duygusal durumu ile d\u0131\u015f ifadesi uyumsuzdur. \u0130fade sahibi, ortaya \u00e7\u0131kan ifadenin kendi i\u00e7sel duygusal deneyimini yans\u0131tt\u0131\u011f\u0131n\u0131 hissetmemi\u015ftir.<\/span><\/div><div>\u00a0<\/div><div><span style=\"font-size: 10pt; color: #808080;\"><span style=\"text-decoration: underline;\">g\u00fcl\u00fcmseme<\/span>: Dudak k\u00f6\u015felerinin kalk\u0131k oldu\u011fu (poz verilmi\u015f ya da verilmemi\u015f) y\u00fcz ifadesi. Tipik olarak zygomaticus major kas\u0131n\u0131n aktivasyonu ile olu\u015fur. Di\u011fer y\u00fcz kaslar\u0131 e\u015flik edebilir veya etmeyebilir.<\/span><\/div>\t\t\t\t\t\t\t\t<\/div>\n\t\t\t\t\t<\/div>\n\t\t<\/div>\n\t\t\t\t\t<\/div>\n\t\t<\/section>\n\t\t\t\t<section class=\"elementor-section elementor-top-section elementor-element elementor-element-be680e3 elementor-section-boxed elementor-section-height-default elementor-section-height-default\" data-id=\"be680e3\" data-element_type=\"section\" data-e-type=\"section\">\n\t\t\t\t\t\t<div class=\"elementor-container elementor-column-gap-default\">\n\t\t\t\t\t<div class=\"elementor-column elementor-col-100 elementor-top-column elementor-element elementor-element-3acaaa2\" data-id=\"3acaaa2\" data-element_type=\"column\" data-e-type=\"column\">\n\t\t\t<div class=\"elementor-widget-wrap elementor-element-populated\">\n\t\t\t\t\t\t<div class=\"elementor-element elementor-element-caf31db elementor-widget elementor-widget-spacer\" data-id=\"caf31db\" data-element_type=\"widget\" data-e-type=\"widget\" data-widget_type=\"spacer.default\">\n\t\t\t\t\t\t\t<div class=\"elementor-spacer\">\n\t\t\t<div class=\"elementor-spacer-inner\"><\/div>\n\t\t<\/div>\n\t\t\t\t\t\t<\/div>\n\t\t\t\t<div class=\"elementor-element elementor-element-573a6fa elementor-widget elementor-widget-text-editor\" data-id=\"573a6fa\" data-element_type=\"widget\" data-e-type=\"widget\" data-widget_type=\"text-editor.default\">\n\t\t\t\t\t\t\t\t\t<h2 style=\"text-align: center;\">Kafa kar\u0131\u015f\u0131kl\u0131\u011f\u0131n\u0131 anlamak<\/h2><div>Peki, bu nas\u0131l oldu? <strong>Se\u00e7menlerin 85%'si nas\u0131l yanl\u0131\u015f anlad\u0131?<\/strong><\/div><div>\u00a0<\/div><div><p>Bu testin amac\u0131, duygular\u0131n y\u00fcz ifadelerine ili\u015fkin varsay\u0131mlar\u0131m\u0131z\u0131n yanl\u0131\u015fl\u0131\u011f\u0131n\u0131 g\u00f6stermekti ve tam da bunu yapt\u0131. Foto\u011fraflar yerine video klipler eklemi\u015f olsayd\u0131m, izleyicilerin \u00e7ok daha iyi performans g\u00f6sterece\u011finden eminim; ancak \u015funu belirtmek \u00f6nemlidir <strong>hareketsiz g\u00f6r\u00fcnt\u00fcler \u015fu anda duygu ara\u015ft\u0131rmalar\u0131 ve teknolojisinin endi\u015fe verici bir k\u0131sm\u0131n\u0131n bel kemi\u011fini olu\u015fturuyor<\/strong>. Duygular \u00f6yle incelikler ve n\u00fcanslarla doludur ki <span style=\"font-size: 15px;\">video g\u00f6r\u00fcnt\u00fcleri ve hareketle, ger\u00e7ekten anlamakta zorlan\u0131yoruz.<\/span><\/p><\/div><h2 style=\"text-align: center;\">Duygular ve Y\u00fcz \u0130fadeleri<\/h2><div>Y\u00fcz ifadelerine odaklanan duygu ara\u015ft\u0131rmalar\u0131 onlarca y\u0131ld\u0131r, hatta Charles Darwin gibi ilk katk\u0131da bulunanlar\u0131 d\u00fc\u015f\u00fcn\u00fcrseniz y\u00fczy\u0131llard\u0131r devam etmektedir. Zaman \u00e7izelgenizi nereden ba\u015flat\u0131rsan\u0131z ba\u015flat\u0131n, y\u00fcz-duygu ili\u015fkisine dair mevcut anlay\u0131\u015f\u0131m\u0131z\u0131n alt\u0131nda yatan ana ak\u0131m temel, b\u00fcy\u00fck \u00f6l\u00e7\u00fcde psikolog ve Y\u00fcz Eylem Kodlama Sisteminin babas\u0131 Paul Ekman'dan gelmektedir: Paul Ekman'dan gelmektedir.<\/div><div>\u00a0<\/div><div>Ekman'\u0131n ara\u015ft\u0131rmalar\u0131 ve yaz\u0131lar\u0131 bir\u00e7o\u011fumuza ilham vermi\u015f olsa da (ben dahil) - <b>teknoloji\u0307, akademi\u0307 ve e\u011flence d\u00fcnyasi bu tek katilimci ve taki\u0307p\u00e7i\u0307leri\u0307ni\u0307n \u00e7ali\u015fmalarina \u00e7ok fazla ba\u011fimli hale geldi\u0307<\/b>. \u00c7al\u0131\u015ft\u0131\u011f\u0131m ya da s\u00f6zle\u015fme yapt\u0131\u011f\u0131m \u015firketlerin ezici \u00e7o\u011funlu\u011fu alternatif d\u00fc\u015f\u00fcnce dallar\u0131na kar\u015f\u0131 tamamen k\u00f6r ve\/veya ilgisizdi. B\u00fcy\u00fck teknoloji ve etkili duygu izleme giri\u015fimleri i\u00e7in \u00e7al\u0131\u015fm\u0131\u015f biri olarak: Bu rahats\u0131z edici bir durum.<\/div><div>\u00a0<\/div><div>\u0130zleme teknolojisinin ilerlemesi ve dijital sanatta ger\u00e7ek\u00e7ili\u011fe olan talebin artmas\u0131yla birlikte, bu sekt\u00f6rlerin (ve muhtemelen di\u011ferlerinin) duygular\u0131 ve y\u00fcz ifadelerini anlamak i\u00e7in daha kapsaml\u0131 bir yakla\u015f\u0131m benimsemesinin zaman\u0131 geldi de ge\u00e7iyor.<\/div><div>\u00a0<\/div><h2 style=\"text-align: center;\">B\u00fcy\u00fck iddialar\u0131 \u015f\u00fcpheyle kar\u015f\u0131lay\u0131n<\/h2><p><img decoding=\"async\" data-recalc-dims=\"1\" class=\"alignnone wp-image-4683 size-medium_large\" src=\"https:\/\/i0.wp.com\/melindaozel.com\/wp-content\/uploads\/2021\/06\/salt_bae_emoji-1.png?resize=750%2C486&#038;ssl=1\" alt=\"emoji\u0307 tuzlarini sallayan tuzluk - duygu i\u0307ddi\u0307alarini bi\u0307r tuz tanesi\u0307yle alin\" width=\"750\" height=\"486\" srcset=\"https:\/\/i0.wp.com\/melindaozel.com\/wp-content\/uploads\/2021\/06\/salt_bae_emoji-1.png?w=5166&amp;ssl=1 5166w, https:\/\/i0.wp.com\/melindaozel.com\/wp-content\/uploads\/2021\/06\/salt_bae_emoji-1.png?resize=300%2C194&amp;ssl=1 300w, https:\/\/i0.wp.com\/melindaozel.com\/wp-content\/uploads\/2021\/06\/salt_bae_emoji-1.png?resize=1024%2C664&amp;ssl=1 1024w, https:\/\/i0.wp.com\/melindaozel.com\/wp-content\/uploads\/2021\/06\/salt_bae_emoji-1.png?resize=768%2C498&amp;ssl=1 768w, https:\/\/i0.wp.com\/melindaozel.com\/wp-content\/uploads\/2021\/06\/salt_bae_emoji-1.png?resize=1536%2C995&amp;ssl=1 1536w, https:\/\/i0.wp.com\/melindaozel.com\/wp-content\/uploads\/2021\/06\/salt_bae_emoji-1.png?resize=2048%2C1327&amp;ssl=1 2048w, https:\/\/i0.wp.com\/melindaozel.com\/wp-content\/uploads\/2021\/06\/salt_bae_emoji-1.png?resize=16%2C10&amp;ssl=1 16w, https:\/\/i0.wp.com\/melindaozel.com\/wp-content\/uploads\/2021\/06\/salt_bae_emoji-1.png?resize=772%2C500&amp;ssl=1 772w, https:\/\/i0.wp.com\/melindaozel.com\/wp-content\/uploads\/2021\/06\/salt_bae_emoji-1.png?w=2400&amp;ssl=1 2400w, https:\/\/i0.wp.com\/melindaozel.com\/wp-content\/uploads\/2021\/06\/salt_bae_emoji-1.png?w=3600&amp;ssl=1 3600w\" sizes=\"(max-width: 750px) 100vw, 750px\" \/><\/p><div>Ekman'\u0131n \u00e7al\u0131\u015fmalar\u0131na hala b\u00fcy\u00fck sayg\u0131 duymakla birlikte, \"ger\u00e7ek\" duygularla ilgili pek \u00e7ok iddiay\u0131 bir tuz tanesi ile almay\u0131 da \u00f6\u011frendim. Bilimdeki pek \u00e7ok b\u00fcy\u00fck soruda oldu\u011fu gibi - duruma g\u00f6re de\u011fi\u015fir.<\/div><div>\u00a0<\/div><div>Yeni ara\u015ft\u0131rmalarla zaman i\u00e7inde ilerlememiz ve <strong>di\u011fer kaynaklardan daha fazla teori, yakla\u015f\u0131m ve ele\u015ftiriyi \u00fcr\u00fcnlerimize ve uygulamalar\u0131m\u0131za entegre etmek<\/strong>. Ekman'\u0131n duygu ara\u015ft\u0131rmas\u0131n\u0131 tart\u0131\u015fmas\u0131z bir m\u00fcjde olarak sunmay\u0131 b\u0131rakmal\u0131 ve di\u011fer kaynaklardan yararlanmaya ba\u015flamal\u0131y\u0131z.<\/div><div>\u00a0<\/div><div>Ekman'\u0131n \u00e7al\u0131\u015fmas\u0131 zaman\u0131na g\u00f6re devrim niteli\u011findeydi ve ola\u011fan\u00fcst\u00fc derecede faydal\u0131 olmaya devam ediyor; ancak eski, eksik ve<span style=\"color: #8454b8;\"> <a style=\"color: #8454b8;\" href=\"https:\/\/www.theatlantic.com\/health\/archive\/2015\/02\/hard-feelings-sciences-struggle-to-define-emotions\/385711\/\" target=\"_blank\" rel=\"noopener\">\u00e7ok say\u0131da lider<\/a><\/span> modern duygu ara\u015ft\u0131rmalar\u0131nda olduk\u00e7a \u00f6nyarg\u0131l\u0131d\u0131r. Evet, ger\u00e7ek duygular\u0131 a\u015fa\u011f\u0131daki gibi kurallarla g\u00fcvenilir bir \u015fekilde belirleyebilece\u011fimize inanmak kesinlikle g\u00fczel: \"Bir g\u00fcl\u00fcmsemedeki g\u00f6z kas\u0131lmas\u0131 onu ger\u00e7ek bir ne\u015fe ifadesi yapar\" ya da \"ger\u00e7ek ifadeler daha simetriktir\" gibi kurallarla ger\u00e7ek duyguyu g\u00fcvenilir bir \u015fekilde belirleyebilece\u011fimize inanmak kesinlikle g\u00fczel, ancak bu o kadar basit de\u011fil.<\/div><h2 style=\"text-align: center;\">Orbicularis Ocu-lies<\/h2><div>Ekman ve ana ak\u0131m d\u00fc\u015f\u00fcnce havuzlar\u0131nda, bir g\u00fcl\u00fcmsemenin ger\u00e7ek ve olumlu bir etki yaratabilmesi i\u00e7in, \"orbicularis oculi \"nin (g\u00f6z b\u00f6lgesindeki sfinkter benzeri bir kas) orbital k\u0131sm\u0131n\u0131n zygomaticus major (tipik olarak a\u011f\u0131z g\u00fcl\u00fcmsemesi i\u00e7in kullan\u0131lan kas) ile birlikte kas\u0131lmas\u0131 gerekti\u011fi s\u00f6ylenir. Bu t\u00fcr g\u00f6z + a\u011f\u0131z birle\u015fik g\u00fcl\u00fcmsemeleri \"<span style=\"color: #8454b8;\"><a style=\"color: #8454b8;\" href=\"https:\/\/en.wikipedia.org\/wiki\/Smile\" target=\"_blank\" rel=\"noopener\">Duchenne g\u00fcl\u00fcms\u00fcyor.<\/a><\/span>\u201c<\/div><div>\u00a0<\/div><div>Duchenne g\u00fcl\u00fcmsemesinin pop\u00fclerle\u015fmesi nedeniyle, baz\u0131 kavramlar pop\u00fcler k\u00fclt\u00fcrde ve duygu\/s\u00f6zs\u00fcz davran\u0131\u015f d\u00fcnyas\u0131nda papa\u011fan gibi dola\u015fma e\u011filimindedir:<br \/><br \/><\/div><div><ul><li style=\"list-style-type: none;\"><ul><li>Ger\u00e7ek g\u00f6zlerde!<\/li><li>Ger\u00e7ek g\u00fcl\u00fcmsemeler g\u00f6zlerinden okunuyor!<\/li><\/ul><\/li><\/ul><\/div><div>Bir\u00e7ok spontane ne\u015fe, e\u011flence ve di\u011fer olumlu, g\u00fcl\u00fcmsemeye dayal\u0131 ifadelerin orbital g\u00f6z kas\u0131lmalar\u0131 i\u00e7erdi\u011fi do\u011frudur.<em> Ancak, <\/em>\u015fu da do\u011frudur ki <strong>Bir\u00e7ok hissedilmemi\u015f ve poz verilmi\u015f g\u00fcl\u00fcmsemede ayn\u0131 kas aktivasyonu g\u00f6r\u00fcl\u00fcrken, baz\u0131 hissedilmi\u015f ve poz verilmemi\u015f g\u00fcl\u00fcmsemelerde bu durum g\u00f6r\u00fclmez<\/strong>. Asl\u0131nda, <span style=\"color: #8454b8;\"><a style=\"color: #8454b8;\" href=\"https:\/\/www.researchgate.net\/publication\/341280748_Reconsidering_the_Duchenne_Smile_Examining_the_Relationships_between_the_Duchenne_Marker_Smile_Intensity_and_Positive_Emotion\" target=\"_blank\" rel=\"noopener\">Hissedilen ve hissedilmeyen g\u00fcl\u00fcmsemelerin ard\u0131ndaki fikirleri yeniden g\u00f6zden ge\u00e7iren son \u00e7al\u0131\u015fmalar<\/a><\/span> orbicularis oculi kas\u0131lmas\u0131n\u0131n varl\u0131\u011f\u0131n\u0131n hissedilirli\u011fi g\u00fcvenilir bir \u015fekilde tahmin etmedi\u011fini bulmu\u015flard\u0131r. Duygu \u00e7\u0131kar\u0131m\u0131 basit ikili yakla\u015f\u0131mlardan ibaret de\u011fildir.<\/div><div><div class=\"page\" title=\"Sayfa 1\"><div class=\"layoutArea\"><div class=\"column\"><blockquote><p><span style=\"font-family: 'book antiqua', palatino; font-size: 14pt;\"><em><span style=\"color: #808080;\">Spontane (yani poz verilmemi\u015f) g\u00fcl\u00fcmsemelerden olu\u015fan geni\u015f bir \u00f6rneklemde, bir g\u00fcl\u00fcmsemenin Duchenne belirteci i\u00e7erip i\u00e7ermedi\u011fini bilmenin, g\u00fcl\u00fcmseme yo\u011funlu\u011fu zaten bilindi\u011finde hem kendi kendine bildirilen olumlu duygu hem de g\u00f6zlemci taraf\u0131ndan de\u011ferlendirilen olumlu duygu hakk\u0131nda \u00e7ok az yeni bilgi ekledi\u011fini bulduk. <\/span><\/em><\/span><em><span style=\"color: #808080;\">\u2013<\/span><\/em><span style=\"font-family: Montserrat; color: #8454b8; font-size: 12pt;\"><a style=\"color: #8454b8;\" href=\"https:\/\/www.researchgate.net\/publication\/341280748_Reconsidering_the_Duchenne_Smile_Examining_the_Relationships_between_the_Duchenne_Marker_Smile_Intensity_and_Positive_Emotion\" target=\"_blank\" rel=\"noopener\"> Girard ve ark. 2020<\/a><\/span><\/p><\/blockquote><\/div><\/div><\/div><\/div><div><div>Ayr\u0131ca, y\u00fcz anatomisinin \u00e7e\u015fitlili\u011fi g\u00f6z \u00f6n\u00fcnde bulunduruldu\u011funda - orbital kas\u0131lman\u0131n g\u00f6r\u00fcn\u00fcm\u00fc b\u00fcy\u00fck \u00f6l\u00e7\u00fcde a\u015fa\u011f\u0131daki gibi fakt\u00f6rlere ba\u011fl\u0131d\u0131r:<\/div><div>\u00a0<\/div><ul><li style=\"list-style-type: none;\"><ul><li>orbicularis oculi'nin \u015fekli ve boyutu<\/li><li>zygomaticus major'un \u015fekli, kal\u0131nl\u0131\u011f\u0131, uzunlu\u011fu ve y\u00f6n\u00fc<\/li><li>orbicularis oculi, zygomaticus major ve di\u011fer \u00e7evre kaslar aras\u0131ndaki uzamsal ili\u015fki<\/li><li>y\u00fczdeki ya\u011f i\u00e7eri\u011fi ve da\u011f\u0131l\u0131m\u0131<\/li><li>dinamik k\u0131r\u0131\u015f\u0131kl\u0131k varl\u0131\u011f\u0131<\/li><li>ya\u015f<\/li><li>orbital b\u00f6lgeye m\u00fcdahale eden ek kaslar\u0131n varl\u0131\u011f\u0131<\/li><\/ul><\/li><\/ul><figure id=\"attachment_4690\" aria-describedby=\"caption-attachment-4690\" style=\"width: 1342px\" class=\"wp-caption alignnone\"><img loading=\"lazy\" decoding=\"async\" data-recalc-dims=\"1\" class=\"wp-image-4690 size-full\" src=\"https:\/\/i0.wp.com\/melindaozel.com\/wp-content\/uploads\/2021\/06\/Screen-Shot-2021-06-09-at-3.21.00-PM-e1623266561417.png?resize=1200%2C468&#038;ssl=1\" alt=\"Melinda Ozel ileri anatomi ders serisi - orbicularis oculi ve zygomaticus major \u00f6rt\u00fc\u015fme \u00f6rnekleri - k\u0131salt\u0131lm\u0131\u015f\" width=\"1200\" height=\"468\" srcset=\"https:\/\/i0.wp.com\/melindaozel.com\/wp-content\/uploads\/2021\/06\/Screen-Shot-2021-06-09-at-3.21.00-PM-e1623266561417.png?w=1352&amp;ssl=1 1352w, https:\/\/i0.wp.com\/melindaozel.com\/wp-content\/uploads\/2021\/06\/Screen-Shot-2021-06-09-at-3.21.00-PM-e1623266561417.png?resize=300%2C117&amp;ssl=1 300w, https:\/\/i0.wp.com\/melindaozel.com\/wp-content\/uploads\/2021\/06\/Screen-Shot-2021-06-09-at-3.21.00-PM-e1623266561417.png?resize=1024%2C399&amp;ssl=1 1024w, https:\/\/i0.wp.com\/melindaozel.com\/wp-content\/uploads\/2021\/06\/Screen-Shot-2021-06-09-at-3.21.00-PM-e1623266561417.png?resize=768%2C299&amp;ssl=1 768w, https:\/\/i0.wp.com\/melindaozel.com\/wp-content\/uploads\/2021\/06\/Screen-Shot-2021-06-09-at-3.21.00-PM-e1623266561417.png?resize=16%2C6&amp;ssl=1 16w, https:\/\/i0.wp.com\/melindaozel.com\/wp-content\/uploads\/2021\/06\/Screen-Shot-2021-06-09-at-3.21.00-PM-e1623266561417.png?resize=1000%2C390&amp;ssl=1 1000w\" sizes=\"(max-width: 1200px) 100vw, 1200px\" \/><figcaption id=\"caption-attachment-4690\" class=\"wp-caption-text\">k\u0131salt\u0131lm\u0131\u015f slayt <span style=\"color: #8454b8;\"><a style=\"color: #8454b8;\" href=\"https:\/\/melindaozel.com\/services\/\" target=\"_blank\" rel=\"noopener\">farkli i\u0307fade ve anatomi\u0307 ders seri\u0307si\u0307<\/a><\/span> fotoger\u00e7ek\u00e7i karakterlere ve \u00e7e\u015fitli anatomilere odaklanan \u015firketlere y\u00f6neliktir<\/figcaption><\/figure><p>\u00a0<\/p><p>Baz\u0131 insanlarda orbicularis oculi ve zygomaticus major kaslar\u0131 \u00f6rt\u00fc\u015f\u00fcr; baz\u0131lar\u0131nda ise \u00f6rt\u00fc\u015fmez. Ayr\u0131ca, g\u00fcl\u00fcmsemeye dayal\u0131 g\u00f6z-a\u011f\u0131z etkile\u015fimlerini do\u011fal olarak etkileyen daha az bilinen kaslar da vard\u0131r:<\/p><div><ul><li style=\"list-style-type: none;\"><ul><li>medial malaris kas\u0131<\/li><li>orbitozigomatik kas<\/li><\/ul><\/li><\/ul><p>Bu kaslar, Avrupal\u0131lardaki tutars\u0131z varl\u0131klar\u0131 nedeniyle genellikle anatomi ders kitaplar\u0131ndan \u00e7\u0131kar\u0131l\u0131r; ayr\u0131ca y\u00fcz ifadelerine odaklanan duygu ara\u015ft\u0131rmalar\u0131nda da ele al\u0131nmazlar. <strong>Bu t\u00fcr ihmaller, Ekman temelli duygu ara\u015ft\u0131rmalar\u0131n\u0131n \u00f6nemli bir k\u0131sm\u0131nda b\u00fcy\u00fck bilgi bo\u015fluklar\u0131 ve beyaz Avrupa e\u011filimli bir \u00f6nyarg\u0131 b\u0131rakm\u0131\u015ft\u0131r. <\/strong>G\u00f6r\u00fcn\u00fc\u015fteki farkl\u0131l\u0131klar, alg\u0131lanabilirli\u011fi ve y\u00fcz kodlay\u0131c\u0131s\u0131n\u0131n g\u00fcvenilirli\u011fini etkiler, bu da spontan ve kas\u0131tl\u0131 g\u00fcl\u00fcmsemeler \u00fczerine yap\u0131lan say\u0131s\u0131z \u00e7al\u0131\u015fman\u0131n y\u00f6ntemlerini hatal\u0131 hale getirir ve yanl\u0131\u015f pozitif sonu\u00e7lara yol a\u00e7ar.<\/p><\/div><\/div><h2 style=\"text-align: center;\">Akademi, Teknoloji ve E\u011flence Alan\u0131ndaki Etkileri<\/h2><p><span style=\"font-size: 1rem;\">Bu karma\u015f\u0131kl\u0131klar akademik ara\u015ft\u0131rmalar, teknoloji ve e\u011flence i\u00e7in kritik hususlard\u0131r. Akademide, davran\u0131\u015flar\u0131m\u0131z hakk\u0131nda daha derin bilgiler edinmeye \u00e7al\u0131\u015f\u0131yoruz. Teknolojide, duygular\u0131m\u0131z\u0131 tan\u0131mak ve s\u0131n\u0131fland\u0131rmak i\u00e7in makineleri e\u011fitmeye \u00e7al\u0131\u015f\u0131yoruz. E\u011flence sekt\u00f6r\u00fcnde ise hareketlerimizi ve \u00f6zelliklerimizi en ince ayr\u0131nt\u0131s\u0131na kadar yeniden yaratmaya \u00e7al\u0131\u015f\u0131yoruz. <\/span><span style=\"color: var( --e-global-color-text ); font-size: 1rem;\"><b>Ancak karar vericiler heterojen bak\u0131\u015f a\u00e7\u0131lar\u0131na direnirken ve y\u0131pranm\u0131\u015f bir anlay\u0131\u015f temeline tutunurken ger\u00e7ekten ilerleme kaydedebilir miyiz?<\/b><\/span><\/p><p><span style=\"font-size: 1rem;\">En yayg\u0131n olarak tan\u0131nan ve anatomik olarak par\u00e7alara ayr\u0131lmas\u0131 tart\u0131\u015fmas\u0131z en basit duygu olan sevin\u00e7 g\u00fcl\u00fcmsemelerini kavramak bizim i\u00e7in bu kadar zorsa, daha karma\u015f\u0131k ve daha az kolay tan\u0131nan duygular i\u00e7in bol miktarda kaosu hayal edin. <\/span><\/p><h2 style=\"text-align: center;\">\u00d6nerilen Okumalar ve Perspektifler<\/h2><ul><li style=\"list-style-type: none;\"><ul><li><span style=\"color: #8454b8;\"><a style=\"color: #8454b8;\" href=\"https:\/\/www.researchgate.net\/publication\/341280748_Reconsidering_the_Duchenne_Smile_Examining_the_Relationships_between_the_Duchenne_Marker_Smile_Intensity_and_Positive_Emotion\" target=\"_blank\" rel=\"noopener\">Duchenne G\u00fcl\u00fcmsemesini Yeniden D\u00fc\u015f\u00fcnmek: Duchenne \u0130\u015faret\u00e7isi, G\u00fcl\u00fcmseme Yo\u011funlu\u011fu ve Pozitif Duygu Aras\u0131ndaki \u0130li\u015fkilerin \u0130ncelenmesi<\/a><\/span><\/li><li><a href=\"https:\/\/www.nature.com\/articles\/d41586-020-00507-5\" target=\"_blank\" rel=\"noopener\"><span style=\"color: #8454b8;\">Y\u00fczler Duygular Hakk\u0131nda Neden Her Zaman Do\u011fruyu S\u00f6ylemez?<\/span><\/a><\/li><li><span style=\"color: #8454b8;\"><a style=\"color: #8454b8;\" href=\"https:\/\/www.theatlantic.com\/health\/archive\/2015\/02\/hard-feelings-sciences-struggle-to-define-emotions\/385711\/\" target=\"_blank\" rel=\"noopener\">Sert Duygular: Bilimin Duygular\u0131 Tan\u0131mlama M\u00fccadelesi<\/a><\/span><\/li><li><span style=\"color: #8454b8;\"><a style=\"color: #8454b8;\" href=\"https:\/\/www.theatlantic.com\/technology\/archive\/2021\/04\/artificial-intelligence-misreading-human-emotion\/618696\/\" target=\"_blank\" rel=\"noopener\">Yapay Zeka \u0130nsan Duygular\u0131n\u0131 Yanl\u0131\u015f Okuyor<\/a><\/span><\/li><li><span style=\"color: #8454b8;\"><a style=\"color: #8454b8;\" href=\"https:\/\/web.uvic.ca\/~dbub\/Cognition_Action\/SpecialTopicsEssays_files\/How%20Language%20Shapes%20Thought.pdf\" target=\"_blank\" rel=\"noopener\">Dil D\u00fc\u015f\u00fcnceyi Nas\u0131l \u015eekillendirir?<\/a><\/span><\/li><li><span style=\"color: #8454b8;\"><a style=\"color: #8454b8;\" href=\"https:\/\/papers.ssrn.com\/sol3\/papers.cfm?abstract_id=3281765\" target=\"_blank\" rel=\"noopener\">Otomatikle\u015ftirilmi\u015f Duygu Alg\u0131lar\u0131 \u00dczerinde Irksal Etki<\/a><\/span><\/li><li><a style=\"color: #8454b8;\" href=\"https:\/\/melindaozel.com\/bias-in-emotion-tracking\/\" target=\"_blank\" rel=\"noopener\">Duygu Takibinde \u00d6nyarg\u0131<\/a><\/li><\/ul><\/li><\/ul>\t\t\t\t\t\t\t\t<\/div>\n\t\t\t\t\t<\/div>\n\t\t<\/div>\n\t\t\t\t\t<\/div>\n\t\t<\/section>\n\t\t\t\t<section class=\"elementor-section elementor-top-section elementor-element elementor-element-e67b1cd elementor-section-boxed elementor-section-height-default elementor-section-height-default\" data-id=\"e67b1cd\" data-element_type=\"section\" data-e-type=\"section\">\n\t\t\t\t\t\t<div class=\"elementor-container elementor-column-gap-default\">\n\t\t\t\t\t<div class=\"elementor-column elementor-col-100 elementor-top-column elementor-element elementor-element-c33b96c\" data-id=\"c33b96c\" data-element_type=\"column\" data-e-type=\"column\">\n\t\t\t<div class=\"elementor-widget-wrap elementor-element-populated\">\n\t\t\t\t\t\t<div class=\"elementor-element elementor-element-8395b74 elementor-widget elementor-widget-spacer\" data-id=\"8395b74\" data-element_type=\"widget\" data-e-type=\"widget\" data-widget_type=\"spacer.default\">\n\t\t\t\t\t\t\t<div class=\"elementor-spacer\">\n\t\t\t<div class=\"elementor-spacer-inner\"><\/div>\n\t\t<\/div>\n\t\t\t\t\t\t<\/div>\n\t\t\t\t\t<\/div>\n\t\t<\/div>\n\t\t\t\t\t<\/div>\n\t\t<\/section>\n\t\t\t\t<section class=\"elementor-section elementor-top-section elementor-element elementor-element-8926f86 elementor-section-boxed elementor-section-height-default elementor-section-height-default\" data-id=\"8926f86\" data-element_type=\"section\" data-e-type=\"section\">\n\t\t\t\t\t\t<div class=\"elementor-container elementor-column-gap-default\">\n\t\t\t\t\t<div class=\"elementor-column elementor-col-50 elementor-top-column elementor-element elementor-element-99af855\" data-id=\"99af855\" data-element_type=\"column\" data-e-type=\"column\">\n\t\t\t<div class=\"elementor-widget-wrap elementor-element-populated\">\n\t\t\t\t\t\t<div class=\"elementor-element elementor-element-51cb950 elementor-view-default elementor-widget elementor-widget-icon\" data-id=\"51cb950\" data-element_type=\"widget\" data-e-type=\"widget\" data-widget_type=\"icon.default\">\n\t\t\t\t\t\t\t<div class=\"elementor-icon-wrapper\">\n\t\t\t<div class=\"elementor-icon\">\n\t\t\t<svg aria-hidden=\"true\" class=\"e-font-icon-svg e-far-lightbulb\" viewbox=\"0 0 352 512\" xmlns=\"http:\/\/www.w3.org\/2000\/svg\"><path d=\"M176 80c-52.94 0-96 43.06-96 96 0 8.84 7.16 16 16 16s16-7.16 16-16c0-35.3 28.72-64 64-64 8.84 0 16-7.16 16-16s-7.16-16-16-16zM96.06 459.17c0 3.15.93 6.22 2.68 8.84l24.51 36.84c2.97 4.46 7.97 7.14 13.32 7.14h78.85c5.36 0 10.36-2.68 13.32-7.14l24.51-36.84c1.74-2.62 2.67-5.7 2.68-8.84l.05-43.18H96.02l.04 43.18zM176 0C73.72 0 0 82.97 0 176c0 44.37 16.45 84.85 43.56 115.78 16.64 18.99 42.74 58.8 52.42 92.16v.06h48v-.12c-.01-4.77-.72-9.51-2.15-14.07-5.59-17.81-22.82-64.77-62.17-109.67-20.54-23.43-31.52-53.15-31.61-84.14-.2-73.64 59.67-128 127.95-128 70.58 0 128 57.42 128 128 0 30.97-11.24 60.85-31.65 84.14-39.11 44.61-56.42 91.47-62.1 109.46a47.507 47.507 0 0 0-2.22 14.3v.1h48v-.05c9.68-33.37 35.78-73.18 52.42-92.16C335.55 260.85 352 220.37 352 176 352 78.8 273.2 0 176 0z\"><\/path><\/svg>\t\t\t<\/div>\n\t\t<\/div>\n\t\t\t\t\t\t<\/div>\n\t\t\t\t\t<\/div>\n\t\t<\/div>\n\t\t\t\t<div class=\"elementor-column elementor-col-50 elementor-top-column elementor-element elementor-element-87ba452\" data-id=\"87ba452\" data-element_type=\"column\" data-e-type=\"column\">\n\t\t\t<div class=\"elementor-widget-wrap elementor-element-populated\">\n\t\t\t\t\t\t<div class=\"elementor-element elementor-element-afd82a9 elementor-widget elementor-widget-text-editor\" data-id=\"afd82a9\" data-element_type=\"widget\" data-e-type=\"widget\" data-widget_type=\"text-editor.default\">\n\t\t\t\t\t\t\t\t\t<p><span style=\"font-family: Montserrat, sans-serif; text-decoration-line: underline;\">CEVAP<\/span><span style=\"font-family: Montserrat, sans-serif;\">:\u00a0<\/span><strong style=\"font-family: Montserrat, sans-serif;\">SOLDAKI RESIM SPONTANE, HISSEDILEN, POZ VERILMEMI\u015e BIR G\u00dcL\u00dcMSEMEDIR.<\/strong><\/p>\t\t\t\t\t\t\t\t<\/div>\n\t\t\t\t\t<\/div>\n\t\t<\/div>\n\t\t\t\t\t<\/div>\n\t\t<\/section>\n\t\t\t\t<\/div>","protected":false},"excerpt":{"rendered":"<p>G\u00fcl\u00fcmsemenin ger\u00e7ekli\u011fini ger\u00e7ekten \u00f6l\u00e7ebilir miyiz? Duygu ifadeleri hakk\u0131nda yapt\u0131\u011f\u0131m\u0131z yayg\u0131n varsay\u0131mlar\u0131n bir ara\u015ft\u0131rmas\u0131.<\/p>","protected":false},"author":60486633,"featured_media":3842,"comment_status":"closed","ping_status":"open","sticky":false,"template":"","format":"standard","meta":{"_jetpack_memberships_contains_paid_content":false,"footnotes":""},"categories":[676756913,676756994,676757045,676757036,676756997,676757037,676756991,676756915,676756914,676757008,676757047,676756993],"tags":[676757217,676757218],"class_list":["post-3839","post","type-post","status-publish","format-standard","has-post-thumbnail","hentry","category-action-units","category-ar-vr","category-au12","category-au6","category-behavior","category-cheek-raiser","category-anatomy","category-facial-expressions","category-muscles","category-free","category-lip-corner-puller","category-tech","tag-duchenne-smile","tag-universal-emotions","generate-columns","tablet-grid-50","mobile-grid-100","grid-parent","grid-50"],"yoast_head":"<!-- This site is optimized with the Yoast SEO Premium plugin v27.5 (Yoast SEO v27.5) - https:\/\/yoast.com\/product\/yoast-seo-premium-wordpress\/ -->\n<title>&quot;It&#039;s All in the Eyes&quot; and Other Lies | Flaws in Emotion Research<\/title>\n<meta name=\"description\" content=\"Can we really measure smile authenticity? Are Duchenne displays as reliable as once thought? Exploring gaps in emotion &amp; expression research.\" \/>\n<meta name=\"robots\" content=\"index, follow, max-snippet:-1, max-image-preview:large, max-video-preview:-1\" \/>\n<link rel=\"canonical\" href=\"https:\/\/melindaozel.com\/tr\/its-all-in-the-eyes-and-other-lies\/\" \/>\n<meta property=\"og:locale\" content=\"tr_TR\" \/>\n<meta property=\"og:type\" content=\"article\" \/>\n<meta property=\"og:title\" content=\"&quot;It&#039;s All In the Eyes&quot; And Other Lies | Flaws In Emotion Research\" \/>\n<meta property=\"og:description\" content=\"Can we really measure smile authenticity? Are Duchenne displays as credible as once thought? Exploring gaps in emotion &amp; expression research.\" \/>\n<meta property=\"og:url\" content=\"https:\/\/melindaozel.com\/tr\/its-all-in-the-eyes-and-other-lies\/\" \/>\n<meta property=\"og:site_name\" content=\"Face the FACS | Facial Expressions in Animation, AI, &amp; Behavior\" \/>\n<meta property=\"article:publisher\" content=\"https:\/\/facebook.com\/facetheFACS\/\" \/>\n<meta property=\"article:author\" content=\"https:\/\/facebook.com\/facetheFACS\/\" \/>\n<meta property=\"article:published_time\" content=\"2021-06-09T23:31:33+00:00\" \/>\n<meta property=\"article:modified_time\" content=\"2025-10-28T23:16:21+00:00\" \/>\n<meta property=\"og:image\" content=\"https:\/\/melindaozel.com\/wp-content\/uploads\/2021\/02\/Screen-Shot-2021-02-04-at-10.42.01-AM-e1623607970232.png\" \/>\n\t<meta property=\"og:image:width\" content=\"986\" \/>\n\t<meta property=\"og:image:height\" content=\"866\" \/>\n\t<meta property=\"og:image:type\" content=\"image\/png\" \/>\n<meta name=\"author\" content=\"Melinda Ozel\" \/>\n<meta name=\"twitter:card\" content=\"summary_large_image\" \/>\n<meta name=\"twitter:title\" content=\"&quot;It&#039;s All In the Eyes&quot; and Other Lies: A Critique On Contemporary Emotion Research\" \/>\n<meta name=\"twitter:creator\" content=\"@melindaozel\" \/>\n<meta name=\"twitter:site\" content=\"@melindaozel\" \/>\n<meta name=\"twitter:label1\" content=\"Yazan:\" \/>\n\t<meta name=\"twitter:data1\" content=\"Melinda Ozel\" \/>\n\t<meta name=\"twitter:label2\" content=\"Tahmini okuma s\u00fcresi\" \/>\n\t<meta name=\"twitter:data2\" content=\"8 dakika\" \/>\n<script type=\"application\/ld+json\" class=\"yoast-schema-graph\">{\"@context\":\"https:\\\/\\\/schema.org\",\"@graph\":[{\"@type\":\"Article\",\"@id\":\"https:\\\/\\\/melindaozel.com\\\/its-all-in-the-eyes-and-other-lies\\\/#article\",\"isPartOf\":{\"@id\":\"https:\\\/\\\/melindaozel.com\\\/its-all-in-the-eyes-and-other-lies\\\/\"},\"author\":{\"name\":\"Melinda Ozel\",\"@id\":\"https:\\\/\\\/melindaozel.com\\\/zh\\\/#\\\/schema\\\/person\\\/81c6262e1bfca3c71960db5aee204e3f\"},\"headline\":\"&#8220;It&#8217;s All In the Eyes&#8221; and Other Lies: A Critique On Contemporary Emotion Research\",\"datePublished\":\"2021-06-09T23:31:33+00:00\",\"dateModified\":\"2025-10-28T23:16:21+00:00\",\"mainEntityOfPage\":{\"@id\":\"https:\\\/\\\/melindaozel.com\\\/its-all-in-the-eyes-and-other-lies\\\/\"},\"wordCount\":1539,\"publisher\":{\"@id\":\"https:\\\/\\\/melindaozel.com\\\/zh\\\/#\\\/schema\\\/person\\\/81c6262e1bfca3c71960db5aee204e3f\"},\"image\":{\"@id\":\"https:\\\/\\\/melindaozel.com\\\/its-all-in-the-eyes-and-other-lies\\\/#primaryimage\"},\"thumbnailUrl\":\"https:\\\/\\\/i0.wp.com\\\/melindaozel.com\\\/wp-content\\\/uploads\\\/2021\\\/02\\\/Screen-Shot-2021-02-04-at-10.42.01-AM-e1623607970232.png?fit=986%2C866&ssl=1\",\"keywords\":[\"Duchenne Smile\",\"Universal Emotions\"],\"articleSection\":[\"action units (FACS AUs)\",\"AR\\\/VR\",\"AU12\",\"AU6\",\"behavior\",\"cheek raiser\",\"facial anatomy\",\"facial expressions\",\"facial muscles\",\"free content\",\"lip corner puller\",\"tech\"],\"inLanguage\":\"tr\"},{\"@type\":\"WebPage\",\"@id\":\"https:\\\/\\\/melindaozel.com\\\/its-all-in-the-eyes-and-other-lies\\\/\",\"url\":\"https:\\\/\\\/melindaozel.com\\\/its-all-in-the-eyes-and-other-lies\\\/\",\"name\":\"\\\"It's All in the Eyes\\\" and Other Lies | Flaws in Emotion Research\",\"isPartOf\":{\"@id\":\"https:\\\/\\\/melindaozel.com\\\/zh\\\/#website\"},\"primaryImageOfPage\":{\"@id\":\"https:\\\/\\\/melindaozel.com\\\/its-all-in-the-eyes-and-other-lies\\\/#primaryimage\"},\"image\":{\"@id\":\"https:\\\/\\\/melindaozel.com\\\/its-all-in-the-eyes-and-other-lies\\\/#primaryimage\"},\"thumbnailUrl\":\"https:\\\/\\\/i0.wp.com\\\/melindaozel.com\\\/wp-content\\\/uploads\\\/2021\\\/02\\\/Screen-Shot-2021-02-04-at-10.42.01-AM-e1623607970232.png?fit=986%2C866&ssl=1\",\"datePublished\":\"2021-06-09T23:31:33+00:00\",\"dateModified\":\"2025-10-28T23:16:21+00:00\",\"description\":\"Can we really measure smile authenticity? Are Duchenne displays as reliable as once thought? Exploring gaps in emotion & expression research.\",\"breadcrumb\":{\"@id\":\"https:\\\/\\\/melindaozel.com\\\/its-all-in-the-eyes-and-other-lies\\\/#breadcrumb\"},\"inLanguage\":\"tr\",\"potentialAction\":[{\"@type\":\"ReadAction\",\"target\":[\"https:\\\/\\\/melindaozel.com\\\/its-all-in-the-eyes-and-other-lies\\\/\"]}]},{\"@type\":\"ImageObject\",\"inLanguage\":\"tr\",\"@id\":\"https:\\\/\\\/melindaozel.com\\\/its-all-in-the-eyes-and-other-lies\\\/#primaryimage\",\"url\":\"https:\\\/\\\/i0.wp.com\\\/melindaozel.com\\\/wp-content\\\/uploads\\\/2021\\\/02\\\/Screen-Shot-2021-02-04-at-10.42.01-AM-e1623607970232.png?fit=986%2C866&ssl=1\",\"contentUrl\":\"https:\\\/\\\/i0.wp.com\\\/melindaozel.com\\\/wp-content\\\/uploads\\\/2021\\\/02\\\/Screen-Shot-2021-02-04-at-10.42.01-AM-e1623607970232.png?fit=986%2C866&ssl=1\",\"width\":986,\"height\":866,\"caption\":\"felt and unfelt smile poll - authentic - genuine - inauthentic\"},{\"@type\":\"BreadcrumbList\",\"@id\":\"https:\\\/\\\/melindaozel.com\\\/its-all-in-the-eyes-and-other-lies\\\/#breadcrumb\",\"itemListElement\":[{\"@type\":\"ListItem\",\"position\":1,\"name\":\"Home\",\"item\":\"https:\\\/\\\/melindaozel.com\\\/\"},{\"@type\":\"ListItem\",\"position\":2,\"name\":\"&#8220;It&#8217;s All In the Eyes&#8221; and Other Lies: A Critique On Contemporary Emotion Research\"}]},{\"@type\":\"WebSite\",\"@id\":\"https:\\\/\\\/melindaozel.com\\\/zh\\\/#website\",\"url\":\"https:\\\/\\\/melindaozel.com\\\/zh\\\/\",\"name\":\"Face the FACS\",\"description\":\"Facial Expressions in Art, Science, &amp; Technology\",\"publisher\":{\"@id\":\"https:\\\/\\\/melindaozel.com\\\/zh\\\/#\\\/schema\\\/person\\\/81c6262e1bfca3c71960db5aee204e3f\"},\"potentialAction\":[{\"@type\":\"SearchAction\",\"target\":{\"@type\":\"EntryPoint\",\"urlTemplate\":\"https:\\\/\\\/melindaozel.com\\\/zh\\\/?s={search_term_string}\"},\"query-input\":{\"@type\":\"PropertyValueSpecification\",\"valueRequired\":true,\"valueName\":\"search_term_string\"}}],\"inLanguage\":\"tr\"},{\"@type\":[\"Person\",\"Organization\"],\"@id\":\"https:\\\/\\\/melindaozel.com\\\/zh\\\/#\\\/schema\\\/person\\\/81c6262e1bfca3c71960db5aee204e3f\",\"name\":\"Melinda Ozel\",\"image\":{\"@type\":\"ImageObject\",\"inLanguage\":\"tr\",\"@id\":\"https:\\\/\\\/i0.wp.com\\\/melindaozel.com\\\/wp-content\\\/uploads\\\/2025\\\/02\\\/face-the-FACS-eye-mouth-logo-pixel.webp?fit=225%2C225&ssl=1\",\"url\":\"https:\\\/\\\/i0.wp.com\\\/melindaozel.com\\\/wp-content\\\/uploads\\\/2025\\\/02\\\/face-the-FACS-eye-mouth-logo-pixel.webp?fit=225%2C225&ssl=1\",\"contentUrl\":\"https:\\\/\\\/i0.wp.com\\\/melindaozel.com\\\/wp-content\\\/uploads\\\/2025\\\/02\\\/face-the-FACS-eye-mouth-logo-pixel.webp?fit=225%2C225&ssl=1\",\"width\":225,\"height\":225,\"caption\":\"Melinda Ozel\"},\"logo\":{\"@id\":\"https:\\\/\\\/i0.wp.com\\\/melindaozel.com\\\/wp-content\\\/uploads\\\/2025\\\/02\\\/face-the-FACS-eye-mouth-logo-pixel.webp?fit=225%2C225&ssl=1\"},\"sameAs\":[\"https:\\\/\\\/melindaozel.com\",\"https:\\\/\\\/facebook.com\\\/facetheFACS\\\/\",\"https:\\\/\\\/instagram.com\\\/manicexpression\",\"https:\\\/\\\/linkedin.com\\\/in\\\/melindaozel\",\"https:\\\/\\\/pinterest.com\\\/melindaozel\\\/\",\"https:\\\/\\\/x.com\\\/melindaozel\",\"https:\\\/\\\/youtube.com\\\/@facetheFACS\"],\"knowsAbout\":[\"Facial Action Coding System (FACS)\",\"Facial Expression Tracking\",\"Facial Anatomy\",\"Facial Animation\",\"Digital Humans\",\"Audio-to-Expression\",\"Audio-to-Face\",\"Visemes\",\"Lipsync\"],\"jobTitle\":\"Facial Systems Expert, Expression Scientist\",\"url\":\"https:\\\/\\\/melindaozel.com\\\/tr\\\/author\\\/melindaozel\\\/\",\"numberOfEmployees\":{\"@type\":\"QuantitativeValue\",\"minValue\":\"1\",\"maxValue\":\"10\"}}]}<\/script>\n<!-- \/ Yoast SEO Premium plugin. -->","yoast_head_json":{"title":"\"Her \u015eey G\u00f6zlerde\" ve Duygu Ara\u015ft\u0131rmalar\u0131ndaki Di\u011fer Yalanlar | Kusurlar","description":"G\u00fcl\u00fcmsemenin ger\u00e7ekli\u011fini ger\u00e7ekten \u00f6l\u00e7ebilir miyiz? Duchenne ekranlar\u0131 bir zamanlar d\u00fc\u015f\u00fcn\u00fcld\u00fc\u011f\u00fc kadar g\u00fcvenilir mi? Duygu ve ifade ara\u015ft\u0131rmalar\u0131ndaki bo\u015fluklar\u0131 ke\u015ffetmek.","robots":{"index":"index","follow":"follow","max-snippet":"max-snippet:-1","max-image-preview":"max-image-preview:large","max-video-preview":"max-video-preview:-1"},"canonical":"https:\/\/melindaozel.com\/tr\/its-all-in-the-eyes-and-other-lies\/","og_locale":"tr_TR","og_type":"article","og_title":"\"It's All In the Eyes\" And Other Lies | Flaws In Emotion Research","og_description":"Can we really measure smile authenticity? Are Duchenne displays as credible as once thought? Exploring gaps in emotion & expression research.","og_url":"https:\/\/melindaozel.com\/tr\/its-all-in-the-eyes-and-other-lies\/","og_site_name":"Face the FACS | Facial Expressions in Animation, AI, &amp; Behavior","article_publisher":"https:\/\/facebook.com\/facetheFACS\/","article_author":"https:\/\/facebook.com\/facetheFACS\/","article_published_time":"2021-06-09T23:31:33+00:00","article_modified_time":"2025-10-28T23:16:21+00:00","og_image":[{"width":986,"height":866,"url":"https:\/\/melindaozel.com\/wp-content\/uploads\/2021\/02\/Screen-Shot-2021-02-04-at-10.42.01-AM-e1623607970232.png","type":"image\/png"}],"author":"Melinda Ozel","twitter_card":"summary_large_image","twitter_title":"\"It's All In the Eyes\" and Other Lies: A Critique On Contemporary Emotion Research","twitter_creator":"@melindaozel","twitter_site":"@melindaozel","twitter_misc":{"Yazan:":"Melinda Ozel","Tahmini okuma s\u00fcresi":"8 dakika"},"schema":{"@context":"https:\/\/schema.org","@graph":[{"@type":"Article","@id":"https:\/\/melindaozel.com\/its-all-in-the-eyes-and-other-lies\/#article","isPartOf":{"@id":"https:\/\/melindaozel.com\/its-all-in-the-eyes-and-other-lies\/"},"author":{"name":"Melinda Ozel","@id":"https:\/\/melindaozel.com\/zh\/#\/schema\/person\/81c6262e1bfca3c71960db5aee204e3f"},"headline":"&#8220;It&#8217;s All In the Eyes&#8221; and Other Lies: A Critique On Contemporary Emotion Research","datePublished":"2021-06-09T23:31:33+00:00","dateModified":"2025-10-28T23:16:21+00:00","mainEntityOfPage":{"@id":"https:\/\/melindaozel.com\/its-all-in-the-eyes-and-other-lies\/"},"wordCount":1539,"publisher":{"@id":"https:\/\/melindaozel.com\/zh\/#\/schema\/person\/81c6262e1bfca3c71960db5aee204e3f"},"image":{"@id":"https:\/\/melindaozel.com\/its-all-in-the-eyes-and-other-lies\/#primaryimage"},"thumbnailUrl":"https:\/\/i0.wp.com\/melindaozel.com\/wp-content\/uploads\/2021\/02\/Screen-Shot-2021-02-04-at-10.42.01-AM-e1623607970232.png?fit=986%2C866&ssl=1","keywords":["Duchenne Smile","Universal Emotions"],"articleSection":["action units (FACS AUs)","AR\/VR","AU12","AU6","behavior","cheek raiser","facial anatomy","facial expressions","facial muscles","free content","lip corner puller","tech"],"inLanguage":"tr"},{"@type":"WebPage","@id":"https:\/\/melindaozel.com\/its-all-in-the-eyes-and-other-lies\/","url":"https:\/\/melindaozel.com\/its-all-in-the-eyes-and-other-lies\/","name":"\"Her \u015eey G\u00f6zlerde\" ve Duygu Ara\u015ft\u0131rmalar\u0131ndaki Di\u011fer Yalanlar | Kusurlar","isPartOf":{"@id":"https:\/\/melindaozel.com\/zh\/#website"},"primaryImageOfPage":{"@id":"https:\/\/melindaozel.com\/its-all-in-the-eyes-and-other-lies\/#primaryimage"},"image":{"@id":"https:\/\/melindaozel.com\/its-all-in-the-eyes-and-other-lies\/#primaryimage"},"thumbnailUrl":"https:\/\/i0.wp.com\/melindaozel.com\/wp-content\/uploads\/2021\/02\/Screen-Shot-2021-02-04-at-10.42.01-AM-e1623607970232.png?fit=986%2C866&ssl=1","datePublished":"2021-06-09T23:31:33+00:00","dateModified":"2025-10-28T23:16:21+00:00","description":"G\u00fcl\u00fcmsemenin ger\u00e7ekli\u011fini ger\u00e7ekten \u00f6l\u00e7ebilir miyiz? Duchenne ekranlar\u0131 bir zamanlar d\u00fc\u015f\u00fcn\u00fcld\u00fc\u011f\u00fc kadar g\u00fcvenilir mi? Duygu ve ifade ara\u015ft\u0131rmalar\u0131ndaki bo\u015fluklar\u0131 ke\u015ffetmek.","breadcrumb":{"@id":"https:\/\/melindaozel.com\/its-all-in-the-eyes-and-other-lies\/#breadcrumb"},"inLanguage":"tr","potentialAction":[{"@type":"ReadAction","target":["https:\/\/melindaozel.com\/its-all-in-the-eyes-and-other-lies\/"]}]},{"@type":"ImageObject","inLanguage":"tr","@id":"https:\/\/melindaozel.com\/its-all-in-the-eyes-and-other-lies\/#primaryimage","url":"https:\/\/i0.wp.com\/melindaozel.com\/wp-content\/uploads\/2021\/02\/Screen-Shot-2021-02-04-at-10.42.01-AM-e1623607970232.png?fit=986%2C866&ssl=1","contentUrl":"https:\/\/i0.wp.com\/melindaozel.com\/wp-content\/uploads\/2021\/02\/Screen-Shot-2021-02-04-at-10.42.01-AM-e1623607970232.png?fit=986%2C866&ssl=1","width":986,"height":866,"caption":"felt and unfelt smile poll - authentic - genuine - inauthentic"},{"@type":"BreadcrumbList","@id":"https:\/\/melindaozel.com\/its-all-in-the-eyes-and-other-lies\/#breadcrumb","itemListElement":[{"@type":"ListItem","position":1,"name":"Home","item":"https:\/\/melindaozel.com\/"},{"@type":"ListItem","position":2,"name":"&#8220;It&#8217;s All In the Eyes&#8221; and Other Lies: A Critique On Contemporary Emotion Research"}]},{"@type":"WebSite","@id":"https:\/\/melindaozel.com\/zh\/#website","url":"https:\/\/melindaozel.com\/zh\/","name":"FACS ile Y\u00fczle\u015fin","description":"Sanat, Bilim ve Teknolojide Y\u00fcz \u0130fadeleri","publisher":{"@id":"https:\/\/melindaozel.com\/zh\/#\/schema\/person\/81c6262e1bfca3c71960db5aee204e3f"},"potentialAction":[{"@type":"SearchAction","target":{"@type":"EntryPoint","urlTemplate":"https:\/\/melindaozel.com\/zh\/?s={search_term_string}"},"query-input":{"@type":"PropertyValueSpecification","valueRequired":true,"valueName":"search_term_string"}}],"inLanguage":"tr"},{"@type":["Person","Organization"],"@id":"https:\/\/melindaozel.com\/zh\/#\/schema\/person\/81c6262e1bfca3c71960db5aee204e3f","name":"Melinda Ozel","image":{"@type":"ImageObject","inLanguage":"tr","@id":"https:\/\/i0.wp.com\/melindaozel.com\/wp-content\/uploads\/2025\/02\/face-the-FACS-eye-mouth-logo-pixel.webp?fit=225%2C225&ssl=1","url":"https:\/\/i0.wp.com\/melindaozel.com\/wp-content\/uploads\/2025\/02\/face-the-FACS-eye-mouth-logo-pixel.webp?fit=225%2C225&ssl=1","contentUrl":"https:\/\/i0.wp.com\/melindaozel.com\/wp-content\/uploads\/2025\/02\/face-the-FACS-eye-mouth-logo-pixel.webp?fit=225%2C225&ssl=1","width":225,"height":225,"caption":"Melinda Ozel"},"logo":{"@id":"https:\/\/i0.wp.com\/melindaozel.com\/wp-content\/uploads\/2025\/02\/face-the-FACS-eye-mouth-logo-pixel.webp?fit=225%2C225&ssl=1"},"sameAs":["https:\/\/melindaozel.com","https:\/\/facebook.com\/facetheFACS\/","https:\/\/instagram.com\/manicexpression","https:\/\/linkedin.com\/in\/melindaozel","https:\/\/pinterest.com\/melindaozel\/","https:\/\/x.com\/melindaozel","https:\/\/youtube.com\/@facetheFACS"],"knowsAbout":["Facial Action Coding System (FACS)","Facial Expression Tracking","Facial Anatomy","Facial Animation","Digital Humans","Audio-to-Expression","Audio-to-Face","Visemes","Lipsync"],"jobTitle":"Facial Systems Expert, Expression Scientist","url":"https:\/\/melindaozel.com\/tr\/author\/melindaozel\/","numberOfEmployees":{"@type":"QuantitativeValue","minValue":"1","maxValue":"10"}}]}},"jetpack_featured_media_url":"https:\/\/i0.wp.com\/melindaozel.com\/wp-content\/uploads\/2021\/02\/Screen-Shot-2021-02-04-at-10.42.01-AM-e1623607970232.png?fit=986%2C866&ssl=1","jetpack_sharing_enabled":true,"_links":{"self":[{"href":"https:\/\/melindaozel.com\/tr\/wp-json\/wp\/v2\/posts\/3839","targetHints":{"allow":["GET"]}}],"collection":[{"href":"https:\/\/melindaozel.com\/tr\/wp-json\/wp\/v2\/posts"}],"about":[{"href":"https:\/\/melindaozel.com\/tr\/wp-json\/wp\/v2\/types\/post"}],"author":[{"embeddable":true,"href":"https:\/\/melindaozel.com\/tr\/wp-json\/wp\/v2\/users\/60486633"}],"replies":[{"embeddable":true,"href":"https:\/\/melindaozel.com\/tr\/wp-json\/wp\/v2\/comments?post=3839"}],"version-history":[{"count":100,"href":"https:\/\/melindaozel.com\/tr\/wp-json\/wp\/v2\/posts\/3839\/revisions"}],"predecessor-version":[{"id":13148,"href":"https:\/\/melindaozel.com\/tr\/wp-json\/wp\/v2\/posts\/3839\/revisions\/13148"}],"wp:featuredmedia":[{"embeddable":true,"href":"https:\/\/melindaozel.com\/tr\/wp-json\/wp\/v2\/media\/3842"}],"wp:attachment":[{"href":"https:\/\/melindaozel.com\/tr\/wp-json\/wp\/v2\/media?parent=3839"}],"wp:term":[{"taxonomy":"category","embeddable":true,"href":"https:\/\/melindaozel.com\/tr\/wp-json\/wp\/v2\/categories?post=3839"},{"taxonomy":"post_tag","embeddable":true,"href":"https:\/\/melindaozel.com\/tr\/wp-json\/wp\/v2\/tags?post=3839"}],"curies":[{"name":"wp","href":"https:\/\/api.w.org\/{rel}","templated":true}]}}