{"id":2439,"date":"2020-04-27T12:33:50","date_gmt":"2020-04-27T19:33:50","guid":{"rendered":"https:\/\/melindaozel.com\/?p=2439"},"modified":"2025-02-14T13:55:34","modified_gmt":"2025-02-14T18:55:34","slug":"mindful-design-everything-you-did-and-didnt-want-to-know-about-emoji","status":"publish","type":"post","link":"https:\/\/melindaozel.com\/tr\/mindful-design-everything-you-did-and-didnt-want-to-know-about-emoji\/","title":{"rendered":"Dikkatli Tasar\u0131m: Emoji Tasar\u0131m\u0131 Hakk\u0131nda Bilmek \u0130stedi\u011finiz ve \u0130stemedi\u011finiz Her \u015eey"},"content":{"rendered":"<p><img data-recalc-dims=\"1\" fetchpriority=\"high\" decoding=\"async\" class=\"wp-image-2440 aligncenter\" src=\"https:\/\/i0.wp.com\/melindaozel.com\/wp-content\/uploads\/2020\/04\/mindblownemoji.png?resize=449%2C258&#038;ssl=1\" alt=\"mindblownemoji\" width=\"449\" height=\"258\" srcset=\"https:\/\/i0.wp.com\/melindaozel.com\/wp-content\/uploads\/2020\/04\/mindblownemoji.png?w=755&amp;ssl=1 755w, https:\/\/i0.wp.com\/melindaozel.com\/wp-content\/uploads\/2020\/04\/mindblownemoji.png?resize=300%2C172&amp;ssl=1 300w\" sizes=\"(max-width: 449px) 100vw, 449px\" \/><\/p>\n<p>\u00a0<\/p>\n<p><span style=\"font-weight: 400;\">Bir \u00fcr\u00fcn tasarlarken, kendiniz i\u00e7in tasarlamad\u0131\u011f\u0131n\u0131z\u0131 hat\u0131rlaman\u0131z gerekir: Kullan\u0131c\u0131 i\u00e7in tasarl\u0131yorsunuz. \u00dcr\u00fcn tasar\u0131m\u0131 fedak\u00e2r bir sanat bi\u00e7imidir. Ki\u015fisel g\u00f6r\u00fc\u015fler, ego ve yarat\u0131c\u0131 lisans, kullan\u0131labilirlik ve i\u015flevden sonra gelir.\u00a0<\/span><\/p>\n<p><span style=\"font-weight: 400;\">Emoji, pek \u00e7ok ki\u015finin kulland\u0131\u011f\u0131 ancak \u00e7ok az ki\u015finin \u00fczerinde durup d\u00fc\u015f\u00fcnd\u00fc\u011f\u00fc bir \u00fcr\u00fcnd\u00fcr. Emoji tasar\u0131m\u0131nda tahmin edilenden \u00e7ok daha fazlas\u0131 s\u00f6z konusudur. Emojiler sadece e\u011flenceli k\u00fc\u00e7\u00fck resimler de\u011fildir; metni duygusal de\u011ferle zenginle\u015ftirmek, niyeti netle\u015ftirmek, kelimelerin yerini almak ve metin tabanl\u0131 ileti\u015fime s\u00f6zs\u00fcz bir par\u0131lt\u0131 katmak i\u00e7in kullan\u0131lan dil yard\u0131mc\u0131lar\u0131d\u0131r. Genel olarak tasar\u0131m zaten yeterince karma\u015f\u0131kt\u0131r, ancak \u015f\u00fcphesiz bir ileti\u015fim bi\u00e7imi olarak kullan\u0131lacak bir \u00fcr\u00fcn geli\u015ftiriyorsan\u0131z, riskler daha da artar.\u00a0<\/span><\/p>\n<p>\u00a0<\/p>\n<h2 style=\"text-align: center;\"><span style=\"font-weight: 400;\">Emoji Sat\u0131c\u0131 Tasar\u0131m\u0131<\/span><\/h2>\n<p><img data-recalc-dims=\"1\" decoding=\"async\" class=\"aligncenter wp-image-2441 size-medium\" src=\"https:\/\/i0.wp.com\/melindaozel.com\/wp-content\/uploads\/2020\/04\/emojivendor-4129451315-1588007710151.png?resize=300%2C56&#038;ssl=1\" alt=\"emoji sat\u0131c\u0131s\u0131 simgeleri: Apple, Facebook, Google, Microsoft, Twitter\" width=\"300\" height=\"56\" srcset=\"https:\/\/i0.wp.com\/melindaozel.com\/wp-content\/uploads\/2020\/04\/emojivendor-4129451315-1588007710151.png?resize=300%2C56&amp;ssl=1 300w, https:\/\/i0.wp.com\/melindaozel.com\/wp-content\/uploads\/2020\/04\/emojivendor-4129451315-1588007710151.png?resize=1024%2C190&amp;ssl=1 1024w, https:\/\/i0.wp.com\/melindaozel.com\/wp-content\/uploads\/2020\/04\/emojivendor-4129451315-1588007710151.png?resize=768%2C142&amp;ssl=1 768w, https:\/\/i0.wp.com\/melindaozel.com\/wp-content\/uploads\/2020\/04\/emojivendor-4129451315-1588007710151.png?w=1037&amp;ssl=1 1037w\" sizes=\"(max-width: 300px) 100vw, 300px\" \/><\/p>\n<p><span style=\"font-weight: 400;\"><br \/><a href=\"https:\/\/melindaozel.com\/melinda-who-zel\/\" target=\"_blank\" rel=\"noopener\">Y\u00fcz ifadeleri bilimi ve sanat\u0131 konusunda uzman\u0131m<\/a> ve b\u00fcy\u00fck teknoloji firmalar\u0131 i\u00e7in Emoji ifadesi konusunda dan\u0131\u015fmanl\u0131k yapt\u0131. (En son, <strong>Facebook'un yeni Care Reaction'\u0131 i\u00e7in tasar\u0131m ve animasyon konusunda yard\u0131mc\u0131 olmak \u00fczere s\u00f6zle\u015fme imzalad\u0131m.<\/strong>) <\/span><\/p>\n<p><span style=\"font-weight: 400;\">Emoji ifade tasar\u0131m\u0131 konusunda dan\u0131\u015fmanl\u0131k yapmak bana yayg\u0131n olarak kullan\u0131lan \u00fcr\u00fcnlerin tasar\u0131m\u0131nda dikkat edilmesi gereken hususlar hakk\u0131nda \u00e7ok \u015fey \u00f6\u011fretti. \u015eunlar gibi \u015feyler hakk\u0131nda d\u00fc\u015f\u00fcnmeniz gerekir:<\/span><\/p>\n<ul>\n<li><b>Okunabilirlik<\/b>\n<ul>\n<li><span style=\"font-weight: 400;\">Emojiler \u00e7ok k\u00fc\u00e7\u00fck oldu\u011fundan, okunabilirli\u011fi korumak i\u00e7in her tasar\u0131m basit ve net yap\u0131lmal\u0131d\u0131r.<\/span><\/li>\n<\/ul>\n<\/li>\n<li><b>Tutarl\u0131l\u0131k<\/b><span style=\"font-weight: 400;\">\u00a0<\/span>\n<ul>\n<li><span style=\"font-weight: 400;\">Bir emoji setinde, her tasar\u0131m\u0131n bir sonrakiyle tutarl\u0131 olmas\u0131 gerekir. Bu, g\u00f6zler, ka\u015flar ve a\u011f\u0131zlar gibi y\u00fcz \u00f6zellikleri i\u00e7in \u015fekillerin s\u0131n\u0131rl\u0131 ve de\u011fi\u015ftirilebilir olmas\u0131 gerekti\u011fi anlam\u0131na gelir. \u00c7izgi kal\u0131nl\u0131\u011f\u0131 ve renk paleti gibi di\u011fer fakt\u00f6rler de dikkate al\u0131nmal\u0131d\u0131r.<\/span><\/li>\n<\/ul>\n<\/li>\n<li><b>Marka B\u00fct\u00fcnl\u00fc\u011f\u00fc<\/b>\n<ul>\n<li><span style=\"font-weight: 400;\">Tasar\u0131m i\u00e7i tutarl\u0131l\u0131\u011fa ek olarak, t\u00fcm emoji setinin tasar\u0131m\u0131n\u0131n tedarik\u00e7ilerinin genel markas\u0131na uymas\u0131 gerekir - \u00f6rne\u011fin Apple'\u0131n markas\u0131 basit ve temizdir, bu nedenle Emoji tasar\u0131mlar\u0131n\u0131n da buna uymas\u0131 gerekir.\u00a0<\/span><\/li>\n<\/ul>\n<\/li>\n<li><b>\u0130leti\u015fim<\/b>\n<ul>\n<li><span style=\"font-weight: 400;\">Emoji, kullan\u0131c\u0131ya ama\u00e7lanan anlam\u0131 iletiyor mu?<\/span><\/li>\n<\/ul>\n<\/li>\n<li><b style=\"color: var(--color-text);\">Ve yakla\u015f\u0131k 10.000 di\u011fer stres fakt\u00f6r\u00fc<\/b><\/li>\n<\/ul>\n<p>T\u00fcm bu hususlar\u0131 hayal edin - ancak d\u00fc\u015f\u00fcnceleri iletmek ve karma\u015f\u0131k insan duygular\u0131n\u0131 g\u00f6zler i\u00e7in noktalar ve a\u011f\u0131z i\u00e7in bir \u00e7izgi olan 2D bir daireye \u00e7evirmek i\u00e7in kullan\u0131lan bir \u015fey yaratman\u0131n bask\u0131s\u0131yla birlikte!<\/p>\n<div id='gallery-1' class='gallery galleryid-2439 gallery-columns-3 gallery-size-thumbnail'><figure class='gallery-item'>\n\t\t\t<div class='gallery-icon landscape'>\n\t\t\t\t<a href='https:\/\/melindaozel.com\/tr\/mindful-design-everything-you-did-and-didnt-want-to-know-about-emoji\/img_8627\/#main'><img decoding=\"async\" width=\"150\" height=\"150\" src=\"https:\/\/i0.wp.com\/melindaozel.com\/wp-content\/uploads\/2020\/04\/IMG_8627.jpg?resize=150%2C150&amp;ssl=1\" class=\"attachment-thumbnail size-thumbnail\" alt=\"\" srcset=\"https:\/\/i0.wp.com\/melindaozel.com\/wp-content\/uploads\/2020\/04\/IMG_8627.jpg?resize=150%2C150&amp;ssl=1 150w, https:\/\/i0.wp.com\/melindaozel.com\/wp-content\/uploads\/2020\/04\/IMG_8627.jpg?zoom=2&amp;resize=150%2C150&amp;ssl=1 300w, https:\/\/i0.wp.com\/melindaozel.com\/wp-content\/uploads\/2020\/04\/IMG_8627.jpg?zoom=3&amp;resize=150%2C150&amp;ssl=1 450w\" sizes=\"(max-width: 150px) 100vw, 150px\" \/><\/a>\n\t\t\t<\/div><\/figure><figure class='gallery-item'>\n\t\t\t<div class='gallery-icon landscape'>\n\t\t\t\t<a href='https:\/\/melindaozel.com\/tr\/mindful-design-everything-you-did-and-didnt-want-to-know-about-emoji\/vom\/#main'><img loading=\"lazy\" decoding=\"async\" width=\"150\" height=\"150\" src=\"https:\/\/i0.wp.com\/melindaozel.com\/wp-content\/uploads\/2020\/04\/vom.png?resize=150%2C150&amp;ssl=1\" class=\"attachment-thumbnail size-thumbnail\" alt=\"\" srcset=\"https:\/\/i0.wp.com\/melindaozel.com\/wp-content\/uploads\/2020\/04\/vom.png?w=353&amp;ssl=1 353w, https:\/\/i0.wp.com\/melindaozel.com\/wp-content\/uploads\/2020\/04\/vom.png?resize=300%2C300&amp;ssl=1 300w, https:\/\/i0.wp.com\/melindaozel.com\/wp-content\/uploads\/2020\/04\/vom.png?resize=150%2C150&amp;ssl=1 150w\" sizes=\"(max-width: 150px) 100vw, 150px\" \/><\/a>\n\t\t\t<\/div><\/figure>\n\t\t<\/div>\n\n<p><span style=\"font-weight: 400;\">\u00a0<\/span><\/p>\n<p><span style=\"font-weight: 400;\">\u015eimdi d\u00fc\u015f\u00fcnmek zorundas\u0131n\u0131z:<\/span><\/p>\n<ul>\n<li><b>Stilizasyon ve Ger\u00e7ek\u00e7ilik<\/b>\n<ul>\n<li><span style=\"font-weight: 400;\">Emojiler insan ifadesini taklit etmek i\u00e7in yap\u0131ld\u0131\u011f\u0131ndan, her emoji ger\u00e7ek bir \u015feyin stilize edilmi\u015f bir temsilidir. Stilize tasar\u0131m yoluyla ger\u00e7ekli\u011fi temsil etmek kolay bir i\u015f de\u011fildir.<\/span><\/li>\n<\/ul>\n<\/li>\n<li><b>Sadeli\u011fin Terc\u00fcmesi<\/b>\n<ul>\n<li><span style=\"font-weight: 400;\">Bir ifadeyi karma\u015f\u0131k bir insan y\u00fcz\u00fcnden basit bir \u015fekil tasar\u0131m\u0131na d\u00f6n\u00fc\u015ft\u00fcrmek yarat\u0131c\u0131l\u0131k ve strateji gerektirir. Bu s\u00fcre\u00e7te kar\u015f\u0131n\u0131za \u00e7\u0131kacak pek \u00e7ok engel vard\u0131r. \u00d6rne\u011fin, i\u011frenme duygusu tipik olarak k\u0131r\u0131\u015fm\u0131\u015f bir burun veya kalk\u0131k bir \u00fcst dudak ile ifade edilir. Emojilerin burunlar\u0131 yoktur ve dudaklar\u0131 da kalk\u0131k bir \u00fcst duda\u011f\u0131n inceliklerini yans\u0131tamayacak kadar basittir. \u015eu anda sadece y\u00fcz ifadesiyle i\u011frenmeyi temsil eden bir emoji yoktur; bunun yerine bu emojiler genellikle \"kusmuk\" gibi ek aksesuarlarla desteklenir.<\/span><\/li>\n<\/ul>\n<\/li>\n<li><b>\u0130fadecilik<\/b>\n<ul>\n<li><span style=\"font-weight: 400;\"><span style=\"font-weight: 400;\">Karma\u015f\u0131k bir ifadeyi basit bir tasar\u0131ma d\u00f6n\u00fc\u015ft\u00fcrd\u00fckten sonra, ifadeyi korumak i\u00e7in g\u00f6r\u00fcn\u00fcm\u00fc g\u00fc\u00e7lendirmeniz gerekir.<\/span><\/span><\/li>\n<\/ul>\n<\/li>\n<\/ul>\n<h2>\u00a0<\/h2>\n<h2 style=\"text-align: center;\">Emojiler Nas\u0131l Yap\u0131l\u0131yor? \u0130\u00e7eriden Bir Bilgi<\/h2>\n<p>\u00a0<\/p>\n<p><img data-recalc-dims=\"1\" loading=\"lazy\" decoding=\"async\" class=\"wp-image-2444 aligncenter\" src=\"https:\/\/i0.wp.com\/melindaozel.com\/wp-content\/uploads\/2020\/04\/storksemojimade.png?resize=546%2C357&#038;ssl=1\" alt=\"leyleksemojimade\" width=\"546\" height=\"357\" srcset=\"https:\/\/i0.wp.com\/melindaozel.com\/wp-content\/uploads\/2020\/04\/storksemojimade.png?w=6022&amp;ssl=1 6022w, https:\/\/i0.wp.com\/melindaozel.com\/wp-content\/uploads\/2020\/04\/storksemojimade.png?resize=300%2C196&amp;ssl=1 300w, https:\/\/i0.wp.com\/melindaozel.com\/wp-content\/uploads\/2020\/04\/storksemojimade.png?resize=1024%2C671&amp;ssl=1 1024w, https:\/\/i0.wp.com\/melindaozel.com\/wp-content\/uploads\/2020\/04\/storksemojimade.png?resize=768%2C503&amp;ssl=1 768w, https:\/\/i0.wp.com\/melindaozel.com\/wp-content\/uploads\/2020\/04\/storksemojimade.png?resize=1536%2C1006&amp;ssl=1 1536w, https:\/\/i0.wp.com\/melindaozel.com\/wp-content\/uploads\/2020\/04\/storksemojimade.png?resize=2048%2C1341&amp;ssl=1 2048w, https:\/\/i0.wp.com\/melindaozel.com\/wp-content\/uploads\/2020\/04\/storksemojimade.png?resize=1088%2C713&amp;ssl=1 1088w, https:\/\/i0.wp.com\/melindaozel.com\/wp-content\/uploads\/2020\/04\/storksemojimade.png?w=2400&amp;ssl=1 2400w, https:\/\/i0.wp.com\/melindaozel.com\/wp-content\/uploads\/2020\/04\/storksemojimade.png?w=3600&amp;ssl=1 3600w\" sizes=\"(max-width: 546px) 100vw, 546px\" \/><\/p>\n<p><span style=\"font-weight: 400;\">Emojilerin resmiyet kazanmas\u0131 i\u00e7in her tasar\u0131m\u0131n (herkes taraf\u0131ndan sunulabilir) \u00f6ncelikle <\/span><span style=\"color: #503770;\"><a style=\"color: #503770;\" href=\"https:\/\/www.youtube.com\/watch?v=U8aZmwHw1Mk\" target=\"_blank\" rel=\"noopener\"><span style=\"font-weight: 400;\">taraf\u0131ndan onaylanm\u0131\u015ft\u0131r.<\/span><span style=\"font-weight: 400;\">nicode Emoji Alt Komitesi<\/span><\/a><\/span><span style=\"font-weight: 400;\">. Unicode \"<\/span><span style=\"color: #503770;\"><a style=\"color: #503770;\" href=\"https:\/\/en.wikipedia.org\/wiki\/Information_technology\" target=\"_blank\" rel=\"noopener\"><span style=\"font-weight: 400;\">D\u00fcnyadaki yaz\u0131 sistemlerinin \u00e7o\u011funda ifade edilen metnin tutarl\u0131 kodlanmas\u0131, temsili ve i\u015flenmesi i\u00e7in bir bilgi teknolojisi standard\u0131.<\/span><\/a><\/span><span style=\"font-weight: 400;\">\" Her ne kadar genel temsil ve anahtar terimler<\/span><span style=\"color: #503770;\"><a style=\"color: #503770;\" href=\"https:\/\/unicode.org\/emoji\/format.html#col-name\" target=\"_blank\" rel=\"noopener\"><span style=\"font-weight: 400;\"> \"CLDR k\u0131sa ad\u0131\"<\/span><\/a><\/span><span style=\"font-weight: 400;\">) onaylanan her emoji i\u00e7in standartla\u015ft\u0131r\u0131lm\u0131\u015ft\u0131r, \u00f6zel tasar\u0131m gereksinimleri \u00e7ok gev\u015fek ve d\u00fczenlenmemi\u015ftir. Bir emoji onayland\u0131ktan ve benzersiz kodu atand\u0131ktan sonra, Apple, Facebook, Google, Samsung ve Twitter gibi bireysel emoji sat\u0131c\u0131lar\u0131 her emoji temsilinin kendi stilize versiyonlar\u0131n\u0131 olu\u015fturur.<\/span><\/p>\n<p><span style=\"font-weight: 400;\">Her emoji i\u00e7in birden fazla sat\u0131c\u0131 tasar\u0131m\u0131yla ilgili ana sorun, platformlar aras\u0131 ileti\u015fim s\u0131ras\u0131nda ortaya \u00e7\u0131k\u0131yor. Bir iPhone kullan\u0131c\u0131s\u0131 bir Samsung kullan\u0131c\u0131s\u0131na mesaj g\u00f6nderirse, Samsung kullan\u0131c\u0131s\u0131 yaln\u0131zca Samsung emoji tasar\u0131m\u0131n\u0131 g\u00f6recektir ve bunun tersi de ge\u00e7erlidir. Samsung g\u00f6r\u00fcn\u00fcm\u00fcn\u00fc g\u00fcncellemeden \u00f6nce, Emoji tasar\u0131m se\u00e7imleri di\u011fer sat\u0131c\u0131 tasar\u0131mlar\u0131yla uyumsuzdu. Bu tutars\u0131zl\u0131k kullan\u0131c\u0131lar\u0131n kafas\u0131n\u0131n kar\u0131\u015fmas\u0131na neden oluyordu. <\/span><\/p>\n<p><strong>Eskiden bu, Samsung'un \"y\u00fcz\u00fcn\u00fc buru\u015fturan y\u00fcz\u00fc \"yd\u00fc:<\/strong><\/p>\n<p><img data-recalc-dims=\"1\" loading=\"lazy\" decoding=\"async\" class=\"alignnone size-full wp-image-2447\" src=\"https:\/\/i0.wp.com\/melindaozel.com\/wp-content\/uploads\/2020\/04\/unnamed-4-2-3826373132-1588008418710.png?resize=67%2C69&#038;ssl=1\" alt=\"samsung old grimace mean\" width=\"67\" height=\"69\" \/><\/p>\n<p><strong>Bu art\u0131k Samsung'un \"y\u00fcz\u00fcn\u00fc buru\u015fturan\" tasar\u0131m\u0131:\u00a0<\/strong><\/p>\n<p><span style=\"font-weight: 400;\"><img data-recalc-dims=\"1\" loading=\"lazy\" decoding=\"async\" class=\"alignnone size-full wp-image-2446\" src=\"https:\/\/i0.wp.com\/melindaozel.com\/wp-content\/uploads\/2020\/04\/unnamed-4-1-2098758582-1588008318796.png?resize=66%2C65&#038;ssl=1\" alt=\"g\u00fcncel samsung y\u00fcz buru\u015fturma\" width=\"66\" height=\"65\" \/><br \/><\/span><\/p>\n<p><strong>Bu da herkesin tasar\u0131mlar\u0131n\u0131n yer ald\u0131\u011f\u0131 g\u00fcncel liste:<\/strong><\/p>\n<p><img data-recalc-dims=\"1\" loading=\"lazy\" decoding=\"async\" class=\"alignnone size-full wp-image-2448\" src=\"https:\/\/i0.wp.com\/melindaozel.com\/wp-content\/uploads\/2020\/04\/akkavebdrs.png?resize=1200%2C136&#038;ssl=1\" alt=\"akkavebdrs\" width=\"1200\" height=\"136\" srcset=\"https:\/\/i0.wp.com\/melindaozel.com\/wp-content\/uploads\/2020\/04\/akkavebdrs.png?w=2105&amp;ssl=1 2105w, https:\/\/i0.wp.com\/melindaozel.com\/wp-content\/uploads\/2020\/04\/akkavebdrs.png?resize=300%2C34&amp;ssl=1 300w, https:\/\/i0.wp.com\/melindaozel.com\/wp-content\/uploads\/2020\/04\/akkavebdrs.png?resize=1024%2C116&amp;ssl=1 1024w, https:\/\/i0.wp.com\/melindaozel.com\/wp-content\/uploads\/2020\/04\/akkavebdrs.png?resize=768%2C87&amp;ssl=1 768w, https:\/\/i0.wp.com\/melindaozel.com\/wp-content\/uploads\/2020\/04\/akkavebdrs.png?resize=1536%2C174&amp;ssl=1 1536w, https:\/\/i0.wp.com\/melindaozel.com\/wp-content\/uploads\/2020\/04\/akkavebdrs.png?resize=2048%2C232&amp;ssl=1 2048w, https:\/\/i0.wp.com\/melindaozel.com\/wp-content\/uploads\/2020\/04\/akkavebdrs.png?resize=1088%2C123&amp;ssl=1 1088w\" sizes=\"(max-width: 1200px) 100vw, 1200px\" \/><\/p>\n<p><span style=\"font-weight: 400;\">Bir iPhone kullan\u0131c\u0131s\u0131 \u015fakac\u0131 bir \u015fekilde Samsung arkada\u015f\u0131na \"y\u00fcz\u00fcn\u00fc buru\u015fturan surat\" g\u00f6nderdi\u011finde yanl\u0131\u015f yorumlama i\u00e7in sonsuz f\u0131rsatlar\u0131 d\u00fc\u015f\u00fcn\u00fcn. Samsung versiyonu \u00e7at\u0131k ka\u015flara, daralm\u0131\u015f g\u00f6zlere ve agresif bir a\u011fza sahip oldu\u011fundan, y\u00fcz buru\u015fturmas\u0131 d\u00fc\u015fmanca ve k\u0131zg\u0131n g\u00f6r\u00fcn\u00fcml\u00fcd\u00fcr. Apple versiyonu ise korkuya benzer a\u011f\u0131z \u015fekli ve rahat, a\u00e7\u0131k g\u00f6zleriyle n\u00f6tr bir \"oops\" veya \"yikes\" duygusu iletir.\u00a0<\/span><span style=\"font-weight: 400;\">Bu kadar etkili tasar\u0131m varyasyonlar\u0131 olmamal\u0131d\u0131r. Her g\u00fclen y\u00fcz i\u00e7in tasar\u0131m \u00f6zellikleri belirlenmelidir. Kullan\u0131c\u0131, sat\u0131c\u0131n\u0131n sanatsal kaprislerine maruz b\u0131rak\u0131lmamal\u0131d\u0131r. Dikkatli bir \u015fekilde tasar\u0131m yapmak ve di\u011fer sat\u0131c\u0131lar\u0131n ne yapt\u0131\u011f\u0131na dikkat etmek sat\u0131c\u0131n\u0131n sorumlulu\u011fundad\u0131r.\u00a0<\/span><\/p>\n<h2 style=\"text-align: center;\"><span style=\"font-weight: 400;\">Alt Komitenin Perde Arkas\u0131<\/span><\/h2>\n<p><span style=\"font-weight: 400;\">K\u0131sa bir s\u00fcre i\u00e7in Unicode Emoji Alt Komitesi'nin (ESC) bir \u00fcyesiydim ve FB'nin Emoji Ekibi'nin geri kalan\u0131yla birlikte Facebook'u temsil ediyordum. ESC'de ge\u00e7irdi\u011fim s\u00fcre boyunca, perde arkas\u0131 politikalar\u0131 hakk\u0131nda biraz bilgi edindim:<\/span><\/p>\n<ul>\n<li style=\"font-weight: 400;\"><span style=\"font-weight: 400;\">Bir emojiye CLDR k\u0131sa ad\u0131 atand\u0131ktan sonra geri d\u00f6n\u00fc\u015f\u00fc yoktur. Bir emojinin anlam\u0131 dilsel e\u011filimler ve evrim nedeniyle zaman i\u00e7inde de\u011fi\u015fse bile, orijinal CLDR k\u0131sa ad\u0131 ayn\u0131 kal\u0131r. Emojiler dilin bir par\u00e7as\u0131 olarak hareket ettiklerinden, ka\u00e7\u0131n\u0131lmaz olarak dille birlikte evrim ge\u00e7ireceklerdir.\u00a0<\/span><\/li>\n<li style=\"font-weight: 400;\"><span style=\"font-weight: 400;\">\u015eirket i\u00e7i tasar\u0131m tarzlar\u0131 konusunda tedarik\u00e7iler aras\u0131nda b\u00fcy\u00fck bir diren\u00e7 var. Apple en az i\u015fbirlik\u00e7i ve en ketum olan\u0131. Google ve Facebook ise i\u015fbirlik\u00e7i, kat\u0131l\u0131mc\u0131 ve ileti\u015fime a\u00e7\u0131k. Son birka\u00e7 y\u0131lda Google, di\u011fer tedarik\u00e7ilerle daha iyi uyum sa\u011flamak i\u00e7in emojilerini ger\u00e7ekten geli\u015ftirdi.<\/span><\/li>\n<li style=\"font-weight: 400;\"><span style=\"font-weight: 400;\">Apple, en az i\u015fbirli\u011fi yapan \u015firket olmas\u0131n\u0131n yan\u0131 s\u0131ra Emoji tasar\u0131m\u0131nda da en b\u00fcy\u00fck trend belirleyicidir. Apple stil konusunda bask\u0131nd\u0131r ve bir\u00e7ok emojinin tasarlanma \u015feklini \u00f6nemli \u00f6l\u00e7\u00fcde etkiler (\u00f6zellikle ilk Emoji setleri).<\/span>\n<ul>\n<li style=\"font-weight: 400;\"><span style=\"text-decoration: underline;\"><span style=\"font-weight: 400;\">NOT<\/span><\/span><span style=\"font-weight: 400;\">: Apple'\u0131n tasar\u0131m kalitesini hala seviyorum. Baz\u0131 a\u00e7\u0131lardan, stile hakim olmalar\u0131 iyi bir \u015fey - ancak i\u015fbirli\u011fi becerilerini geli\u015ftirmek i\u00e7in kesinlikle yerleri var.<\/span><\/li>\n<\/ul>\n<\/li>\n<li style=\"font-weight: 400;\"><span style=\"font-weight: 400;\">Unicode Konsorsiyumu i\u00e7inde ya\u015f, cinsiyet ve renk konusunda olduk\u00e7a b\u00fcy\u00fck bir yanl\u0131\u015f temsil s\u00f6z konusudur. <\/span><span style=\"color: #503770;\"><a style=\"color: #503770;\" href=\"https:\/\/home.unicode.org\/membership\/membership-levels\/\" target=\"_blank\" rel=\"noopener\"><span style=\"font-weight: 400;\">\u00dcyelik olduk\u00e7a a\u00e7\u0131k, bu nedenle bu yanl\u0131\u015f beyan Unicode'un hatas\u0131 olmak zorunda de\u011fil<\/span><\/a><\/span><span style=\"font-weight: 400;\">. <strong>Sevgili Emoji sat\u0131c\u0131lar\u0131:<\/strong> L\u00fctfen farkl\u0131 demografik gruplar\u0131n ESC gibi k\u00fcresel \u00f6l\u00e7ekte bizi etkileyen kararlar alan komitelere kat\u0131l\u0131m\u0131n\u0131 te\u015fvik ederek \u00e7e\u015fitlili\u011fin temsilini destekleyin.<br \/><\/span><\/li>\n<\/ul>\n<h2 style=\"text-align: center;\"><span style=\"font-weight: 400;\">CLDR'nin Sanc\u0131lar\u0131 Adland\u0131rma ve Dilin Evrimi<\/span><\/h2>\n<p><span style=\"font-weight: 400;\">Baz\u0131 yayg\u0131n emojilerin CLDR k\u0131sa adlar\u0131n\u0131 bilseydiniz, muhtemelen \u015fa\u015f\u0131r\u0131rd\u0131n\u0131z. Daha \u00f6nce de belirtildi\u011fi gibi, Emoji dil ile ayn\u0131 evrime tabidir; ayr\u0131ca genel n\u00fcfusun yeni (veya eski) emojileri nas\u0131l yorumlayaca\u011f\u0131n\u0131 ve kullanaca\u011f\u0131n\u0131 tahmin etmenin bir yolu yoktur. Bazen yeni emojileri kullan\u0131lmalar\u0131 ama\u00e7land\u0131\u011f\u0131 \u015fekilde kullan\u0131r\u0131z - bazen de pek kullanmay\u0131z. Bu bir kumar. <\/span><\/p>\n<p><span style=\"font-weight: 400;\">Emoji yorumu ve anlam\u0131 de\u011fi\u015fken oldu\u011fu i\u00e7in, CLDR k\u0131sa ad\u0131 sabitken, CLDR k\u0131sa ad\u0131 genellikle modas\u0131 ge\u00e7mi\u015f olur.\u00a0<\/span><\/p>\n<p><span style=\"font-weight: 400;\">G\u00fcncel olmayan veya yanl\u0131\u015f CLDR adlar\u0131na sahip dikkate de\u011fer birka\u00e7 emoji \u015funlard\u0131r:<\/span><\/p>\n<ul>\n<li style=\"font-weight: 400;\"><span style=\"font-weight: 400;\">\"somurtan surat\"<\/span><\/li>\n<li style=\"font-weight: 400;\"><span style=\"font-weight: 400;\">\"elini uzatan ki\u015fi\"<\/span><\/li>\n<\/ul>\n<h3>\u00a0<\/h3>\n<h3><span style=\"font-weight: 400;\">As\u0131k Surat<\/span><\/h3>\n<p><span style=\"font-weight: 400;\">K\u0131rm\u0131z\u0131, k\u0131zg\u0131n g\u00f6r\u00fcn\u00fcml\u00fc emojiye \"k\u0131zg\u0131n y\u00fcz\" de\u011fil \"somurtan y\u00fcz\" denir.<span style=\"color: #503770;\">\"<\/span><\/span><span style=\"color: #503770;\"><a style=\"color: #503770;\" href=\"https:\/\/emojipedia.org\/apple\/iphone-os-2.2\/pouting-face\/\" target=\"_blank\" rel=\"noopener\"><span style=\"font-weight: 400;\"> Apple'\u0131n orijinal tasar\u0131m\u0131<\/span><\/a><\/span><span style=\"font-weight: 400;\"> \"somurtan y\u00fcz\" i\u00e7in k\u0131rm\u0131z\u0131 renk kullan\u0131ld\u0131; \u00e7\u00fcnk\u00fc Apple trend belirleyicidir - \"k\u0131zg\u0131n y\u00fcz\" yerine \"somurtan y\u00fcz\" k\u0131rm\u0131z\u0131 y\u00fczd\u00fcr, \u00f6yle olmu\u015ftur ve muhtemelen \u00f6yle kalacakt\u0131r.\u00a0<\/span><\/p>\n<p><img data-recalc-dims=\"1\" loading=\"lazy\" decoding=\"async\" class=\"alignnone size-full wp-image-2449\" src=\"https:\/\/i0.wp.com\/melindaozel.com\/wp-content\/uploads\/2020\/04\/angrypoutyapple-2682991419-1588008628565.png?resize=1200%2C213&#038;ssl=1\" alt=\"k\u0131zg\u0131n ve somurtan y\u00fcz emojisi\" width=\"1200\" height=\"213\" srcset=\"https:\/\/i0.wp.com\/melindaozel.com\/wp-content\/uploads\/2020\/04\/angrypoutyapple-2682991419-1588008628565.png?w=2170&amp;ssl=1 2170w, https:\/\/i0.wp.com\/melindaozel.com\/wp-content\/uploads\/2020\/04\/angrypoutyapple-2682991419-1588008628565.png?resize=300%2C53&amp;ssl=1 300w, https:\/\/i0.wp.com\/melindaozel.com\/wp-content\/uploads\/2020\/04\/angrypoutyapple-2682991419-1588008628565.png?resize=1024%2C182&amp;ssl=1 1024w, https:\/\/i0.wp.com\/melindaozel.com\/wp-content\/uploads\/2020\/04\/angrypoutyapple-2682991419-1588008628565.png?resize=768%2C137&amp;ssl=1 768w, https:\/\/i0.wp.com\/melindaozel.com\/wp-content\/uploads\/2020\/04\/angrypoutyapple-2682991419-1588008628565.png?resize=1536%2C273&amp;ssl=1 1536w, https:\/\/i0.wp.com\/melindaozel.com\/wp-content\/uploads\/2020\/04\/angrypoutyapple-2682991419-1588008628565.png?resize=2048%2C364&amp;ssl=1 2048w, https:\/\/i0.wp.com\/melindaozel.com\/wp-content\/uploads\/2020\/04\/angrypoutyapple-2682991419-1588008628565.png?resize=1088%2C194&amp;ssl=1 1088w\" sizes=\"(max-width: 1200px) 100vw, 1200px\" \/><\/p>\n<p><span style=\"font-weight: 400;\">\"Somurtan surat\" i\u00e7in kullan\u0131lan CLDR ad\u0131 asl\u0131nda hi\u00e7bir anlam ifade etmese de, CLDR ad\u0131 hi\u00e7bir \u015fekilde bir engelleyici de\u011fildir. Neyse ki, cihazlar\u0131n\u0131zda emojileri tetikleyen kelimeler CLDR k\u0131sa adlar\u0131na ba\u011fl\u0131 de\u011fildir. Bir iPhone'da mesajla\u015f\u0131rken \"k\u0131zg\u0131n\" yazarsan\u0131z, \"somurtan surat\" g\u00f6r\u00fcnecektir. \u0130ronik bir \u015fekilde, \"surat asmak\", \"somurtmak\" veya \"somurtan surat\" yazarsan\u0131z, k\u0131rm\u0131z\u0131 suratl\u0131 emoji \u00f6nerilen bir se\u00e7enek olarak g\u00f6r\u00fcnmez.<\/span><\/p>\n<h3>\u00a0<\/h3>\n<h3><span style=\"font-weight: 400;\">Elini Uzatan Ki\u015fi<\/span><\/h3>\n<p><span style=\"font-weight: 400;\">CDLR k\u0131sa ad\u0131na sahip olan ve tekneyi tamamen ka\u00e7\u0131ran bir ba\u015fka emoji de - <\/span><span style=\"color: #503770;\"><a style=\"color: #503770;\" href=\"https:\/\/emojipedia.org\/person-tipping-hand\/\" target=\"_blank\" rel=\"noopener\"><span style=\"font-weight: 400;\">\"ki\u015fi devrilme eli.<\/span><\/a><\/span><span style=\"font-weight: 400;\"><span style=\"color: #503770;\">\"<\/span> Varolu\u015fu boyunca \"elini uzatan ki\u015fi\" tav\u0131r, alayc\u0131l\u0131k ve \u015f\u0131mar\u0131kl\u0131\u011f\u0131 ifade etmek i\u00e7in kullan\u0131lm\u0131\u015ft\u0131r. \"Sassy\" bu emoji i\u00e7in iPhone tetikleyici s\u00f6zc\u00fc\u011f\u00fcd\u00fcr. Ancak, ba\u015flang\u0131\u00e7ta hizmet sekt\u00f6r\u00fcndeki bir ki\u015fiyi temsil etmek i\u00e7in yarat\u0131lm\u0131\u015ft\u0131r.<br \/><\/span><img data-recalc-dims=\"1\" loading=\"lazy\" decoding=\"async\" class=\"alignnone size-full wp-image-2450\" src=\"https:\/\/i0.wp.com\/melindaozel.com\/wp-content\/uploads\/2020\/04\/Screen-Shot-2020-04-27-at-3.45.38-AM.png?resize=1200%2C291&#038;ssl=1\" alt=\"Ekran G\u00f6r\u00fcnt\u00fcs\u00fc 2020-04-27 saat 3.45.38 AM\" width=\"1200\" height=\"291\" srcset=\"https:\/\/i0.wp.com\/melindaozel.com\/wp-content\/uploads\/2020\/04\/Screen-Shot-2020-04-27-at-3.45.38-AM.png?w=1912&amp;ssl=1 1912w, https:\/\/i0.wp.com\/melindaozel.com\/wp-content\/uploads\/2020\/04\/Screen-Shot-2020-04-27-at-3.45.38-AM.png?resize=300%2C73&amp;ssl=1 300w, https:\/\/i0.wp.com\/melindaozel.com\/wp-content\/uploads\/2020\/04\/Screen-Shot-2020-04-27-at-3.45.38-AM.png?resize=1024%2C249&amp;ssl=1 1024w, https:\/\/i0.wp.com\/melindaozel.com\/wp-content\/uploads\/2020\/04\/Screen-Shot-2020-04-27-at-3.45.38-AM.png?resize=768%2C186&amp;ssl=1 768w, https:\/\/i0.wp.com\/melindaozel.com\/wp-content\/uploads\/2020\/04\/Screen-Shot-2020-04-27-at-3.45.38-AM.png?resize=1536%2C373&amp;ssl=1 1536w, https:\/\/i0.wp.com\/melindaozel.com\/wp-content\/uploads\/2020\/04\/Screen-Shot-2020-04-27-at-3.45.38-AM.png?resize=1088%2C264&amp;ssl=1 1088w\" sizes=\"(max-width: 1200px) 100vw, 1200px\" \/><\/p>\n<h2>\u00a0<\/h2>\n<h2 style=\"text-align: center;\"><span style=\"font-weight: 400;\">\u015eimdi Dikkatli K\u0131s\u0131m<\/span><\/h2>\n<p><span style=\"font-weight: 400;\">Emojiler sadece zaman i\u00e7inde de\u011fi\u015fmekle kalmay\u0131p ayn\u0131 zamanda k\u00fclt\u00fcrler ve topluluklar aras\u0131nda da farkl\u0131l\u0131k g\u00f6steren \u00e7e\u015fitli, n\u00fcansl\u0131 anlamlar ta\u015f\u0131r. Evrensel bir Emoji tasar\u0131m\u0131 olmad\u0131\u011f\u0131ndan ve her Emoji sat\u0131c\u0131s\u0131 Emoji setlerini olu\u015ftururken kendi sanatsal \u00f6zg\u00fcrl\u00fcklerini kulland\u0131\u011f\u0131ndan, platformlar aras\u0131 ileti\u015fim s\u0131ras\u0131nda her zaman kar\u0131\u015f\u0131kl\u0131\u011fa yer olacakt\u0131r. T\u0131pk\u0131 ger\u00e7ek bir y\u00fcz gibi, a\u011f\u0131z k\u00f6\u015fesine bir \u00e7imdik eklemek veya bir g\u00f6z \u00e7\u0131k\u0131nt\u0131s\u0131 yan\u0131lsamas\u0131 yaratmak, bir emojiyi h\u0131zla de\u011fi\u015ftirilmi\u015f bir mesaj veren yeni bir ifadeye d\u00f6n\u00fc\u015ft\u00fcrebilir. Her piksel \u00f6nemlidir.<\/span><\/p>\n<p><span style=\"font-weight: 400;\">Emoji'nin niyetlerini veya ince varyasyonlar\u0131n\u0131 kontrol edemesek de, <\/span><b>tasar\u0131m tutarl\u0131l\u0131\u011f\u0131n\u0131 te\u015fvik edebiliriz<\/b><span style=\"font-weight: 400;\">.\u00a0<\/span><\/p>\n<p><span style=\"font-weight: 400;\">\u0130leti\u015fimsizli\u011fi ve yanl\u0131\u015f niyet beyan\u0131n\u0131 en aza indirmek i\u00e7in, tasar\u0131mlar\u0131nda kullanmay\u0131 se\u00e7tikleri k\u00fc\u00e7\u00fck ayr\u0131nt\u0131lar\u0131n etkisini g\u00f6z \u00f6n\u00fcnde bulundurmak her tedarik\u00e7inin e\u015fit sorumlulu\u011fudur.<\/span><\/p>\n<h2>\u00a0<\/h2>\n<h2 style=\"text-align: center;\"><span style=\"font-weight: 400;\">Baz\u0131 kapan\u0131\u015f notlar\u0131 ve tavsiyeler<\/span><\/h2>\n<p><b>T\u00fcm sat\u0131c\u0131lar i\u00e7in tavsiye:<\/b><\/p>\n<p><img data-recalc-dims=\"1\" loading=\"lazy\" decoding=\"async\" class=\"alignnone size-full wp-image-2451\" src=\"https:\/\/i0.wp.com\/melindaozel.com\/wp-content\/uploads\/2020\/04\/facewithahnd.png?resize=1200%2C130&#038;ssl=1\" alt=\"facewithahnd\" width=\"1200\" height=\"130\" srcset=\"https:\/\/i0.wp.com\/melindaozel.com\/wp-content\/uploads\/2020\/04\/facewithahnd.png?w=2188&amp;ssl=1 2188w, https:\/\/i0.wp.com\/melindaozel.com\/wp-content\/uploads\/2020\/04\/facewithahnd.png?resize=300%2C32&amp;ssl=1 300w, https:\/\/i0.wp.com\/melindaozel.com\/wp-content\/uploads\/2020\/04\/facewithahnd.png?resize=1024%2C111&amp;ssl=1 1024w, https:\/\/i0.wp.com\/melindaozel.com\/wp-content\/uploads\/2020\/04\/facewithahnd.png?resize=768%2C83&amp;ssl=1 768w, https:\/\/i0.wp.com\/melindaozel.com\/wp-content\/uploads\/2020\/04\/facewithahnd.png?resize=1536%2C166&amp;ssl=1 1536w, https:\/\/i0.wp.com\/melindaozel.com\/wp-content\/uploads\/2020\/04\/facewithahnd.png?resize=2048%2C222&amp;ssl=1 2048w, https:\/\/i0.wp.com\/melindaozel.com\/wp-content\/uploads\/2020\/04\/facewithahnd.png?resize=1088%2C118&amp;ssl=1 1088w\" sizes=\"(max-width: 1200px) 100vw, 1200px\" \/><\/p>\n<p><span style=\"font-weight: 400;\">\"Elini a\u011fz\u0131n\u0131n \u00fczerine koymu\u015f y\u00fcz\" ifadesinin y\u00f6nlendirilmeye ihtiyac\u0131 var. Apple ve Facebook'un bu emoji i\u00e7in tasar\u0131mlar\u0131 a\u00e7\u0131k g\u00f6zlere sahipken, di\u011fer herkesin tasar\u0131m\u0131nda g\u00fclen g\u00f6zler yer al\u0131yor. G\u00fclen g\u00f6zler bu emojinin yorumlanma \u015feklini b\u00fcy\u00fck \u00f6l\u00e7\u00fcde etkiliyor. G\u00fcl\u00fcmseyen g\u00f6zlerle, \"eli a\u011fz\u0131nda y\u00fcz\" k\u0131k\u0131rdayarak g\u00fcl\u00fcyormu\u015f gibi g\u00f6r\u00fcn\u00fcr - sanki k\u0131s k\u0131s g\u00fclerken a\u011fz\u0131n\u0131 kapat\u0131yormu\u015f gibi. \u00d6te yandan, a\u00e7\u0131k g\u00f6zl\u00fc Apple ve Facebook tasar\u0131mlar\u0131 \u015fok olmu\u015f gibi g\u00f6r\u00fcn\u00fcyor. <\/span><\/p>\n<p><span style=\"font-weight: 400;\">Bu tasar\u0131mda g\u00f6zlerin nas\u0131l g\u00f6r\u00fcnmesi gerekti\u011fine dair do\u011fru bir cevap yoktur - ancak tutarl\u0131 olmal\u0131d\u0131rlar. Ya Apple ve Facebook g\u00f6zlerini ayarlamal\u0131 ya da di\u011fer sat\u0131c\u0131lar bu ifade i\u00e7in Apple ve Facebook g\u00f6r\u00fcn\u00fcm\u00fcn\u00fc benimsemelidir.\u00a0<\/span><\/p>\n<p><b>Windows i\u00e7in \u00d6neri:<\/b><\/p>\n<p><img data-recalc-dims=\"1\" loading=\"lazy\" decoding=\"async\" class=\"alignnone size-full wp-image-2452\" src=\"https:\/\/i0.wp.com\/melindaozel.com\/wp-content\/uploads\/2020\/04\/Screen-Shot-2020-04-27-at-12.42.56-PM.png?resize=1200%2C135&#038;ssl=1\" alt=\"Ekran G\u00f6r\u00fcnt\u00fcs\u00fc 2020-04-27 saat 12.42.56 PM\" width=\"1200\" height=\"135\" srcset=\"https:\/\/i0.wp.com\/melindaozel.com\/wp-content\/uploads\/2020\/04\/Screen-Shot-2020-04-27-at-12.42.56-PM.png?w=2122&amp;ssl=1 2122w, https:\/\/i0.wp.com\/melindaozel.com\/wp-content\/uploads\/2020\/04\/Screen-Shot-2020-04-27-at-12.42.56-PM.png?resize=300%2C34&amp;ssl=1 300w, https:\/\/i0.wp.com\/melindaozel.com\/wp-content\/uploads\/2020\/04\/Screen-Shot-2020-04-27-at-12.42.56-PM.png?resize=1024%2C115&amp;ssl=1 1024w, https:\/\/i0.wp.com\/melindaozel.com\/wp-content\/uploads\/2020\/04\/Screen-Shot-2020-04-27-at-12.42.56-PM.png?resize=768%2C86&amp;ssl=1 768w, https:\/\/i0.wp.com\/melindaozel.com\/wp-content\/uploads\/2020\/04\/Screen-Shot-2020-04-27-at-12.42.56-PM.png?resize=1536%2C172&amp;ssl=1 1536w, https:\/\/i0.wp.com\/melindaozel.com\/wp-content\/uploads\/2020\/04\/Screen-Shot-2020-04-27-at-12.42.56-PM.png?resize=2048%2C230&amp;ssl=1 2048w, https:\/\/i0.wp.com\/melindaozel.com\/wp-content\/uploads\/2020\/04\/Screen-Shot-2020-04-27-at-12.42.56-PM.png?resize=1088%2C122&amp;ssl=1 1088w\" sizes=\"(max-width: 1200px) 100vw, 1200px\" \/><\/p>\n<p><span style=\"font-weight: 400;\">\"S\u0131r\u0131tan y\u00fcz\" i\u00e7in t\u00fcm sat\u0131c\u0131 tasar\u0131mlar\u0131 tutarl\u0131d\u0131r - Windows tasar\u0131m\u0131 hari\u00e7. Windows'un bu tasar\u0131m\u0131 a\u00e7\u0131k di\u015fli bir g\u00fcl\u00fcmseme ile yeniden yaratmas\u0131 gerekiyor. <\/span><\/p>\n<p><span style=\"font-weight: 400;\">Windows, tek yapman\u0131z gereken \"s\u0131r\u0131tan y\u00fcz\" a\u011fz\u0131n\u0131z\u0131 \"b\u00fcy\u00fck g\u00f6zl\u00fc s\u0131r\u0131tan y\u00fcz\" a\u011f\u0131z \u015feklinizle e\u015fle\u015fecek \u015fekilde de\u011fi\u015ftirmek ve ard\u0131ndan di\u011fer herkesle senkronize olabilirsiniz.<\/span><\/p>\n<p><b>Unicode i\u00e7in \u00d6neriler:<\/b><\/p>\n<p><span style=\"font-weight: 400;\">Facebook'un \"as\u0131k surat\u0131\" sar\u0131 renkte g\u00f6r\u00fcnse de <span style=\"color: #5b3987;\"><a style=\"color: #5b3987;\" href=\"https:\/\/unicode.org\/emoji\/charts\/full-emoji-list.html\" target=\"_blank\" rel=\"noopener noreferrer\">Unicode Emoji Listesi,<\/a><\/span> Facebook'un \"as\u0131k surat\u0131\" asl\u0131nda k\u0131rm\u0131z\u0131 surat standard\u0131na uyuyor. \u0130\u015fte b\u00f6yle anlayabilirsiniz:\u00a0<\/span><\/p>\n<div id='gallery-2' class='gallery galleryid-2439 gallery-columns-3 gallery-size-thumbnail'><figure class='gallery-item'>\n\t\t\t<div class='gallery-icon landscape'>\n\t\t\t\t<a href='https:\/\/melindaozel.com\/tr\/mindful-design-everything-you-did-and-didnt-want-to-know-about-emoji\/img_8318\/#main'><img loading=\"lazy\" decoding=\"async\" width=\"150\" height=\"150\" src=\"https:\/\/i0.wp.com\/melindaozel.com\/wp-content\/uploads\/2020\/04\/IMG_8318.jpg?resize=150%2C150&amp;ssl=1\" class=\"attachment-thumbnail size-thumbnail\" alt=\"\" srcset=\"https:\/\/i0.wp.com\/melindaozel.com\/wp-content\/uploads\/2020\/04\/IMG_8318.jpg?resize=150%2C150&amp;ssl=1 150w, https:\/\/i0.wp.com\/melindaozel.com\/wp-content\/uploads\/2020\/04\/IMG_8318.jpg?zoom=2&amp;resize=150%2C150&amp;ssl=1 300w, https:\/\/i0.wp.com\/melindaozel.com\/wp-content\/uploads\/2020\/04\/IMG_8318.jpg?zoom=3&amp;resize=150%2C150&amp;ssl=1 450w\" sizes=\"(max-width: 150px) 100vw, 150px\" \/><\/a>\n\t\t\t<\/div><\/figure><figure class='gallery-item'>\n\t\t\t<div class='gallery-icon landscape'>\n\t\t\t\t<a href='https:\/\/melindaozel.com\/tr\/mindful-design-everything-you-did-and-didnt-want-to-know-about-emoji\/screen-shot-2020-04-23-at-9-00-24-pm\/#main'><img loading=\"lazy\" decoding=\"async\" width=\"150\" height=\"150\" src=\"https:\/\/i0.wp.com\/melindaozel.com\/wp-content\/uploads\/2020\/04\/Screen-Shot-2020-04-23-at-9.00.24-PM.png?resize=150%2C150&amp;ssl=1\" class=\"attachment-thumbnail size-thumbnail\" alt=\"\" srcset=\"https:\/\/i0.wp.com\/melindaozel.com\/wp-content\/uploads\/2020\/04\/Screen-Shot-2020-04-23-at-9.00.24-PM.png?resize=150%2C150&amp;ssl=1 150w, https:\/\/i0.wp.com\/melindaozel.com\/wp-content\/uploads\/2020\/04\/Screen-Shot-2020-04-23-at-9.00.24-PM.png?zoom=2&amp;resize=150%2C150&amp;ssl=1 300w, https:\/\/i0.wp.com\/melindaozel.com\/wp-content\/uploads\/2020\/04\/Screen-Shot-2020-04-23-at-9.00.24-PM.png?zoom=3&amp;resize=150%2C150&amp;ssl=1 450w\" sizes=\"(max-width: 150px) 100vw, 150px\" \/><\/a>\n\t\t\t<\/div><\/figure>\n\t\t<\/div>\n\n<p><span style=\"font-weight: 400;\">Unicode, grafi\u011finizi g\u00fcncellemeniz gerekir.<\/span><\/p>\n<p><b>Emoji sat\u0131c\u0131lar\u0131 ve d\u00fcnya insanlar\u0131 i\u00e7in daha fazla \u00f6neri:<\/b><\/p>\n<p><span style=\"font-weight: 400;\">Daha \u00f6nce de belirtti\u011fim gibi Emoji Alt Komitesinde \u00e7e\u015fitlilik eksikli\u011fi var. Farkl\u0131 demografik gruplardan \u00e7al\u0131\u015fanlar\u0131n\u0131 bu s\u00fcrece dahil olmaya te\u015fvik etmek her tedarik\u00e7inin sorumlulu\u011fundad\u0131r. Ek olarak, <\/span><span style=\"color: #503770;\"><a style=\"color: #503770;\" href=\"https:\/\/home.unicode.org\/membership\/membership-levels\/\" target=\"_blank\" rel=\"noopener\"><span style=\"font-weight: 400;\">teknik profesyoneller ve \u00f6\u011frenciler y\u0131lda sadece $75 ve $35 kar\u015f\u0131l\u0131\u011f\u0131nda kat\u0131labilirler<\/span><\/a><\/span><span style=\"font-weight: 400;\"> (s\u0131ras\u0131yla). Bir g\u00f6z at\u0131n ve nas\u0131l dahil olabilece\u011finizi g\u00f6r\u00fcn.<\/span><\/p>\n<hr \/>\n<h2>\u00a0<\/h2>\n<h2 style=\"text-align: center;\"><span style=\"font-weight: 400;\">\u0130leri \u00d6\u011frenim i\u00e7in Notlar ve Kaynaklar<\/span><\/h2>\n<h3>\u00a0<\/h3>\n<h3><strong>Y\u00fczlere Odaklan\u0131n:<\/strong><\/h3>\n<p>Daha \u00f6nce de belirtti\u011fim gibi, y\u00fcz ifadeleri sanat\u0131 ve bilimi konusunda uzman\u0131m. Bu nedenle, bu yaz\u0131y\u0131 \u00f6zellikle g\u00fclen suratlar\u0131n tasar\u0131m\u0131na odaklamay\u0131 se\u00e7tim. \u0130fade temelli olmayan (yani nesneler, semboller, vb.) Emoji tasar\u0131m\u0131n\u0131n getirdi\u011fi pek \u00e7ok ba\u015fka zorluk var.<\/p>\n<h3>\u00a0<\/h3>\n<h3 style=\"text-align: left;\"><b>Hayk\u0131r\u0131\u015flar:\u00a0<\/b><\/h3>\n<p><span style=\"font-weight: 400;\">\u0130\u015fte Emoji dilbilimi hakk\u0131nda daha fazla bilgi edinmem i\u00e7in bana ilham veren birka\u00e7 kaynak:<\/span><\/p>\n<ol>\n<li><span style=\"font-weight: 400;\"><span style=\"color: #503770;\"><strong><a style=\"color: #503770;\" href=\"https:\/\/rtrfm.com.au\/shows\/talkthetalk\/\" target=\"_blank\" rel=\"noopener noreferrer\"><em>Konu\u015fmay\u0131 Konu\u015fun<\/em> RTR FM'de<\/a><\/strong><\/span><br \/><em>Konu\u015fmay\u0131 Konu\u015fun<\/em> Avustralyal\u0131 bir dilbilim sohbet program\u0131d\u0131r. Konu\u015fmalar\u0131n\u0131 dinlemenizi tavsiye ederim<a href=\"https:\/\/rtrfm.com.au\/story\/talk-the-talk-emoji\/\" target=\"_blank\" rel=\"noopener noreferrer\">\u00a0<span style=\"color: #5b3987;\">Emoji'nin evrimi \u00fczerine<\/span><\/a><span style=\"color: #5b3987;\">. <\/span><\/span><\/li>\n<li><span style=\"color: #503770;\"><strong><a style=\"color: #503770;\" href=\"https:\/\/www.vyvevans.net\/the-emoji-code\" target=\"_blank\" rel=\"noopener noreferrer\"><em>Emoji Kodu<\/em>:<em> G\u00fclen Y\u00fczlerin ve Korkak Kedilerin Ard\u0131ndaki Dilbilim<\/em><\/a><\/strong><\/span><span style=\"font-weight: 400;\"><br \/><em>Emoji Kodu\u00a0<\/em>Emoji dilbilimi \u00fczerine bir kitapt\u0131r. Emoji kullan\u0131m\u0131n\u0131n tarihini, psikolojisini, sosyolojisini ve antropolojisini kapsar. <em>T<\/em><\/span><span style=\"font-weight: 400;\"><em>alk the Talk<\/em> beni bu kitapla tan\u0131\u015ft\u0131rd\u0131 <span style=\"color: #503770;\"><a style=\"color: #503770;\" href=\"https:\/\/rtrfm.com.au\/story\/talk-the-talk-the-emoji-code\/\" target=\"_blank\" rel=\"noopener noreferrer\">di\u011fer Emoji b\u00f6l\u00fcm\u00fc.<\/a><\/span><\/span><\/li>\n<\/ol>\n<h3>\u00a0<\/h3>\n<h3 style=\"text-align: left;\"><b>Daha Bilgilendirici Kaynaklar<\/b><\/h3>\n<ul>\n<li><span style=\"color: #503770;\"><a style=\"color: #503770;\" href=\"https:\/\/emojitracker.com\/\" target=\"_blank\" rel=\"noopener\"><span style=\"font-weight: 400;\">https:\/\/emojitracker.com<\/span><\/a><\/span>\n<ul>\n<li>Emoji Tracker, Twitter'da \u015fu anda hangi emojilerin kullan\u0131ld\u0131\u011f\u0131n\u0131 \/ nas\u0131l kullan\u0131ld\u0131klar\u0131n\u0131 canl\u0131 olarak g\u00f6sterir.<\/li>\n<\/ul>\n<\/li>\n<li><span style=\"color: #503770;\"><a style=\"color: #503770;\" href=\"https:\/\/emojipedia.org\/\" target=\"_blank\" rel=\"noopener\">https:\/\/emojipedia.org\/<\/a><\/span>\n<ul>\n<li>Emojipedia, her bir emoji hakk\u0131nda g\u00f6z atman\u0131z\u0131 ve bilgi edinmenizi sa\u011flayan bir emoji arama motorudur.<\/li>\n<\/ul>\n<\/li>\n<\/ul>\n<h3>\u00a0<\/h3>\n<h3 style=\"text-align: left;\"><b>\"Emoji\" kelimesinin dilbilgisi<\/b><\/h3>\n<p><span style=\"font-weight: 400;\">\"Emoji\" kelimesinin b\u00fcy\u00fck harfle yaz\u0131lmas\u0131 konusunda epeyce d\u00fc\u015f\u00fcnd\u00fcm. Okudu\u011fumda <em>Emoji Kodu<\/em>'da yazar Vyvyan Evans, ne zaman b\u00fcy\u00fck harfle yaz\u0131lmas\u0131 gerekti\u011fini \u00f6zetlemi\u015ftir. Evans'a g\u00f6re, Emoji'den bir sistem olarak bahsedildi\u011finde \"e\" harfini b\u00fcy\u00fck yazman\u0131z gerekiyor; ancak Buzzfeed Stil K\u0131lavuzu da dahil olmak \u00fczere (ki ben buna bay\u0131l\u0131yorum) di\u011fer kaynaklar \"e\" harfini b\u00fcy\u00fck yazm\u0131yor. Yaz\u0131lar\u0131mda tutars\u0131z b\u00fcy\u00fck harf kullan\u0131m\u0131 fark ederseniz, art\u0131k nedenini biliyorsunuz.<\/span><\/p>\n<p><span style=\"font-weight: 400;\">Emoji b\u00fcy\u00fck harf kullan\u0131m\u0131 konusundaki bilgi aray\u0131\u015f\u0131m beni Emoji \u00e7o\u011fullu\u011fu konusunda ba\u015fka bir tav\u015fan deli\u011fine g\u00f6t\u00fcrd\u00fc. Baz\u0131 kaynaklar \"emoji \"nin \u00e7o\u011fulunun \"emoji\" oldu\u011funu s\u00f6yl\u00fcyor, ancak ben emoji \u00e7o\u011fullu\u011funu ele alan Buzzfeed Stil K\u0131lavuzu versiyonunu tercih ettim - bu versiyon \"emoji \"yi \"emojiler\" olarak \u00e7o\u011fulla\u015ft\u0131r\u0131yor.<\/span><\/p>\n<h3>\u00a0<\/h3>\n<h3><b>Emoji b\u00fcy\u00fck harf kullan\u0131m\u0131 ve \u00e7o\u011fulluk hakk\u0131nda daha fazla bilgi:\u00a0<\/b><\/h3>\n<ul>\n<li><span style=\"color: #503770;\"><a style=\"color: #503770;\" href=\"https:\/\/www.buzzfeed.com\/emmyf\/buzzfeed-style-guide\"><span style=\"font-weight: 400;\">https:\/\/www.buzzfeed.com\/emmyf\/buzzfeed-style-guide<\/span><\/a><\/span><\/li>\n<li><span style=\"color: #503770;\"><a style=\"color: #503770;\" href=\"https:\/\/www.chicagotribune.com\/entertainment\/books\/ct-books-emoji-code-vyvyan-evans-1105-story.html\"><span style=\"font-weight: 400;\">https:\/\/www.chicagotribune.com\/entertainment\/books\/ct-books-emoji-code-vyvyan-evans-1105-story.html<\/span><\/a><\/span><\/li>\n<li><span style=\"color: #503770;\"><a style=\"color: #503770;\" href=\"https:\/\/www.poynter.org\/reporting-editing\/2018\/ap-stylebook-update-multiple-emoji-are-emoji\/\"><span style=\"font-weight: 400;\">https:\/\/www.poynter.org\/reporting-editing\/2018\/ap-stylebook-update-multiple-emoji-are-emoji\/<\/span><\/a><\/span><\/li>\n<\/ul>\n<p>\u00a0<\/p>\n<p>\u00a0<\/p>\n\n\n<p><\/p>","protected":false},"excerpt":{"rendered":"<p>Emoji, bir\u00e7ok ki\u015finin kulland\u0131\u011f\u0131 ancak \u00e7ok az ki\u015finin \u00fczerinde d\u00fc\u015f\u00fcnd\u00fc\u011f\u00fc bir tasar\u0131m \u00fcr\u00fcn\u00fcd\u00fcr. Emojiler sadece e\u011flenceli k\u00fc\u00e7\u00fck resimler de\u011fildir; metni duygusal de\u011ferle zenginle\u015ftirmek, niyeti netle\u015ftirmek, kelimelerin yerini almak ve metin tabanl\u0131 ileti\u015fime s\u00f6zs\u00fcz bir par\u0131lt\u0131 katmak i\u00e7in kullan\u0131lan dil yard\u0131mc\u0131lar\u0131d\u0131r.<\/p>","protected":false},"author":60486633,"featured_media":2440,"comment_status":"open","ping_status":"open","sticky":false,"template":"","format":"standard","meta":{"_jetpack_memberships_contains_paid_content":false,"footnotes":""},"categories":[676756913,676756997,676756995,676756996,676756915,676757008,676756993],"tags":[],"class_list":["post-2439","post","type-post","status-publish","format-standard","has-post-thumbnail","hentry","category-action-units","category-behavior","category-design","category-emoji","category-facial-expressions","category-free","category-tech","generate-columns","tablet-grid-50","mobile-grid-100","grid-parent","grid-50"],"yoast_head":"<!-- This site is optimized with the Yoast SEO Premium plugin v27.5 (Yoast SEO v27.5) - https:\/\/yoast.com\/product\/yoast-seo-premium-wordpress\/ -->\n<title>Mindful Design: Everything You Did and Didn&#039;t Want to Know About Emoji Design - Face the FACS | Facial Expressions in Animation, AI, &amp; Behavior<\/title>\n<meta name=\"description\" content=\"Emojis aren\u2019t just fun little pictures; they are language aids used to enrich text with emotional value, clarify intent, substitute words -\" \/>\n<meta name=\"robots\" content=\"index, follow, max-snippet:-1, max-image-preview:large, max-video-preview:-1\" \/>\n<link rel=\"canonical\" href=\"https:\/\/melindaozel.com\/tr\/mindful-design-everything-you-did-and-didnt-want-to-know-about-emoji\/\" \/>\n<meta property=\"og:locale\" content=\"tr_TR\" \/>\n<meta property=\"og:type\" content=\"article\" \/>\n<meta property=\"og:title\" content=\"Mindful Design: Everything You Did and Didn&#039;t Want to Know About Emoji Design\" \/>\n<meta property=\"og:description\" content=\"Emojis aren\u2019t just fun little pictures; they are language aids used to enrich text with emotional value, clarify intent, substitute words -\" \/>\n<meta property=\"og:url\" content=\"https:\/\/melindaozel.com\/tr\/mindful-design-everything-you-did-and-didnt-want-to-know-about-emoji\/\" \/>\n<meta property=\"og:site_name\" content=\"Face the FACS | Facial Expressions in Animation, AI, &amp; Behavior\" \/>\n<meta property=\"article:publisher\" content=\"https:\/\/facebook.com\/facetheFACS\/\" \/>\n<meta property=\"article:author\" content=\"https:\/\/facebook.com\/facetheFACS\/\" \/>\n<meta property=\"article:published_time\" content=\"2020-04-27T19:33:50+00:00\" \/>\n<meta property=\"article:modified_time\" content=\"2025-02-14T18:55:34+00:00\" \/>\n<meta property=\"og:image\" content=\"https:\/\/melindaozel.com\/wp-content\/uploads\/2020\/04\/mindblownemoji.png\" \/>\n\t<meta property=\"og:image:width\" content=\"755\" \/>\n\t<meta property=\"og:image:height\" content=\"433\" \/>\n\t<meta property=\"og:image:type\" content=\"image\/png\" \/>\n<meta name=\"author\" content=\"Melinda Ozel\" \/>\n<meta name=\"twitter:card\" content=\"summary_large_image\" \/>\n<meta name=\"twitter:creator\" content=\"@melindaozel\" \/>\n<meta name=\"twitter:site\" content=\"@melindaozel\" \/>\n<meta name=\"twitter:label1\" content=\"Yazan:\" \/>\n\t<meta name=\"twitter:data1\" content=\"Melinda Ozel\" \/>\n\t<meta name=\"twitter:label2\" content=\"Tahmini okuma s\u00fcresi\" \/>\n\t<meta name=\"twitter:data2\" content=\"12 dakika\" \/>\n<script type=\"application\/ld+json\" class=\"yoast-schema-graph\">{\"@context\":\"https:\\\/\\\/schema.org\",\"@graph\":[{\"@type\":\"Article\",\"@id\":\"https:\\\/\\\/melindaozel.com\\\/mindful-design-everything-you-did-and-didnt-want-to-know-about-emoji\\\/#article\",\"isPartOf\":{\"@id\":\"https:\\\/\\\/melindaozel.com\\\/mindful-design-everything-you-did-and-didnt-want-to-know-about-emoji\\\/\"},\"author\":{\"name\":\"Melinda Ozel\",\"@id\":\"https:\\\/\\\/melindaozel.com\\\/zh\\\/#\\\/schema\\\/person\\\/81c6262e1bfca3c71960db5aee204e3f\"},\"headline\":\"Mindful Design: Everything You Did and Didn&#8217;t Want to Know About Emoji Design\",\"datePublished\":\"2020-04-27T19:33:50+00:00\",\"dateModified\":\"2025-02-14T18:55:34+00:00\",\"mainEntityOfPage\":{\"@id\":\"https:\\\/\\\/melindaozel.com\\\/mindful-design-everything-you-did-and-didnt-want-to-know-about-emoji\\\/\"},\"wordCount\":2173,\"commentCount\":2,\"publisher\":{\"@id\":\"https:\\\/\\\/melindaozel.com\\\/zh\\\/#\\\/schema\\\/person\\\/81c6262e1bfca3c71960db5aee204e3f\"},\"image\":{\"@id\":\"https:\\\/\\\/melindaozel.com\\\/mindful-design-everything-you-did-and-didnt-want-to-know-about-emoji\\\/#primaryimage\"},\"thumbnailUrl\":\"https:\\\/\\\/i0.wp.com\\\/melindaozel.com\\\/wp-content\\\/uploads\\\/2020\\\/04\\\/mindblownemoji.png?fit=755%2C433&ssl=1\",\"articleSection\":[\"action units (FACS AUs)\",\"behavior\",\"design\",\"emoji\",\"facial expressions\",\"free content\",\"tech\"],\"inLanguage\":\"tr\",\"potentialAction\":[{\"@type\":\"CommentAction\",\"name\":\"Comment\",\"target\":[\"https:\\\/\\\/melindaozel.com\\\/mindful-design-everything-you-did-and-didnt-want-to-know-about-emoji\\\/#respond\"]}]},{\"@type\":\"WebPage\",\"@id\":\"https:\\\/\\\/melindaozel.com\\\/mindful-design-everything-you-did-and-didnt-want-to-know-about-emoji\\\/\",\"url\":\"https:\\\/\\\/melindaozel.com\\\/mindful-design-everything-you-did-and-didnt-want-to-know-about-emoji\\\/\",\"name\":\"Mindful Design: Everything You Did and Didn't Want to Know About Emoji Design - Face the FACS | Facial Expressions in Animation, AI, &amp; Behavior\",\"isPartOf\":{\"@id\":\"https:\\\/\\\/melindaozel.com\\\/zh\\\/#website\"},\"primaryImageOfPage\":{\"@id\":\"https:\\\/\\\/melindaozel.com\\\/mindful-design-everything-you-did-and-didnt-want-to-know-about-emoji\\\/#primaryimage\"},\"image\":{\"@id\":\"https:\\\/\\\/melindaozel.com\\\/mindful-design-everything-you-did-and-didnt-want-to-know-about-emoji\\\/#primaryimage\"},\"thumbnailUrl\":\"https:\\\/\\\/i0.wp.com\\\/melindaozel.com\\\/wp-content\\\/uploads\\\/2020\\\/04\\\/mindblownemoji.png?fit=755%2C433&ssl=1\",\"datePublished\":\"2020-04-27T19:33:50+00:00\",\"dateModified\":\"2025-02-14T18:55:34+00:00\",\"description\":\"Emojis aren\u2019t just fun little pictures; they are language aids used to enrich text with emotional value, clarify intent, substitute words -\",\"breadcrumb\":{\"@id\":\"https:\\\/\\\/melindaozel.com\\\/mindful-design-everything-you-did-and-didnt-want-to-know-about-emoji\\\/#breadcrumb\"},\"inLanguage\":\"tr\",\"potentialAction\":[{\"@type\":\"ReadAction\",\"target\":[\"https:\\\/\\\/melindaozel.com\\\/mindful-design-everything-you-did-and-didnt-want-to-know-about-emoji\\\/\"]}]},{\"@type\":\"ImageObject\",\"inLanguage\":\"tr\",\"@id\":\"https:\\\/\\\/melindaozel.com\\\/mindful-design-everything-you-did-and-didnt-want-to-know-about-emoji\\\/#primaryimage\",\"url\":\"https:\\\/\\\/i0.wp.com\\\/melindaozel.com\\\/wp-content\\\/uploads\\\/2020\\\/04\\\/mindblownemoji.png?fit=755%2C433&ssl=1\",\"contentUrl\":\"https:\\\/\\\/i0.wp.com\\\/melindaozel.com\\\/wp-content\\\/uploads\\\/2020\\\/04\\\/mindblownemoji.png?fit=755%2C433&ssl=1\",\"width\":755,\"height\":433,\"caption\":\"graphic of emoji head exploding\"},{\"@type\":\"BreadcrumbList\",\"@id\":\"https:\\\/\\\/melindaozel.com\\\/mindful-design-everything-you-did-and-didnt-want-to-know-about-emoji\\\/#breadcrumb\",\"itemListElement\":[{\"@type\":\"ListItem\",\"position\":1,\"name\":\"Home\",\"item\":\"https:\\\/\\\/melindaozel.com\\\/\"},{\"@type\":\"ListItem\",\"position\":2,\"name\":\"Mindful Design: Everything You Did and Didn&#8217;t Want to Know About Emoji Design\"}]},{\"@type\":\"WebSite\",\"@id\":\"https:\\\/\\\/melindaozel.com\\\/zh\\\/#website\",\"url\":\"https:\\\/\\\/melindaozel.com\\\/zh\\\/\",\"name\":\"Face the FACS\",\"description\":\"Facial Expressions in Art, Science, &amp; Technology\",\"publisher\":{\"@id\":\"https:\\\/\\\/melindaozel.com\\\/zh\\\/#\\\/schema\\\/person\\\/81c6262e1bfca3c71960db5aee204e3f\"},\"potentialAction\":[{\"@type\":\"SearchAction\",\"target\":{\"@type\":\"EntryPoint\",\"urlTemplate\":\"https:\\\/\\\/melindaozel.com\\\/zh\\\/?s={search_term_string}\"},\"query-input\":{\"@type\":\"PropertyValueSpecification\",\"valueRequired\":true,\"valueName\":\"search_term_string\"}}],\"inLanguage\":\"tr\"},{\"@type\":[\"Person\",\"Organization\"],\"@id\":\"https:\\\/\\\/melindaozel.com\\\/zh\\\/#\\\/schema\\\/person\\\/81c6262e1bfca3c71960db5aee204e3f\",\"name\":\"Melinda Ozel\",\"image\":{\"@type\":\"ImageObject\",\"inLanguage\":\"tr\",\"@id\":\"https:\\\/\\\/i0.wp.com\\\/melindaozel.com\\\/wp-content\\\/uploads\\\/2025\\\/02\\\/face-the-FACS-eye-mouth-logo-pixel.webp?fit=225%2C225&ssl=1\",\"url\":\"https:\\\/\\\/i0.wp.com\\\/melindaozel.com\\\/wp-content\\\/uploads\\\/2025\\\/02\\\/face-the-FACS-eye-mouth-logo-pixel.webp?fit=225%2C225&ssl=1\",\"contentUrl\":\"https:\\\/\\\/i0.wp.com\\\/melindaozel.com\\\/wp-content\\\/uploads\\\/2025\\\/02\\\/face-the-FACS-eye-mouth-logo-pixel.webp?fit=225%2C225&ssl=1\",\"width\":225,\"height\":225,\"caption\":\"Melinda Ozel\"},\"logo\":{\"@id\":\"https:\\\/\\\/i0.wp.com\\\/melindaozel.com\\\/wp-content\\\/uploads\\\/2025\\\/02\\\/face-the-FACS-eye-mouth-logo-pixel.webp?fit=225%2C225&ssl=1\"},\"sameAs\":[\"https:\\\/\\\/melindaozel.com\",\"https:\\\/\\\/facebook.com\\\/facetheFACS\\\/\",\"https:\\\/\\\/instagram.com\\\/manicexpression\",\"https:\\\/\\\/linkedin.com\\\/in\\\/melindaozel\",\"https:\\\/\\\/pinterest.com\\\/melindaozel\\\/\",\"https:\\\/\\\/x.com\\\/melindaozel\",\"https:\\\/\\\/youtube.com\\\/@facetheFACS\"],\"knowsAbout\":[\"Facial Action Coding System (FACS)\",\"Facial Expression Tracking\",\"Facial Anatomy\",\"Facial Animation\",\"Digital Humans\",\"Audio-to-Expression\",\"Audio-to-Face\",\"Visemes\",\"Lipsync\"],\"jobTitle\":\"Facial Systems Expert, Expression Scientist\",\"url\":\"https:\\\/\\\/melindaozel.com\\\/tr\\\/author\\\/melindaozel\\\/\",\"numberOfEmployees\":{\"@type\":\"QuantitativeValue\",\"minValue\":\"1\",\"maxValue\":\"10\"}}]}<\/script>\n<!-- \/ Yoast SEO Premium plugin. -->","yoast_head_json":{"title":"Dikkatli Tasar\u0131m: Emoji Tasar\u0131m\u0131 Hakk\u0131nda Bilmek \u0130stedi\u011finiz ve \u0130stemedi\u011finiz Her \u015eey - Face the FACS | Animasyon, Yapay Zeka ve Davran\u0131\u015fta Y\u00fcz \u0130fadeleri","description":"Emojiler sadece e\u011flenceli k\u00fc\u00e7\u00fck resimler de\u011fildir; metni duygusal de\u011ferle zenginle\u015ftirmek, niyeti netle\u015ftirmek, kelimelerin yerini almak i\u00e7in kullan\u0131lan dil yard\u0131mc\u0131lar\u0131d\u0131r -","robots":{"index":"index","follow":"follow","max-snippet":"max-snippet:-1","max-image-preview":"max-image-preview:large","max-video-preview":"max-video-preview:-1"},"canonical":"https:\/\/melindaozel.com\/tr\/mindful-design-everything-you-did-and-didnt-want-to-know-about-emoji\/","og_locale":"tr_TR","og_type":"article","og_title":"Mindful Design: Everything You Did and Didn't Want to Know About Emoji Design","og_description":"Emojis aren\u2019t just fun little pictures; they are language aids used to enrich text with emotional value, clarify intent, substitute words -","og_url":"https:\/\/melindaozel.com\/tr\/mindful-design-everything-you-did-and-didnt-want-to-know-about-emoji\/","og_site_name":"Face the FACS | Facial Expressions in Animation, AI, &amp; Behavior","article_publisher":"https:\/\/facebook.com\/facetheFACS\/","article_author":"https:\/\/facebook.com\/facetheFACS\/","article_published_time":"2020-04-27T19:33:50+00:00","article_modified_time":"2025-02-14T18:55:34+00:00","og_image":[{"width":755,"height":433,"url":"https:\/\/melindaozel.com\/wp-content\/uploads\/2020\/04\/mindblownemoji.png","type":"image\/png"}],"author":"Melinda Ozel","twitter_card":"summary_large_image","twitter_creator":"@melindaozel","twitter_site":"@melindaozel","twitter_misc":{"Yazan:":"Melinda Ozel","Tahmini okuma s\u00fcresi":"12 dakika"},"schema":{"@context":"https:\/\/schema.org","@graph":[{"@type":"Article","@id":"https:\/\/melindaozel.com\/mindful-design-everything-you-did-and-didnt-want-to-know-about-emoji\/#article","isPartOf":{"@id":"https:\/\/melindaozel.com\/mindful-design-everything-you-did-and-didnt-want-to-know-about-emoji\/"},"author":{"name":"Melinda Ozel","@id":"https:\/\/melindaozel.com\/zh\/#\/schema\/person\/81c6262e1bfca3c71960db5aee204e3f"},"headline":"Mindful Design: Everything You Did and Didn&#8217;t Want to Know About Emoji Design","datePublished":"2020-04-27T19:33:50+00:00","dateModified":"2025-02-14T18:55:34+00:00","mainEntityOfPage":{"@id":"https:\/\/melindaozel.com\/mindful-design-everything-you-did-and-didnt-want-to-know-about-emoji\/"},"wordCount":2173,"commentCount":2,"publisher":{"@id":"https:\/\/melindaozel.com\/zh\/#\/schema\/person\/81c6262e1bfca3c71960db5aee204e3f"},"image":{"@id":"https:\/\/melindaozel.com\/mindful-design-everything-you-did-and-didnt-want-to-know-about-emoji\/#primaryimage"},"thumbnailUrl":"https:\/\/i0.wp.com\/melindaozel.com\/wp-content\/uploads\/2020\/04\/mindblownemoji.png?fit=755%2C433&ssl=1","articleSection":["action units (FACS AUs)","behavior","design","emoji","facial expressions","free content","tech"],"inLanguage":"tr","potentialAction":[{"@type":"CommentAction","name":"Comment","target":["https:\/\/melindaozel.com\/mindful-design-everything-you-did-and-didnt-want-to-know-about-emoji\/#respond"]}]},{"@type":"WebPage","@id":"https:\/\/melindaozel.com\/mindful-design-everything-you-did-and-didnt-want-to-know-about-emoji\/","url":"https:\/\/melindaozel.com\/mindful-design-everything-you-did-and-didnt-want-to-know-about-emoji\/","name":"Dikkatli Tasar\u0131m: Emoji Tasar\u0131m\u0131 Hakk\u0131nda Bilmek \u0130stedi\u011finiz ve \u0130stemedi\u011finiz Her \u015eey - Face the FACS | Animasyon, Yapay Zeka ve Davran\u0131\u015fta Y\u00fcz \u0130fadeleri","isPartOf":{"@id":"https:\/\/melindaozel.com\/zh\/#website"},"primaryImageOfPage":{"@id":"https:\/\/melindaozel.com\/mindful-design-everything-you-did-and-didnt-want-to-know-about-emoji\/#primaryimage"},"image":{"@id":"https:\/\/melindaozel.com\/mindful-design-everything-you-did-and-didnt-want-to-know-about-emoji\/#primaryimage"},"thumbnailUrl":"https:\/\/i0.wp.com\/melindaozel.com\/wp-content\/uploads\/2020\/04\/mindblownemoji.png?fit=755%2C433&ssl=1","datePublished":"2020-04-27T19:33:50+00:00","dateModified":"2025-02-14T18:55:34+00:00","description":"Emojiler sadece e\u011flenceli k\u00fc\u00e7\u00fck resimler de\u011fildir; metni duygusal de\u011ferle zenginle\u015ftirmek, niyeti netle\u015ftirmek, kelimelerin yerini almak i\u00e7in kullan\u0131lan dil yard\u0131mc\u0131lar\u0131d\u0131r -","breadcrumb":{"@id":"https:\/\/melindaozel.com\/mindful-design-everything-you-did-and-didnt-want-to-know-about-emoji\/#breadcrumb"},"inLanguage":"tr","potentialAction":[{"@type":"ReadAction","target":["https:\/\/melindaozel.com\/mindful-design-everything-you-did-and-didnt-want-to-know-about-emoji\/"]}]},{"@type":"ImageObject","inLanguage":"tr","@id":"https:\/\/melindaozel.com\/mindful-design-everything-you-did-and-didnt-want-to-know-about-emoji\/#primaryimage","url":"https:\/\/i0.wp.com\/melindaozel.com\/wp-content\/uploads\/2020\/04\/mindblownemoji.png?fit=755%2C433&ssl=1","contentUrl":"https:\/\/i0.wp.com\/melindaozel.com\/wp-content\/uploads\/2020\/04\/mindblownemoji.png?fit=755%2C433&ssl=1","width":755,"height":433,"caption":"graphic of emoji head exploding"},{"@type":"BreadcrumbList","@id":"https:\/\/melindaozel.com\/mindful-design-everything-you-did-and-didnt-want-to-know-about-emoji\/#breadcrumb","itemListElement":[{"@type":"ListItem","position":1,"name":"Home","item":"https:\/\/melindaozel.com\/"},{"@type":"ListItem","position":2,"name":"Mindful Design: Everything You Did and Didn&#8217;t Want to Know About Emoji Design"}]},{"@type":"WebSite","@id":"https:\/\/melindaozel.com\/zh\/#website","url":"https:\/\/melindaozel.com\/zh\/","name":"FACS ile Y\u00fczle\u015fin","description":"Sanat, Bilim ve Teknolojide Y\u00fcz \u0130fadeleri","publisher":{"@id":"https:\/\/melindaozel.com\/zh\/#\/schema\/person\/81c6262e1bfca3c71960db5aee204e3f"},"potentialAction":[{"@type":"SearchAction","target":{"@type":"EntryPoint","urlTemplate":"https:\/\/melindaozel.com\/zh\/?s={search_term_string}"},"query-input":{"@type":"PropertyValueSpecification","valueRequired":true,"valueName":"search_term_string"}}],"inLanguage":"tr"},{"@type":["Person","Organization"],"@id":"https:\/\/melindaozel.com\/zh\/#\/schema\/person\/81c6262e1bfca3c71960db5aee204e3f","name":"Melinda Ozel","image":{"@type":"ImageObject","inLanguage":"tr","@id":"https:\/\/i0.wp.com\/melindaozel.com\/wp-content\/uploads\/2025\/02\/face-the-FACS-eye-mouth-logo-pixel.webp?fit=225%2C225&ssl=1","url":"https:\/\/i0.wp.com\/melindaozel.com\/wp-content\/uploads\/2025\/02\/face-the-FACS-eye-mouth-logo-pixel.webp?fit=225%2C225&ssl=1","contentUrl":"https:\/\/i0.wp.com\/melindaozel.com\/wp-content\/uploads\/2025\/02\/face-the-FACS-eye-mouth-logo-pixel.webp?fit=225%2C225&ssl=1","width":225,"height":225,"caption":"Melinda Ozel"},"logo":{"@id":"https:\/\/i0.wp.com\/melindaozel.com\/wp-content\/uploads\/2025\/02\/face-the-FACS-eye-mouth-logo-pixel.webp?fit=225%2C225&ssl=1"},"sameAs":["https:\/\/melindaozel.com","https:\/\/facebook.com\/facetheFACS\/","https:\/\/instagram.com\/manicexpression","https:\/\/linkedin.com\/in\/melindaozel","https:\/\/pinterest.com\/melindaozel\/","https:\/\/x.com\/melindaozel","https:\/\/youtube.com\/@facetheFACS"],"knowsAbout":["Facial Action Coding System (FACS)","Facial Expression Tracking","Facial Anatomy","Facial Animation","Digital Humans","Audio-to-Expression","Audio-to-Face","Visemes","Lipsync"],"jobTitle":"Facial Systems Expert, Expression Scientist","url":"https:\/\/melindaozel.com\/tr\/author\/melindaozel\/","numberOfEmployees":{"@type":"QuantitativeValue","minValue":"1","maxValue":"10"}}]}},"jetpack_featured_media_url":"https:\/\/i0.wp.com\/melindaozel.com\/wp-content\/uploads\/2020\/04\/mindblownemoji.png?fit=755%2C433&ssl=1","jetpack_sharing_enabled":true,"_links":{"self":[{"href":"https:\/\/melindaozel.com\/tr\/wp-json\/wp\/v2\/posts\/2439","targetHints":{"allow":["GET"]}}],"collection":[{"href":"https:\/\/melindaozel.com\/tr\/wp-json\/wp\/v2\/posts"}],"about":[{"href":"https:\/\/melindaozel.com\/tr\/wp-json\/wp\/v2\/types\/post"}],"author":[{"embeddable":true,"href":"https:\/\/melindaozel.com\/tr\/wp-json\/wp\/v2\/users\/60486633"}],"replies":[{"embeddable":true,"href":"https:\/\/melindaozel.com\/tr\/wp-json\/wp\/v2\/comments?post=2439"}],"version-history":[{"count":16,"href":"https:\/\/melindaozel.com\/tr\/wp-json\/wp\/v2\/posts\/2439\/revisions"}],"predecessor-version":[{"id":10837,"href":"https:\/\/melindaozel.com\/tr\/wp-json\/wp\/v2\/posts\/2439\/revisions\/10837"}],"wp:featuredmedia":[{"embeddable":true,"href":"https:\/\/melindaozel.com\/tr\/wp-json\/wp\/v2\/media\/2440"}],"wp:attachment":[{"href":"https:\/\/melindaozel.com\/tr\/wp-json\/wp\/v2\/media?parent=2439"}],"wp:term":[{"taxonomy":"category","embeddable":true,"href":"https:\/\/melindaozel.com\/tr\/wp-json\/wp\/v2\/categories?post=2439"},{"taxonomy":"post_tag","embeddable":true,"href":"https:\/\/melindaozel.com\/tr\/wp-json\/wp\/v2\/tags?post=2439"}],"curies":[{"name":"wp","href":"https:\/\/api.w.org\/{rel}","templated":true}]}}