{"id":2810,"date":"2020-06-22T15:41:30","date_gmt":"2020-06-22T19:41:30","guid":{"rendered":"https:\/\/melindaozel.com\/?p=2810"},"modified":"2026-03-08T01:00:31","modified_gmt":"2026-03-08T06:00:31","slug":"inner-brow-raiser-deep-dive","status":"publish","type":"post","link":"https:\/\/melindaozel.com\/sv\/inner-brow-raiser-deep-dive\/","title":{"rendered":"Inre \u00f6gonbrynsh\u00f6jare: Djupdykning"},"content":{"rendered":"<p style=\"text-align: left;\"><em>F\u00f6ljande inl\u00e4gg handlar om AU1 - inre \u00f6gonbrynsh\u00f6jare, som drivs av den mediala delen av frontalis-muskeln. Det t\u00e4cker: <strong>anatomisk<\/strong> <strong>variation<\/strong>, <strong>gemensam<\/strong> <strong>misstag<\/strong>, och ger <strong>ren<\/strong> <strong>referenser<\/strong>.\u00a0<\/em><\/p>\n<figure id=\"attachment_2977\" aria-describedby=\"caption-attachment-2977\" style=\"width: 1014px\" class=\"wp-caption aligncenter\"><img data-recalc-dims=\"1\" fetchpriority=\"high\" decoding=\"async\" class=\"wp-image-2977 size-large\" src=\"https:\/\/i0.wp.com\/melindaozel.com\/wp-content\/uploads\/2020\/07\/innerbrow2.0_AU1-1.png?resize=1024%2C384&#038;ssl=1\" alt=\"v\u00e4nstra kolumnen: kvinna med neutralt ansikte; h\u00f6gra kolumnen: kvinna som lyfter sina inre brynspetsar\" width=\"1024\" height=\"384\" srcset=\"https:\/\/i0.wp.com\/melindaozel.com\/wp-content\/uploads\/2020\/07\/innerbrow2.0_AU1-1.png?resize=1024%2C384&amp;ssl=1 1024w, https:\/\/i0.wp.com\/melindaozel.com\/wp-content\/uploads\/2020\/07\/innerbrow2.0_AU1-1.png?resize=300%2C113&amp;ssl=1 300w, https:\/\/i0.wp.com\/melindaozel.com\/wp-content\/uploads\/2020\/07\/innerbrow2.0_AU1-1.png?resize=768%2C288&amp;ssl=1 768w, https:\/\/i0.wp.com\/melindaozel.com\/wp-content\/uploads\/2020\/07\/innerbrow2.0_AU1-1.png?resize=1536%2C576&amp;ssl=1 1536w, https:\/\/i0.wp.com\/melindaozel.com\/wp-content\/uploads\/2020\/07\/innerbrow2.0_AU1-1.png?resize=2048%2C768&amp;ssl=1 2048w, https:\/\/i0.wp.com\/melindaozel.com\/wp-content\/uploads\/2020\/07\/innerbrow2.0_AU1-1.png?resize=1088%2C408&amp;ssl=1 1088w, https:\/\/i0.wp.com\/melindaozel.com\/wp-content\/uploads\/2020\/07\/innerbrow2.0_AU1-1.png?w=2400&amp;ssl=1 2400w\" sizes=\"(max-width: 1024px) 100vw, 1024px\" \/><figcaption id=\"caption-attachment-2977\" class=\"wp-caption-text\">Exempel p\u00e5 neutral pose j\u00e4mf\u00f6rt med <em>inre \u00f6gonbrynen h\u00f6js<\/em> posera<\/figcaption><\/figure>\n<h2>\u00a0<\/h2>\n<h2 style=\"text-align: center;\"><strong>Vad \u00e4r jag<\/strong><strong>nner Brow Raiser?<\/strong><\/h2>\n<p><a href=\"https:\/\/melindaozel.com\/the-secret-life-of-inner-brow-raiser\/\" target=\"_blank\" rel=\"noopener\"><em>Inre \u00f6gonbrynen h\u00f6js,<\/em><\/a> eller AU1, \u00e4r en <a href=\"https:\/\/melindaozel.com\/facs-cheat-sheet\/\" target=\"_blank\" rel=\"noopener\">System f\u00f6r kodning av ansiktshandlingar<\/a> (FACS) action unit (AU). Dess funktion \u00e4r att h\u00f6ja det mediala omr\u00e5det f\u00f6r pannan och pannan, och dess verkan utl\u00f6ses av sammandragningen av den mediala regionen av <a href=\"https:\/\/en.wikipedia.org\/wiki\/Frontalis_muscle\" target=\"_blank\" rel=\"noopener\">frontalis<\/a>. Det kan vara sv\u00e5rt att hitta rena referenser<em> inre \u00f6gonbrynsh\u00f6jare.<\/em> N\u00e4r FACS-referenser skapas \u00e4r det m\u00e5nga k\u00e4llor som inte g\u00f6r det:<\/p>\n<ol>\n<li>Hitta sk\u00e5despelare som frivilligt kan trigga sin mediala frontalis utan att samtidigt kontrahera den laterala delen av frontalis eller corrugator supercilii.\u00a0<\/li>\n<li><a href=\"https:\/\/melindaozel.com\/facial-expressions-facial-data-capture\/\" target=\"_blank\" rel=\"noopener\">Rikta modeller p\u00e5 r\u00e4tt s\u00e4tt<\/a> f\u00f6r att utf\u00f6ra medial frontalis kontraktion.<\/li>\n<\/ol>\n<p>I vardagen kan de flesta av oss utan problem h\u00f6ja \u00f6gonbrynen utan att t\u00e4nka efter, men n\u00e4r vi blir tillsagda att g\u00f6ra det har m\u00e5nga sv\u00e5rt att isolera denna r\u00f6relse.<\/p>\n<h2 style=\"text-align: center;\"><b>FACS referenser och felaktig information<\/b><\/h2>\n<p>Jag kritiserade nyligen (2020) en upps\u00e4ttning FACS-former f\u00f6r en kund och noterade hans <em>inre \u00f6gonbrynen h\u00f6js<\/em> form hade en del wellpapp (fr\u00e5n<em> \u00f6gonbrynss\u00e4nkare<\/em>) som av misstag blandats in.<\/p>\n<p><span style=\"text-decoration: underline;\"><strong>Kundens inre bryn Blendshape + Mina anteckningar:<\/strong><\/span><\/p>\n<figure id=\"attachment_2817\" aria-describedby=\"caption-attachment-2817\" style=\"width: 1459px\" class=\"wp-caption aligncenter\"><img data-recalc-dims=\"1\" decoding=\"async\" class=\"wp-image-2817 size-full\" src=\"https:\/\/i0.wp.com\/melindaozel.com\/wp-content\/uploads\/2020\/06\/IMG_0905-2-e1592862489549.png?resize=1200%2C676&#038;ssl=1\" alt=\"inre \u00f6gonbrynslyft med \u00f6gonbrynss\u00e4nkning misstag\" width=\"1200\" height=\"676\" srcset=\"https:\/\/i0.wp.com\/melindaozel.com\/wp-content\/uploads\/2020\/06\/IMG_0905-2-e1592862489549.png?w=1469&amp;ssl=1 1469w, https:\/\/i0.wp.com\/melindaozel.com\/wp-content\/uploads\/2020\/06\/IMG_0905-2-e1592862489549.png?resize=300%2C169&amp;ssl=1 300w, https:\/\/i0.wp.com\/melindaozel.com\/wp-content\/uploads\/2020\/06\/IMG_0905-2-e1592862489549.png?resize=1024%2C577&amp;ssl=1 1024w, https:\/\/i0.wp.com\/melindaozel.com\/wp-content\/uploads\/2020\/06\/IMG_0905-2-e1592862489549.png?resize=768%2C433&amp;ssl=1 768w, https:\/\/i0.wp.com\/melindaozel.com\/wp-content\/uploads\/2020\/06\/IMG_0905-2-e1592862489549.png?resize=1088%2C613&amp;ssl=1 1088w\" sizes=\"(max-width: 1200px) 100vw, 1200px\" \/><figcaption id=\"caption-attachment-2817\" class=\"wp-caption-text\">FACS form av av Derrick Sesson<\/figcaption><\/figure>\n<p><br \/>L\u00e4gg till en wellpappemaskin till <em>inre \u00f6gonbrynen h\u00f6js<\/em> \u00e4r ett mycket vanligt misstag. Detta beror delvis p\u00e5 att: <strong>Bra referenser \u00e4r sv\u00e5ra att hitta!<\/strong><\/p>\n<p>Till och med min klient - en etablerad branschkonstn\u00e4r med en fantastisk portf\u00f6lj och CV - lade omedvetet till korrugeringsdrag i sin modell eftersom han litade p\u00e5 en felaktig referens. Referensen han anv\u00e4nde var fr\u00e5n en framst\u00e5ende bok om anatomi och ansiktsuttryck: <em>Anatomi av ansiktsuttryck<\/em>. M\u00e5nga konststudenter och yrkesverksamma anv\u00e4nder den h\u00e4r l\u00e4roboken. Det \u00e4r en bra l\u00e4robok, men vissa av dess FACS-former \u00e4r felaktiga.<\/p>\n<p><span style=\"text-decoration: underline;\"><strong>Referens som anv\u00e4nds av kunden:<\/strong><\/span><\/p>\n<p>Ser du de vertikala och v\u00e5giga linjerna i mitten av pannan p\u00e5 bilderna nedan? De vertikala linjerna kommer fr\u00e5n pannmuskeln som kallas corrugator supercilii.<\/p>\n<p><img data-recalc-dims=\"1\" decoding=\"async\" class=\"wp-image-2816 aligncenter\" src=\"https:\/\/i0.wp.com\/melindaozel.com\/wp-content\/uploads\/2020\/06\/Screen-Shot-2020-06-22-at-5.42.56-PM.png?resize=675%2C510&#038;ssl=1\" alt=\"inre \u00f6gonbrynet h\u00f6js fel\" width=\"675\" height=\"510\" srcset=\"https:\/\/i0.wp.com\/melindaozel.com\/wp-content\/uploads\/2020\/06\/Screen-Shot-2020-06-22-at-5.42.56-PM.png?w=1564&amp;ssl=1 1564w, https:\/\/i0.wp.com\/melindaozel.com\/wp-content\/uploads\/2020\/06\/Screen-Shot-2020-06-22-at-5.42.56-PM.png?resize=300%2C227&amp;ssl=1 300w, https:\/\/i0.wp.com\/melindaozel.com\/wp-content\/uploads\/2020\/06\/Screen-Shot-2020-06-22-at-5.42.56-PM.png?resize=1024%2C774&amp;ssl=1 1024w, https:\/\/i0.wp.com\/melindaozel.com\/wp-content\/uploads\/2020\/06\/Screen-Shot-2020-06-22-at-5.42.56-PM.png?resize=768%2C580&amp;ssl=1 768w, https:\/\/i0.wp.com\/melindaozel.com\/wp-content\/uploads\/2020\/06\/Screen-Shot-2020-06-22-at-5.42.56-PM.png?resize=1536%2C1161&amp;ssl=1 1536w, https:\/\/i0.wp.com\/melindaozel.com\/wp-content\/uploads\/2020\/06\/Screen-Shot-2020-06-22-at-5.42.56-PM.png?resize=1088%2C822&amp;ssl=1 1088w\" sizes=\"(max-width: 675px) 100vw, 675px\" \/><\/p>\n<p>F\u00f6r att se n\u00e5gra rena exempel p\u00e5 medial h\u00f6jning av \u00f6gonbrynet, titta p\u00e5 GIF:erna nedan. L\u00e4s om de prim\u00e4ra och sekund\u00e4ra effekterna av <em>inre \u00f6gonbrynen h\u00f6js<\/em> och hur dess egenskaper kan variera mellan olika individer.<\/p>\n<h2 style=\"text-align: center;\"><strong>Clean AU1 - Exempel p\u00e5 inre \u00f6gonbrynsh\u00f6jare<\/strong><\/h2>\n<p style=\"text-align: center;\"><img data-recalc-dims=\"1\" loading=\"lazy\" decoding=\"async\" class=\"alignnone wp-image-2803\" src=\"https:\/\/i0.wp.com\/melindaozel.com\/wp-content\/uploads\/2020\/06\/img_0996.gif?resize=418%2C254&#038;ssl=1\" alt=\"AU 1 - inre \u00f6gonbrynslyftning\" width=\"418\" height=\"254\" \/><br \/><strong>Exempel<\/strong><strong> i<\/strong><\/p>\n<p style=\"text-align: center;\"><img data-recalc-dims=\"1\" loading=\"lazy\" decoding=\"async\" class=\"alignnone wp-image-2809\" src=\"https:\/\/i0.wp.com\/melindaozel.com\/wp-content\/uploads\/2020\/06\/inner_brow_ii.gif?resize=419%2C251&#038;ssl=1\" alt=\"AU1 - inre \u00f6gonbrynen h\u00f6js\" width=\"419\" height=\"251\" \/><br \/><strong>exempel ii\u00a0<\/strong><\/p>\n<p class=\"p1\"><b><div class=\"mepr_error\"><p>Det \u00e5terst\u00e5ende inneh\u00e5llet \u00e4r avsett f\u00f6r <a href=\"https:\/\/melindaozel.com\/subscription-options\/\" target=\"_blank\" rel=\"noopener\">Premium-medlemmar<\/a> endast. Om du \u00e4r medlem, <a href=\"https:\/\/melindaozel.com\/login\/\" target=\"_blank\" rel=\"noopener\">skriva in sig<\/a> och g\u00e5 tillbaka till den h\u00e4r sidan :)!<\/p>\n<\/div><\/b><\/p>\n<\/li>\n<\/ul>\n<\/li>\n<\/ul>\n<p>F\u00f6r mer information om<em>\u00a0<\/em>se: <strong><a href=\"https:\/\/melindaozel.com\/the-secret-life-of-inner-brow-raiser\/\">Det hemliga livet f\u00f6r den inre \u00f6gonbrynsresen\u00e4ren<\/a><\/strong>.<\/p>\n<p>F\u00f6r en fullst\u00e4ndig och strukturerad FACS-djupdykning, se min onlinekurs, the: <a href=\"https:\/\/melindaozel.com\/services\/lectures-training\/facs-cram-session\/\" target=\"_blank\" rel=\"noopener\"><strong>FACS Cram Session<\/strong><\/a>.<\/p>\n\n\n<p><\/p>","protected":false},"excerpt":{"rendered":"<p>Inre \u00f6gonbrynslyftning \u00e4r en av de sv\u00e5raste ansiktshandlingarna att hitta rena referenser f\u00f6r. M\u00e5nga k\u00e4llor misslyckas med att hitta sk\u00e5despelare som kan skilja sin inre \u00f6gonbrynslyftning fr\u00e5n andra ansiktshandlingar som yttre \u00f6gonbrynslyftning (fr\u00e5n frontalis, pars lateralis) och \u00f6gonbrynss\u00e4nkning (fr\u00e5n corrugator).<\/p>","protected":false},"author":60486633,"featured_media":2816,"comment_status":"closed","ping_status":"open","sticky":false,"template":"","format":"standard","meta":{"_jetpack_memberships_contains_paid_content":false,"footnotes":""},"categories":[676756994,676757187,676757020,676757175,676757186,676756991,676756915,676756914,676757023,676757009,676757170,676756993],"tags":[],"class_list":["post-2810","post","type-post","status-publish","format-standard","has-post-thumbnail","hentry","category-ar-vr","category-art","category-au1","category-blend-shapes","category-character-rigging","category-anatomy","category-facial-expressions","category-muscles","category-inner-brow-raiser","category-paid","category-premium-previews","category-tech","generate-columns","tablet-grid-50","mobile-grid-100","grid-parent","grid-50"],"yoast_head":"<!-- This site is optimized with the Yoast SEO Premium plugin v27.5 (Yoast SEO v27.5) - https:\/\/yoast.com\/product\/yoast-seo-premium-wordpress\/ -->\n<title>Inner Brow Raiser: Deep Dive - Face the FACS | Facial Expressions in Animation, AI, &amp; Behavior<\/title>\n<meta name=\"description\" content=\"Inner brow raiser (AU1) is a Facial Action Coding System (FACS) action unit whose function is to raise the medial brow and forehead area. Its action is triggered by the contraction of the medial area of frontalis.\" \/>\n<meta name=\"robots\" content=\"index, follow, max-snippet:-1, max-image-preview:large, max-video-preview:-1\" \/>\n<link rel=\"canonical\" href=\"https:\/\/melindaozel.com\/sv\/inner-brow-raiser-deep-dive\/\" \/>\n<meta property=\"og:locale\" content=\"sv_SE\" \/>\n<meta property=\"og:type\" content=\"article\" \/>\n<meta property=\"og:title\" content=\"Inner Brow Raiser: Deep Dive\" \/>\n<meta property=\"og:description\" content=\"Inner brow raiser (AU1) is a Facial Action Coding System (FACS) action unit whose function is to raise the medial brow and forehead area. Its action is triggered by the contraction of the medial area of frontalis.\" \/>\n<meta property=\"og:url\" content=\"https:\/\/melindaozel.com\/sv\/inner-brow-raiser-deep-dive\/\" \/>\n<meta property=\"og:site_name\" content=\"Face the FACS | Facial Expressions in Animation, AI, &amp; Behavior\" \/>\n<meta property=\"article:publisher\" content=\"https:\/\/facebook.com\/facetheFACS\/\" \/>\n<meta property=\"article:author\" content=\"https:\/\/facebook.com\/facetheFACS\/\" \/>\n<meta property=\"article:published_time\" content=\"2020-06-22T19:41:30+00:00\" \/>\n<meta property=\"article:modified_time\" content=\"2026-03-08T06:00:31+00:00\" \/>\n<meta property=\"og:image\" content=\"https:\/\/melindaozel.com\/wp-content\/uploads\/2020\/06\/Screen-Shot-2020-06-22-at-5.42.56-PM.png\" \/>\n\t<meta property=\"og:image:width\" content=\"1564\" \/>\n\t<meta property=\"og:image:height\" content=\"1182\" \/>\n\t<meta property=\"og:image:type\" content=\"image\/png\" \/>\n<meta name=\"author\" content=\"Melinda Ozel\" \/>\n<meta name=\"twitter:card\" content=\"summary_large_image\" \/>\n<meta name=\"twitter:creator\" content=\"@melindaozel\" \/>\n<meta name=\"twitter:site\" content=\"@melindaozel\" \/>\n<meta name=\"twitter:label1\" content=\"Skriven av\" \/>\n\t<meta name=\"twitter:data1\" content=\"Melinda Ozel\" \/>\n\t<meta name=\"twitter:label2\" content=\"Ber\u00e4knad l\u00e4stid\" \/>\n\t<meta name=\"twitter:data2\" content=\"6 minuter\" \/>\n<script type=\"application\/ld+json\" class=\"yoast-schema-graph\">{\"@context\":\"https:\\\/\\\/schema.org\",\"@graph\":[{\"@type\":\"Article\",\"@id\":\"https:\\\/\\\/melindaozel.com\\\/inner-brow-raiser-deep-dive\\\/#article\",\"isPartOf\":{\"@id\":\"https:\\\/\\\/melindaozel.com\\\/inner-brow-raiser-deep-dive\\\/\"},\"author\":{\"name\":\"Melinda Ozel\",\"@id\":\"https:\\\/\\\/melindaozel.com\\\/zh\\\/#\\\/schema\\\/person\\\/81c6262e1bfca3c71960db5aee204e3f\"},\"headline\":\"Inner Brow Raiser: Deep Dive\",\"datePublished\":\"2020-06-22T19:41:30+00:00\",\"dateModified\":\"2026-03-08T06:00:31+00:00\",\"mainEntityOfPage\":{\"@id\":\"https:\\\/\\\/melindaozel.com\\\/inner-brow-raiser-deep-dive\\\/\"},\"wordCount\":770,\"publisher\":{\"@id\":\"https:\\\/\\\/melindaozel.com\\\/zh\\\/#\\\/schema\\\/person\\\/81c6262e1bfca3c71960db5aee204e3f\"},\"image\":{\"@id\":\"https:\\\/\\\/melindaozel.com\\\/inner-brow-raiser-deep-dive\\\/#primaryimage\"},\"thumbnailUrl\":\"https:\\\/\\\/i0.wp.com\\\/melindaozel.com\\\/wp-content\\\/uploads\\\/2020\\\/06\\\/Screen-Shot-2020-06-22-at-5.42.56-PM.png?fit=1564%2C1182&ssl=1\",\"articleSection\":[\"AR\\\/VR\",\"art\",\"AU1\",\"blend shapes\",\"character rigging\",\"facial anatomy\",\"facial expressions\",\"facial muscles\",\"inner brow raiser\",\"paid content\",\"premium previews\",\"tech\"],\"inLanguage\":\"sv-SE\"},{\"@type\":\"WebPage\",\"@id\":\"https:\\\/\\\/melindaozel.com\\\/inner-brow-raiser-deep-dive\\\/\",\"url\":\"https:\\\/\\\/melindaozel.com\\\/inner-brow-raiser-deep-dive\\\/\",\"name\":\"Inner Brow Raiser: Deep Dive - Face the FACS | Facial Expressions in Animation, AI, &amp; Behavior\",\"isPartOf\":{\"@id\":\"https:\\\/\\\/melindaozel.com\\\/zh\\\/#website\"},\"primaryImageOfPage\":{\"@id\":\"https:\\\/\\\/melindaozel.com\\\/inner-brow-raiser-deep-dive\\\/#primaryimage\"},\"image\":{\"@id\":\"https:\\\/\\\/melindaozel.com\\\/inner-brow-raiser-deep-dive\\\/#primaryimage\"},\"thumbnailUrl\":\"https:\\\/\\\/i0.wp.com\\\/melindaozel.com\\\/wp-content\\\/uploads\\\/2020\\\/06\\\/Screen-Shot-2020-06-22-at-5.42.56-PM.png?fit=1564%2C1182&ssl=1\",\"datePublished\":\"2020-06-22T19:41:30+00:00\",\"dateModified\":\"2026-03-08T06:00:31+00:00\",\"description\":\"Inner brow raiser (AU1) is a Facial Action Coding System (FACS) action unit whose function is to raise the medial brow and forehead area. Its action is triggered by the contraction of the medial area of frontalis.\",\"breadcrumb\":{\"@id\":\"https:\\\/\\\/melindaozel.com\\\/inner-brow-raiser-deep-dive\\\/#breadcrumb\"},\"inLanguage\":\"sv-SE\",\"potentialAction\":[{\"@type\":\"ReadAction\",\"target\":[\"https:\\\/\\\/melindaozel.com\\\/inner-brow-raiser-deep-dive\\\/\"]}]},{\"@type\":\"ImageObject\",\"inLanguage\":\"sv-SE\",\"@id\":\"https:\\\/\\\/melindaozel.com\\\/inner-brow-raiser-deep-dive\\\/#primaryimage\",\"url\":\"https:\\\/\\\/i0.wp.com\\\/melindaozel.com\\\/wp-content\\\/uploads\\\/2020\\\/06\\\/Screen-Shot-2020-06-22-at-5.42.56-PM.png?fit=1564%2C1182&ssl=1\",\"contentUrl\":\"https:\\\/\\\/i0.wp.com\\\/melindaozel.com\\\/wp-content\\\/uploads\\\/2020\\\/06\\\/Screen-Shot-2020-06-22-at-5.42.56-PM.png?fit=1564%2C1182&ssl=1\",\"width\":1564,\"height\":1182,\"caption\":\"inner brow raiser wrong\"},{\"@type\":\"BreadcrumbList\",\"@id\":\"https:\\\/\\\/melindaozel.com\\\/inner-brow-raiser-deep-dive\\\/#breadcrumb\",\"itemListElement\":[{\"@type\":\"ListItem\",\"position\":1,\"name\":\"Home\",\"item\":\"https:\\\/\\\/melindaozel.com\\\/\"},{\"@type\":\"ListItem\",\"position\":2,\"name\":\"Inner Brow Raiser: Deep Dive\"}]},{\"@type\":\"WebSite\",\"@id\":\"https:\\\/\\\/melindaozel.com\\\/zh\\\/#website\",\"url\":\"https:\\\/\\\/melindaozel.com\\\/zh\\\/\",\"name\":\"Face the FACS\",\"description\":\"Facial Expressions in Art, Science, &amp; Technology\",\"publisher\":{\"@id\":\"https:\\\/\\\/melindaozel.com\\\/zh\\\/#\\\/schema\\\/person\\\/81c6262e1bfca3c71960db5aee204e3f\"},\"potentialAction\":[{\"@type\":\"SearchAction\",\"target\":{\"@type\":\"EntryPoint\",\"urlTemplate\":\"https:\\\/\\\/melindaozel.com\\\/zh\\\/?s={search_term_string}\"},\"query-input\":{\"@type\":\"PropertyValueSpecification\",\"valueRequired\":true,\"valueName\":\"search_term_string\"}}],\"inLanguage\":\"sv-SE\"},{\"@type\":[\"Person\",\"Organization\"],\"@id\":\"https:\\\/\\\/melindaozel.com\\\/zh\\\/#\\\/schema\\\/person\\\/81c6262e1bfca3c71960db5aee204e3f\",\"name\":\"Melinda Ozel\",\"image\":{\"@type\":\"ImageObject\",\"inLanguage\":\"sv-SE\",\"@id\":\"https:\\\/\\\/i0.wp.com\\\/melindaozel.com\\\/wp-content\\\/uploads\\\/2025\\\/02\\\/face-the-FACS-eye-mouth-logo-pixel.webp?fit=225%2C225&ssl=1\",\"url\":\"https:\\\/\\\/i0.wp.com\\\/melindaozel.com\\\/wp-content\\\/uploads\\\/2025\\\/02\\\/face-the-FACS-eye-mouth-logo-pixel.webp?fit=225%2C225&ssl=1\",\"contentUrl\":\"https:\\\/\\\/i0.wp.com\\\/melindaozel.com\\\/wp-content\\\/uploads\\\/2025\\\/02\\\/face-the-FACS-eye-mouth-logo-pixel.webp?fit=225%2C225&ssl=1\",\"width\":225,\"height\":225,\"caption\":\"Melinda Ozel\"},\"logo\":{\"@id\":\"https:\\\/\\\/i0.wp.com\\\/melindaozel.com\\\/wp-content\\\/uploads\\\/2025\\\/02\\\/face-the-FACS-eye-mouth-logo-pixel.webp?fit=225%2C225&ssl=1\"},\"sameAs\":[\"https:\\\/\\\/melindaozel.com\",\"https:\\\/\\\/facebook.com\\\/facetheFACS\\\/\",\"https:\\\/\\\/instagram.com\\\/manicexpression\",\"https:\\\/\\\/linkedin.com\\\/in\\\/melindaozel\",\"https:\\\/\\\/pinterest.com\\\/melindaozel\\\/\",\"https:\\\/\\\/x.com\\\/melindaozel\",\"https:\\\/\\\/youtube.com\\\/@facetheFACS\"],\"knowsAbout\":[\"Facial Action Coding System (FACS)\",\"Facial Expression Tracking\",\"Facial Anatomy\",\"Facial Animation\",\"Digital Humans\",\"Audio-to-Expression\",\"Audio-to-Face\",\"Visemes\",\"Lipsync\"],\"jobTitle\":\"Facial Systems Expert, Expression Scientist\",\"url\":\"https:\\\/\\\/melindaozel.com\\\/sv\\\/author\\\/melindaozel\\\/\",\"numberOfEmployees\":{\"@type\":\"QuantitativeValue\",\"minValue\":\"1\",\"maxValue\":\"10\"}}]}<\/script>\n<!-- \/ Yoast SEO Premium plugin. -->","yoast_head_json":{"title":"Inre \u00f6gonbrynsh\u00f6jare: Deep Dive - Face the FACS | Ansiktsuttryck i animering, AI och beteende","description":"Inner brow raiser (AU1) \u00e4r en FACS-actionenhet (Facial Action Coding System) vars funktion \u00e4r att h\u00f6ja den mediala pannan och pannomr\u00e5det. Dess verkan utl\u00f6ses av sammandragningen av den mediala delen av frontalis.","robots":{"index":"index","follow":"follow","max-snippet":"max-snippet:-1","max-image-preview":"max-image-preview:large","max-video-preview":"max-video-preview:-1"},"canonical":"https:\/\/melindaozel.com\/sv\/inner-brow-raiser-deep-dive\/","og_locale":"sv_SE","og_type":"article","og_title":"Inner Brow Raiser: Deep Dive","og_description":"Inner brow raiser (AU1) is a Facial Action Coding System (FACS) action unit whose function is to raise the medial brow and forehead area. Its action is triggered by the contraction of the medial area of frontalis.","og_url":"https:\/\/melindaozel.com\/sv\/inner-brow-raiser-deep-dive\/","og_site_name":"Face the FACS | Facial Expressions in Animation, AI, &amp; Behavior","article_publisher":"https:\/\/facebook.com\/facetheFACS\/","article_author":"https:\/\/facebook.com\/facetheFACS\/","article_published_time":"2020-06-22T19:41:30+00:00","article_modified_time":"2026-03-08T06:00:31+00:00","og_image":[{"width":1564,"height":1182,"url":"https:\/\/melindaozel.com\/wp-content\/uploads\/2020\/06\/Screen-Shot-2020-06-22-at-5.42.56-PM.png","type":"image\/png"}],"author":"Melinda Ozel","twitter_card":"summary_large_image","twitter_creator":"@melindaozel","twitter_site":"@melindaozel","twitter_misc":{"Skriven av":"Melinda Ozel","Ber\u00e4knad l\u00e4stid":"6 minuter"},"schema":{"@context":"https:\/\/schema.org","@graph":[{"@type":"Article","@id":"https:\/\/melindaozel.com\/inner-brow-raiser-deep-dive\/#article","isPartOf":{"@id":"https:\/\/melindaozel.com\/inner-brow-raiser-deep-dive\/"},"author":{"name":"Melinda Ozel","@id":"https:\/\/melindaozel.com\/zh\/#\/schema\/person\/81c6262e1bfca3c71960db5aee204e3f"},"headline":"Inner Brow Raiser: Deep Dive","datePublished":"2020-06-22T19:41:30+00:00","dateModified":"2026-03-08T06:00:31+00:00","mainEntityOfPage":{"@id":"https:\/\/melindaozel.com\/inner-brow-raiser-deep-dive\/"},"wordCount":770,"publisher":{"@id":"https:\/\/melindaozel.com\/zh\/#\/schema\/person\/81c6262e1bfca3c71960db5aee204e3f"},"image":{"@id":"https:\/\/melindaozel.com\/inner-brow-raiser-deep-dive\/#primaryimage"},"thumbnailUrl":"https:\/\/i0.wp.com\/melindaozel.com\/wp-content\/uploads\/2020\/06\/Screen-Shot-2020-06-22-at-5.42.56-PM.png?fit=1564%2C1182&ssl=1","articleSection":["AR\/VR","art","AU1","blend shapes","character rigging","facial anatomy","facial expressions","facial muscles","inner brow raiser","paid content","premium previews","tech"],"inLanguage":"sv-SE"},{"@type":"WebPage","@id":"https:\/\/melindaozel.com\/inner-brow-raiser-deep-dive\/","url":"https:\/\/melindaozel.com\/inner-brow-raiser-deep-dive\/","name":"Inre \u00f6gonbrynsh\u00f6jare: Deep Dive - Face the FACS | Ansiktsuttryck i animering, AI och beteende","isPartOf":{"@id":"https:\/\/melindaozel.com\/zh\/#website"},"primaryImageOfPage":{"@id":"https:\/\/melindaozel.com\/inner-brow-raiser-deep-dive\/#primaryimage"},"image":{"@id":"https:\/\/melindaozel.com\/inner-brow-raiser-deep-dive\/#primaryimage"},"thumbnailUrl":"https:\/\/i0.wp.com\/melindaozel.com\/wp-content\/uploads\/2020\/06\/Screen-Shot-2020-06-22-at-5.42.56-PM.png?fit=1564%2C1182&ssl=1","datePublished":"2020-06-22T19:41:30+00:00","dateModified":"2026-03-08T06:00:31+00:00","description":"Inner brow raiser (AU1) \u00e4r en FACS-actionenhet (Facial Action Coding System) vars funktion \u00e4r att h\u00f6ja den mediala pannan och pannomr\u00e5det. Dess verkan utl\u00f6ses av sammandragningen av den mediala delen av frontalis.","breadcrumb":{"@id":"https:\/\/melindaozel.com\/inner-brow-raiser-deep-dive\/#breadcrumb"},"inLanguage":"sv-SE","potentialAction":[{"@type":"ReadAction","target":["https:\/\/melindaozel.com\/inner-brow-raiser-deep-dive\/"]}]},{"@type":"ImageObject","inLanguage":"sv-SE","@id":"https:\/\/melindaozel.com\/inner-brow-raiser-deep-dive\/#primaryimage","url":"https:\/\/i0.wp.com\/melindaozel.com\/wp-content\/uploads\/2020\/06\/Screen-Shot-2020-06-22-at-5.42.56-PM.png?fit=1564%2C1182&ssl=1","contentUrl":"https:\/\/i0.wp.com\/melindaozel.com\/wp-content\/uploads\/2020\/06\/Screen-Shot-2020-06-22-at-5.42.56-PM.png?fit=1564%2C1182&ssl=1","width":1564,"height":1182,"caption":"inner brow raiser wrong"},{"@type":"BreadcrumbList","@id":"https:\/\/melindaozel.com\/inner-brow-raiser-deep-dive\/#breadcrumb","itemListElement":[{"@type":"ListItem","position":1,"name":"Home","item":"https:\/\/melindaozel.com\/"},{"@type":"ListItem","position":2,"name":"Inner Brow Raiser: Deep Dive"}]},{"@type":"WebSite","@id":"https:\/\/melindaozel.com\/zh\/#website","url":"https:\/\/melindaozel.com\/zh\/","name":"St\u00e4ll dig inf\u00f6r FACS","description":"Ansiktsuttryck i konst, vetenskap och teknik","publisher":{"@id":"https:\/\/melindaozel.com\/zh\/#\/schema\/person\/81c6262e1bfca3c71960db5aee204e3f"},"potentialAction":[{"@type":"SearchAction","target":{"@type":"EntryPoint","urlTemplate":"https:\/\/melindaozel.com\/zh\/?s={search_term_string}"},"query-input":{"@type":"PropertyValueSpecification","valueRequired":true,"valueName":"search_term_string"}}],"inLanguage":"sv-SE"},{"@type":["Person","Organization"],"@id":"https:\/\/melindaozel.com\/zh\/#\/schema\/person\/81c6262e1bfca3c71960db5aee204e3f","name":"Melinda Ozel","image":{"@type":"ImageObject","inLanguage":"sv-SE","@id":"https:\/\/i0.wp.com\/melindaozel.com\/wp-content\/uploads\/2025\/02\/face-the-FACS-eye-mouth-logo-pixel.webp?fit=225%2C225&ssl=1","url":"https:\/\/i0.wp.com\/melindaozel.com\/wp-content\/uploads\/2025\/02\/face-the-FACS-eye-mouth-logo-pixel.webp?fit=225%2C225&ssl=1","contentUrl":"https:\/\/i0.wp.com\/melindaozel.com\/wp-content\/uploads\/2025\/02\/face-the-FACS-eye-mouth-logo-pixel.webp?fit=225%2C225&ssl=1","width":225,"height":225,"caption":"Melinda Ozel"},"logo":{"@id":"https:\/\/i0.wp.com\/melindaozel.com\/wp-content\/uploads\/2025\/02\/face-the-FACS-eye-mouth-logo-pixel.webp?fit=225%2C225&ssl=1"},"sameAs":["https:\/\/melindaozel.com","https:\/\/facebook.com\/facetheFACS\/","https:\/\/instagram.com\/manicexpression","https:\/\/linkedin.com\/in\/melindaozel","https:\/\/pinterest.com\/melindaozel\/","https:\/\/x.com\/melindaozel","https:\/\/youtube.com\/@facetheFACS"],"knowsAbout":["Facial Action Coding System (FACS)","Facial Expression Tracking","Facial Anatomy","Facial Animation","Digital Humans","Audio-to-Expression","Audio-to-Face","Visemes","Lipsync"],"jobTitle":"Facial Systems Expert, Expression Scientist","url":"https:\/\/melindaozel.com\/sv\/author\/melindaozel\/","numberOfEmployees":{"@type":"QuantitativeValue","minValue":"1","maxValue":"10"}}]}},"jetpack_featured_media_url":"https:\/\/i0.wp.com\/melindaozel.com\/wp-content\/uploads\/2020\/06\/Screen-Shot-2020-06-22-at-5.42.56-PM.png?fit=1564%2C1182&ssl=1","jetpack_sharing_enabled":true,"_links":{"self":[{"href":"https:\/\/melindaozel.com\/sv\/wp-json\/wp\/v2\/posts\/2810","targetHints":{"allow":["GET"]}}],"collection":[{"href":"https:\/\/melindaozel.com\/sv\/wp-json\/wp\/v2\/posts"}],"about":[{"href":"https:\/\/melindaozel.com\/sv\/wp-json\/wp\/v2\/types\/post"}],"author":[{"embeddable":true,"href":"https:\/\/melindaozel.com\/sv\/wp-json\/wp\/v2\/users\/60486633"}],"replies":[{"embeddable":true,"href":"https:\/\/melindaozel.com\/sv\/wp-json\/wp\/v2\/comments?post=2810"}],"version-history":[{"count":24,"href":"https:\/\/melindaozel.com\/sv\/wp-json\/wp\/v2\/posts\/2810\/revisions"}],"predecessor-version":[{"id":14982,"href":"https:\/\/melindaozel.com\/sv\/wp-json\/wp\/v2\/posts\/2810\/revisions\/14982"}],"wp:featuredmedia":[{"embeddable":true,"href":"https:\/\/melindaozel.com\/sv\/wp-json\/wp\/v2\/media\/2816"}],"wp:attachment":[{"href":"https:\/\/melindaozel.com\/sv\/wp-json\/wp\/v2\/media?parent=2810"}],"wp:term":[{"taxonomy":"category","embeddable":true,"href":"https:\/\/melindaozel.com\/sv\/wp-json\/wp\/v2\/categories?post=2810"},{"taxonomy":"post_tag","embeddable":true,"href":"https:\/\/melindaozel.com\/sv\/wp-json\/wp\/v2\/tags?post=2810"}],"curies":[{"name":"wp","href":"https:\/\/api.w.org\/{rel}","templated":true}]}}