{"id":7503,"date":"2022-07-20T11:48:20","date_gmt":"2022-07-20T15:48:20","guid":{"rendered":"https:\/\/melindaozel.com\/?p=7503"},"modified":"2025-02-21T01:08:45","modified_gmt":"2025-02-21T06:08:45","slug":"forehead-dynamics-frontalis-vs-occipitalis","status":"publish","type":"post","link":"https:\/\/melindaozel.com\/pt\/forehead-dynamics-frontalis-vs-occipitalis\/","title":{"rendered":"Din\u00e2mica da testa - Frontal vs. Occipital"},"content":{"rendered":"<div data-elementor-type=\"wp-post\" data-elementor-id=\"7503\" class=\"elementor elementor-7503\" data-elementor-post-type=\"post\">\n\t\t\t\t\t\t<section class=\"elementor-section elementor-top-section elementor-element elementor-element-9f49811 elementor-section-boxed elementor-section-height-default elementor-section-height-default\" data-id=\"9f49811\" data-element_type=\"section\" data-e-type=\"section\">\n\t\t\t\t\t\t<div class=\"elementor-container elementor-column-gap-default\">\n\t\t\t\t\t<div class=\"elementor-column elementor-col-100 elementor-top-column elementor-element elementor-element-c8becd6\" data-id=\"c8becd6\" data-element_type=\"column\" data-e-type=\"column\">\n\t\t\t<div class=\"elementor-widget-wrap elementor-element-populated\">\n\t\t\t\t\t\t<div class=\"elementor-element elementor-element-a54507e elementor-widget elementor-widget-heading\" data-id=\"a54507e\" data-element_type=\"widget\" data-e-type=\"widget\" data-widget_type=\"heading.default\">\n\t\t\t\t\t<h1 class=\"elementor-heading-title elementor-size-default\">din\u00e2mica na testa<\/h1>\t\t\t\t<\/div>\n\t\t\t\t\t<\/div>\n\t\t<\/div>\n\t\t\t\t\t<\/div>\n\t\t<\/section>\n\t\t\t\t<section class=\"elementor-section elementor-top-section elementor-element elementor-element-7c9f8e8 elementor-section-boxed elementor-section-height-default elementor-section-height-default\" data-id=\"7c9f8e8\" data-element_type=\"section\" data-e-type=\"section\">\n\t\t\t\t\t\t<div class=\"elementor-container elementor-column-gap-default\">\n\t\t\t\t\t<div class=\"elementor-column elementor-col-100 elementor-top-column elementor-element elementor-element-a66fc28\" data-id=\"a66fc28\" data-element_type=\"column\" data-e-type=\"column\">\n\t\t\t<div class=\"elementor-widget-wrap elementor-element-populated\">\n\t\t\t\t\t\t<div class=\"elementor-element elementor-element-7a17654 elementor-widget elementor-widget-heading\" data-id=\"7a17654\" data-element_type=\"widget\" data-e-type=\"widget\" data-widget_type=\"heading.default\">\n\t\t\t\t\t<h2 class=\"elementor-heading-title elementor-size-default\">frontalis vs. occipitalis<\/h2>\t\t\t\t<\/div>\n\t\t\t\t\t<\/div>\n\t\t<\/div>\n\t\t\t\t\t<\/div>\n\t\t<\/section>\n\t\t\t\t<section class=\"elementor-section elementor-top-section elementor-element elementor-element-fe649d2 elementor-section-boxed elementor-section-height-default elementor-section-height-default\" data-id=\"fe649d2\" data-element_type=\"section\" data-e-type=\"section\">\n\t\t\t\t\t\t<div class=\"elementor-container elementor-column-gap-default\">\n\t\t\t\t\t<div class=\"elementor-column elementor-col-100 elementor-top-column elementor-element elementor-element-3d6b6ba\" data-id=\"3d6b6ba\" data-element_type=\"column\" data-e-type=\"column\">\n\t\t\t<div class=\"elementor-widget-wrap elementor-element-populated\">\n\t\t\t\t\t\t<div class=\"elementor-element elementor-element-4d30c71 elementor-widget elementor-widget-text-editor\" data-id=\"4d30c71\" data-element_type=\"widget\" data-e-type=\"widget\" data-widget_type=\"text-editor.default\">\n\t\t\t\t\t\t\t\t\t<p>Quando se trata de express\u00f5es na testa, duas categorias de movimentos faciais recebem toda a aten\u00e7\u00e3o:<\/p><ul><li><span style=\"text-decoration: underline;\">levantar as sobrancelhas<\/span> - causado por frontalis<\/li><li><u>abaixamento de sobrancelhas<\/u> - causada por procerus, depressor supercilii, e corrugator supercilii (Onduladeira tamb\u00e9m tricotou as sobrancelhas).<\/li><\/ul><p>Embora seja crucial saber como diferentes m\u00fasculos faciais impulsionam nossas express\u00f5es faciais, as sobrancelhas n\u00e3o contam a hist\u00f3ria toda. H\u00e1 mais em jogo na regi\u00e3o da testa.<\/p>\t\t\t\t\t\t\t\t<\/div>\n\t\t\t\t\t<\/div>\n\t\t<\/div>\n\t\t\t\t\t<\/div>\n\t\t<\/section>\n\t\t\t\t<section class=\"elementor-section elementor-top-section elementor-element elementor-element-f7d1c23 elementor-section-boxed elementor-section-height-default elementor-section-height-default\" data-id=\"f7d1c23\" data-element_type=\"section\" data-e-type=\"section\">\n\t\t\t\t\t\t<div class=\"elementor-container elementor-column-gap-default\">\n\t\t\t\t\t<div class=\"elementor-column elementor-col-100 elementor-top-column elementor-element elementor-element-50c88cf\" data-id=\"50c88cf\" data-element_type=\"column\" data-e-type=\"column\">\n\t\t\t<div class=\"elementor-widget-wrap elementor-element-populated\">\n\t\t\t\t\t\t<div class=\"elementor-element elementor-element-f178b8a elementor-widget elementor-widget-heading\" data-id=\"f178b8a\" data-element_type=\"widget\" data-e-type=\"widget\" data-widget_type=\"heading.default\">\n\t\t\t\t\t<h2 class=\"elementor-heading-title elementor-size-default\">fun\u00e7\u00f5es secretas do frontalis<\/h2>\t\t\t\t<\/div>\n\t\t\t\t\t<\/div>\n\t\t<\/div>\n\t\t\t\t\t<\/div>\n\t\t<\/section>\n\t\t\t\t<section class=\"elementor-section elementor-top-section elementor-element elementor-element-0b7539b elementor-section-boxed elementor-section-height-default elementor-section-height-default\" data-id=\"0b7539b\" data-element_type=\"section\" data-e-type=\"section\">\n\t\t\t\t\t\t<div class=\"elementor-container elementor-column-gap-default\">\n\t\t\t\t\t<div class=\"elementor-column elementor-col-100 elementor-top-column elementor-element elementor-element-17399e4\" data-id=\"17399e4\" data-element_type=\"column\" data-e-type=\"column\">\n\t\t\t<div class=\"elementor-widget-wrap elementor-element-populated\">\n\t\t\t\t\t\t<div class=\"elementor-element elementor-element-b159b55 elementor-widget elementor-widget-text-editor\" data-id=\"b159b55\" data-element_type=\"widget\" data-e-type=\"widget\" data-widget_type=\"text-editor.default\">\n\t\t\t\t\t\t\t\t\t<p>Estamos geralmente familiarizados com o trabalho do frontalis como um elevador de sobrancelhas; no entanto, muitas vezes \u00e9 negligenciado o conhecimento de que o frontalis tamb\u00e9m funciona como um depressor da linha do cabelo. Embora esta id\u00e9ia possa parecer contraintuitiva, uma vez que voc\u00ea esteja familiarizado com alguns conceitos b\u00e1sicos de m\u00fasculos, as coisas come\u00e7ar\u00e3o a fazer sentido. <span style=\"text-decoration: underline;\">Assista ao v\u00eddeo abaixo para uma descri\u00e7\u00e3o visual de como ele funciona<\/span>.<\/p>\t\t\t\t\t\t\t\t<\/div>\n\t\t\t\t\t<\/div>\n\t\t<\/div>\n\t\t\t\t\t<\/div>\n\t\t<\/section>\n\t\t\t\t<section class=\"elementor-section elementor-top-section elementor-element elementor-element-15f8f97 elementor-section-boxed elementor-section-height-default elementor-section-height-default\" data-id=\"15f8f97\" data-element_type=\"section\" data-e-type=\"section\">\n\t\t\t\t\t\t<div class=\"elementor-container elementor-column-gap-default\">\n\t\t\t\t\t<div class=\"elementor-column elementor-col-100 elementor-top-column elementor-element elementor-element-5f9f216\" data-id=\"5f9f216\" data-element_type=\"column\" data-e-type=\"column\">\n\t\t\t<div class=\"elementor-widget-wrap elementor-element-populated\">\n\t\t\t\t\t\t<div class=\"elementor-element elementor-element-996a0a3 elementor-widget elementor-widget-video\" data-id=\"996a0a3\" data-element_type=\"widget\" data-e-type=\"widget\" data-settings=\"{&quot;video_type&quot;:&quot;vimeo&quot;,&quot;loop&quot;:&quot;yes&quot;,&quot;show_image_overlay&quot;:&quot;yes&quot;,&quot;image_overlay&quot;:{&quot;url&quot;:&quot;https:\\\/\\\/melindaozel.com\\\/wp-content\\\/uploads\\\/2022\\\/07\\\/frontalis-and-occipitalis-video.png&quot;,&quot;id&quot;:7510,&quot;size&quot;:&quot;&quot;,&quot;alt&quot;:&quot;frontalis and occipitalis - video&quot;,&quot;source&quot;:&quot;library&quot;}}\" data-widget_type=\"video.default\">\n\t\t\t\t\t\t\t<div class=\"elementor-wrapper elementor-open-inline\">\n\t\t\t<iframe class=\"elementor-video-iframe\" allowfullscreen allow=\"clipboard-write\" title=\"Reprodutor de v\u00eddeo vimeo\" src=\"https:\/\/player.vimeo.com\/video\/731436092?color&amp;autopause=0&amp;loop=1&amp;muted=0&amp;title=1&amp;portrait=1&amp;byline=1#t=\"><\/iframe>\t\t\t\t<div class=\"elementor-custom-embed-image-overlay\" style=\"background-image: url(https:\/\/i0.wp.com\/melindaozel.com\/wp-content\/uploads\/2022\/07\/frontalis-and-occipitalis-video.png?fit=1098%2C1086&amp;ssl=1);\">\n\t\t\t\t\t\t\t\t\t\t\t\t\t\t\t\t<div class=\"elementor-custom-embed-play\" role=\"button\" aria-label=\"Reproduzir v\u00eddeo sobre frontalis e occipitalis - v\u00eddeo\" tabindex=\"0\">\n\t\t\t\t\t\t\t<svg aria-hidden=\"true\" class=\"e-font-icon-svg e-eicon-play\" viewbox=\"0 0 1000 1000\" xmlns=\"http:\/\/www.w3.org\/2000\/svg\"><path d=\"M838 162C746 71 633 25 500 25 371 25 258 71 163 162 71 254 25 367 25 500 25 633 71 746 163 837 254 929 367 979 500 979 633 979 746 933 838 837 929 746 975 633 975 500 975 367 929 254 838 162M808 192C892 279 933 379 933 500 933 621 892 725 808 808 725 892 621 938 500 938 379 938 279 896 196 808 113 725 67 621 67 500 67 379 108 279 196 192 279 108 383 62 500 62 621 62 721 108 808 192M438 392V642L642 517 438 392Z\"><\/path><\/svg>\t\t\t\t\t\t<\/div>\n\t\t\t\t\t\t\t\t\t<\/div>\n\t\t\t\t\t<\/div>\n\t\t\t\t\t\t<\/div>\n\t\t\t\t\t<\/div>\n\t\t<\/div>\n\t\t\t\t\t<\/div>\n\t\t<\/section>\n\t\t\t\t<section class=\"elementor-section elementor-top-section elementor-element elementor-element-5ea698a elementor-section-boxed elementor-section-height-default elementor-section-height-default\" data-id=\"5ea698a\" data-element_type=\"section\" data-e-type=\"section\">\n\t\t\t\t\t\t<div class=\"elementor-container elementor-column-gap-default\">\n\t\t\t\t\t<div class=\"elementor-column elementor-col-100 elementor-top-column elementor-element elementor-element-76a1804\" data-id=\"76a1804\" data-element_type=\"column\" data-e-type=\"column\">\n\t\t\t<div class=\"elementor-widget-wrap elementor-element-populated\">\n\t\t\t\t\t\t<div class=\"elementor-element elementor-element-42cde0d elementor-widget elementor-widget-text-editor\" data-id=\"42cde0d\" data-element_type=\"widget\" data-e-type=\"widget\" data-widget_type=\"text-editor.default\">\n\t\t\t\t\t\t\t\t\t<p align=\"center\"><span style=\"text-decoration: underline;\">TRADU\u00c7\u00c3O DE V\u00cdDEO<\/span><\/p>\n<p style=\"font-size: small;\"><strong>(0:01)<\/strong> Vamos falar sobre o(s) m\u00fasculo(s) frontalis e occipitalis. <strong>(0:02)<\/strong> Algumas fontes consideram esses dois m\u00fasculos distintos, <strong>(0:03)<\/strong> enquanto outros os consideram como duas barrigas do mesmo m\u00fasculo. <strong>(0:05)<\/strong> Independentemente do fato de o frontalis e o occipitalis serem o mesmo m\u00fasculo ou dois m\u00fasculos distintos, cada um deles tem diferen\u00e7as importantes no local de fixa\u00e7\u00e3o e na forma de funcionamento. <strong>(0:08)<\/strong> O frontal origina-se de uma l\u00e2mina tend\u00ednea conhecida como g\u00e1lea aponeur\u00f3tica e se liga aos m\u00fasculos superficiais da parte inferior da testa (ou seja, corrugador, procerus, orbicularis oculi). <strong>(0:11)<\/strong> Um aspecto importante a ser observado \u00e9: O frontalis n\u00e3o tem anexos \u00f3sseos! <strong>(0:13)<\/strong> Portanto, quando ele se contrai para puxar as sobrancelhas para cima, ele arrasta parte do couro cabeludo para frente. <strong>(0:15)<\/strong> Assim: <strong>(0:19)<\/strong> Agora, o occipital. . . <strong>(0:20)<\/strong> Ao contr\u00e1rio do frontal, o occipital tem uma inser\u00e7\u00e3o \u00f3ssea. Sua origem est\u00e1 pr\u00f3xima \u00e0 base do cr\u00e2nio. <strong>(0:22)<\/strong> O occipital tamb\u00e9m se fixa \u00e0 g\u00e1lea aponeur\u00f3tica; entretanto, essa fixa\u00e7\u00e3o \u00e9 o ponto de inser\u00e7\u00e3o do occipital. (O frontal se fixa ali em sua origem).<strong> (0:25)<\/strong> A fun\u00e7\u00e3o do occipital \u00e9 retrair o couro cabeludo (pux\u00e1-lo para tr\u00e1s). <strong>(0:28)<\/strong> Enquanto o frontal eleva a sobrancelha e tensiona a pele do couro cabeludo, o occipital ajuda a fixar o couro cabeludo para baixo, retraindo-o. <strong>(0:30)<\/strong> Dependendo de como voc\u00ea v\u00ea, os efeitos combinados do frontalis e do occipitalis podem ser considerados sin\u00e9rgicos ou antag\u00f4nicos. <strong>(0:31)<\/strong> Enquanto o frontal eleva a sobrancelha e tensiona a pele do couro cabeludo, o occipital ajuda a fixar o couro cabeludo para baixo, retraindo-o. <strong>(0:34)<\/strong> Essa coativa\u00e7\u00e3o equilibra as for\u00e7as do frontalis.<\/p>\t\t\t\t\t\t\t\t<\/div>\n\t\t\t\t\t<\/div>\n\t\t<\/div>\n\t\t\t\t\t<\/div>\n\t\t<\/section>\n\t\t\t\t<section class=\"elementor-section elementor-top-section elementor-element elementor-element-a025ca0 elementor-section-boxed elementor-section-height-default elementor-section-height-default\" data-id=\"a025ca0\" data-element_type=\"section\" data-e-type=\"section\">\n\t\t\t\t\t\t<div class=\"elementor-container elementor-column-gap-default\">\n\t\t\t\t\t<div class=\"elementor-column elementor-col-100 elementor-top-column elementor-element elementor-element-01dc502\" data-id=\"01dc502\" data-element_type=\"column\" data-e-type=\"column\">\n\t\t\t<div class=\"elementor-widget-wrap elementor-element-populated\">\n\t\t\t\t\t\t<div class=\"elementor-element elementor-element-a1141b6 elementor-widget elementor-widget-heading\" data-id=\"a1141b6\" data-element_type=\"widget\" data-e-type=\"widget\" data-widget_type=\"heading.default\">\n\t\t\t\t\t<h2 class=\"elementor-heading-title elementor-size-default\">arrasto na linha do cabelo: al\u00e9m do b\u00e1sico<\/h2>\t\t\t\t<\/div>\n\t\t\t\t\t<\/div>\n\t\t<\/div>\n\t\t\t\t\t<\/div>\n\t\t<\/section>\n\t\t\t\t<section class=\"elementor-section elementor-top-section elementor-element elementor-element-67f7903 elementor-section-boxed elementor-section-height-default elementor-section-height-default\" data-id=\"67f7903\" data-element_type=\"section\" data-e-type=\"section\">\n\t\t\t\t\t\t<div class=\"elementor-container elementor-column-gap-default\">\n\t\t\t\t\t<div class=\"elementor-column elementor-col-100 elementor-top-column elementor-element elementor-element-d7ccfce\" data-id=\"d7ccfce\" data-element_type=\"column\" data-e-type=\"column\">\n\t\t\t<div class=\"elementor-widget-wrap elementor-element-populated\">\n\t\t\t\t\t\t<div class=\"elementor-element elementor-element-d250c2c elementor-widget elementor-widget-text-editor\" data-id=\"d250c2c\" data-element_type=\"widget\" data-e-type=\"widget\" data-widget_type=\"text-editor.default\">\n\t\t\t\t\t\t\t\t\t<p>Agora que j\u00e1 falamos sobre como. . .\u00a0<\/p><ul><li>O frontalis tem um efeito de eleva\u00e7\u00e3o nas sobrancelhas e um efeito de redu\u00e7\u00e3o na linha do cabelo<\/li><li>O occipital desempenha um papel na atenua\u00e7\u00e3o do efeito de redu\u00e7\u00e3o da linha do cabelo do frontal<\/li><\/ul><p>. . vamos falar sobre quais fatores contribuem para os diferentes graus de arrasto da linha do cabelo.<\/p><p><span style=\"font-size: 0.9375rem;\">O grau de arrastamento do couro cabeludo pela frontalis varia em v\u00e1rios n\u00edveis. Pode variar de pessoa para pessoa, bem como de situa\u00e7\u00e3o para situa\u00e7\u00e3o.<\/span><\/p>\t\t\t\t\t\t\t\t<\/div>\n\t\t\t\t\t<\/div>\n\t\t<\/div>\n\t\t\t\t\t<\/div>\n\t\t<\/section>\n\t\t\t\t<section class=\"elementor-section elementor-top-section elementor-element elementor-element-7285a40 elementor-section-boxed elementor-section-height-default elementor-section-height-default\" data-id=\"7285a40\" data-element_type=\"section\" data-e-type=\"section\">\n\t\t\t\t\t\t<div class=\"elementor-container elementor-column-gap-default\">\n\t\t\t\t\t<div class=\"elementor-column elementor-col-100 elementor-top-column elementor-element elementor-element-46da584\" data-id=\"46da584\" data-element_type=\"column\" data-e-type=\"column\">\n\t\t\t<div class=\"elementor-widget-wrap elementor-element-populated\">\n\t\t\t\t\t\t<div class=\"elementor-element elementor-element-b13facd elementor-widget elementor-widget-heading\" data-id=\"b13facd\" data-element_type=\"widget\" data-e-type=\"widget\" data-widget_type=\"heading.default\">\n\t\t\t\t\t<h3 class=\"elementor-heading-title elementor-size-default\"><u>varia\u00e7\u00e3o individual<\/u><\/h3>\t\t\t\t<\/div>\n\t\t\t\t\t<\/div>\n\t\t<\/div>\n\t\t\t\t\t<\/div>\n\t\t<\/section>\n\t\t\t\t<section class=\"elementor-section elementor-top-section elementor-element elementor-element-d40649a elementor-section-boxed elementor-section-height-default elementor-section-height-default\" data-id=\"d40649a\" data-element_type=\"section\" data-e-type=\"section\">\n\t\t\t\t\t\t<div class=\"elementor-container elementor-column-gap-default\">\n\t\t\t\t\t<div class=\"elementor-column elementor-col-100 elementor-top-column elementor-element elementor-element-09ef059\" data-id=\"09ef059\" data-element_type=\"column\" data-e-type=\"column\">\n\t\t\t<div class=\"elementor-widget-wrap elementor-element-populated\">\n\t\t\t\t\t\t<div class=\"elementor-element elementor-element-cba2882 elementor-widget elementor-widget-text-editor\" data-id=\"cba2882\" data-element_type=\"widget\" data-e-type=\"widget\" data-widget_type=\"text-editor.default\">\n\t\t\t\t\t\t\t\t\t<p>Como coberto em <a href=\"https:\/\/melindaozel.com\/frontalis-variation\/\" target=\"_blank\" rel=\"noopener\">\"Varia\u00e7\u00e3o Frontalis\".<\/a> O m\u00fasculo frontal varia entre os seres humanos em termos de forma, tamanho, \u00e2ngulo, comprimento e posicionamento relativo entre os m\u00fasculos adjacentes. Qualquer um desses fatores pode afetar a for\u00e7a de uma contra\u00e7\u00e3o do frontalis e a for\u00e7a de sua tens\u00e3o no couro cabeludo.<\/p><p><span style=\"font-size: 15px;\">Al\u00e9m da varia\u00e7\u00e3o do frontalis, a varia\u00e7\u00e3o potencial do occipitalis tamb\u00e9m deve ser considerada. A for\u00e7a relativa do frontalis em rela\u00e7\u00e3o ao occipitalis tamb\u00e9m afetar\u00e1 o quanto uma linha do cabelo pode ser arrastada.<\/span><\/p>\t\t\t\t\t\t\t\t<\/div>\n\t\t\t\t\t<\/div>\n\t\t<\/div>\n\t\t\t\t\t<\/div>\n\t\t<\/section>\n\t\t\t\t<section class=\"elementor-section elementor-top-section elementor-element elementor-element-5705d77 elementor-section-boxed elementor-section-height-default elementor-section-height-default\" data-id=\"5705d77\" data-element_type=\"section\" data-e-type=\"section\">\n\t\t\t\t\t\t<div class=\"elementor-container elementor-column-gap-default\">\n\t\t\t\t\t<div class=\"elementor-column elementor-col-100 elementor-top-column elementor-element elementor-element-55d4ff3\" data-id=\"55d4ff3\" data-element_type=\"column\" data-e-type=\"column\">\n\t\t\t<div class=\"elementor-widget-wrap elementor-element-populated\">\n\t\t\t\t\t\t<div class=\"elementor-element elementor-element-f41b89e elementor-widget elementor-widget-heading\" data-id=\"f41b89e\" data-element_type=\"widget\" data-e-type=\"widget\" data-widget_type=\"heading.default\">\n\t\t\t\t\t<h3 class=\"elementor-heading-title elementor-size-default\"><u>varia\u00e7\u00e3o situacional<\/u><\/h3>\t\t\t\t<\/div>\n\t\t\t\t\t<\/div>\n\t\t<\/div>\n\t\t\t\t\t<\/div>\n\t\t<\/section>\n\t\t\t\t<section class=\"elementor-section elementor-top-section elementor-element elementor-element-cc0aa68 elementor-section-boxed elementor-section-height-default elementor-section-height-default\" data-id=\"cc0aa68\" data-element_type=\"section\" data-e-type=\"section\">\n\t\t\t\t\t\t<div class=\"elementor-container elementor-column-gap-default\">\n\t\t\t\t\t<div class=\"elementor-column elementor-col-100 elementor-top-column elementor-element elementor-element-e4a73fc\" data-id=\"e4a73fc\" data-element_type=\"column\" data-e-type=\"column\">\n\t\t\t<div class=\"elementor-widget-wrap elementor-element-populated\">\n\t\t\t\t\t\t<div class=\"elementor-element elementor-element-94ca4f7 elementor-widget elementor-widget-text-editor\" data-id=\"94ca4f7\" data-element_type=\"widget\" data-e-type=\"widget\" data-widget_type=\"text-editor.default\">\n\t\t\t\t\t\t\t\t\t<p>N\u00e3o s\u00e3o apenas as diferen\u00e7as estruturais que influenciam o arrasto do couro cabeludo durante a contra\u00e7\u00e3o do m\u00fasculo frontal. H\u00e1 tamb\u00e9m condi\u00e7\u00f5es situacionais que devem ser levadas em conta.\u00a0<\/p><p>A qualquer momento, o frontalis pode estar se contraindo em qualquer lugar, desde a intensidade m\u00ednima at\u00e9 a m\u00e1xima; o mesmo acontece com o occipitalis. Em um n\u00edvel estrutural, se um indiv\u00edduo tiver um frontal mais forte em rela\u00e7\u00e3o ao occipital, \u00e9 prov\u00e1vel que ele tenha mais arrasto na testa. Essa suposi\u00e7\u00e3o s\u00f3 pode ser feita se tanto o frontal quanto o occipital forem ativados na mesma intensidade. Na realidade, a intensidade da nossa atividade muscular facial est\u00e1 em constante fluxo; portanto, n\u00e3o se pode esperar que o frontalis e o occipitalis sejam co-ativados de forma confi\u00e1vel no mesmo n\u00edvel de intensidade. Por isso, n\u00e3o se pode esperar que o frontalis e o occipitalis sejam coativados de forma confi\u00e1vel no mesmo n\u00edvel de intensidade.<\/p>\t\t\t\t\t\t\t\t<\/div>\n\t\t\t\t\t<\/div>\n\t\t<\/div>\n\t\t\t\t\t<\/div>\n\t\t<\/section>\n\t\t\t\t<section class=\"elementor-section elementor-top-section elementor-element elementor-element-5f05f6a elementor-section-boxed elementor-section-height-default elementor-section-height-default\" data-id=\"5f05f6a\" data-element_type=\"section\" data-e-type=\"section\">\n\t\t\t\t\t\t<div class=\"elementor-container elementor-column-gap-default\">\n\t\t\t\t\t<div class=\"elementor-column elementor-col-100 elementor-top-column elementor-element elementor-element-fbed67b\" data-id=\"fbed67b\" data-element_type=\"column\" data-e-type=\"column\">\n\t\t\t<div class=\"elementor-widget-wrap elementor-element-populated\">\n\t\t\t\t\t\t<div class=\"elementor-element elementor-element-c83638d elementor-widget elementor-widget-heading\" data-id=\"c83638d\" data-element_type=\"widget\" data-e-type=\"widget\" data-widget_type=\"heading.default\">\n\t\t\t\t\t<h2 class=\"elementor-heading-title elementor-size-default\">decompondo-o<\/h2>\t\t\t\t<\/div>\n\t\t\t\t\t<\/div>\n\t\t<\/div>\n\t\t\t\t\t<\/div>\n\t\t<\/section>\n\t\t\t\t<section class=\"elementor-section elementor-top-section elementor-element elementor-element-43f88f4 elementor-section-boxed elementor-section-height-default elementor-section-height-default\" data-id=\"43f88f4\" data-element_type=\"section\" data-e-type=\"section\">\n\t\t\t\t\t\t<div class=\"elementor-container elementor-column-gap-default\">\n\t\t\t\t\t<div class=\"elementor-column elementor-col-100 elementor-top-column elementor-element elementor-element-3b5e06f\" data-id=\"3b5e06f\" data-element_type=\"column\" data-e-type=\"column\">\n\t\t\t<div class=\"elementor-widget-wrap elementor-element-populated\">\n\t\t\t\t\t\t<div class=\"elementor-element elementor-element-3736869 elementor-widget elementor-widget-text-editor\" data-id=\"3736869\" data-element_type=\"widget\" data-e-type=\"widget\" data-widget_type=\"text-editor.default\">\n\t\t\t\t\t\t\t\t\t<p>Considere os GIFs abaixo. Os GIFs A e B apresentam eu e meu irm\u00e3o. Nesse contexto, ele tem muito mais resist\u00eancia capilar do que eu.<\/p><p>Agora observe o GIF C. O GIF C apresenta eu e um amigo. No GIF C, o arrasto do couro cabeludo de ambos \u00e9 t\u00e3o m\u00ednimo que \u00e9 dif\u00edcil de detectar sem uma inspe\u00e7\u00e3o cuidadosa. (Se estiver com dificuldade para ver, observe o movimento do cabelo al\u00e9m da linha do cabelo e concentre-se na parte superior central da linha do cabelo). Tanto em A\/B quanto em C, estou contraindo o frontal em uma intensidade bastante forte; no entanto, o arrasto da linha do cabelo \u00e9 visivelmente diferente, sendo muito mais forte em A\/B do que em C - um exemplo perfeito de varia\u00e7\u00e3o situacional.<\/p><p>Al\u00e9m das diferen\u00e7as individuais e situacionais em rela\u00e7\u00e3o \u00e0 for\u00e7a do m\u00fasculo frontal versus o m\u00fasculo occipital, h\u00e1 v\u00e1rios outros fatores que podem afetar o arrasto do couro cabeludo, incluindo, entre outros:<\/p><ul><li>penteado (rabos de cavalo, coques, toalhas de cabelo etc. podem influenciar o arrasto da linha do cabelo!)\u00a0<\/li><li>motilidade da pele<\/li><li>rela\u00e7\u00f5es com os m\u00fasculos circundantes<\/li><\/ul>\t\t\t\t\t\t\t\t<\/div>\n\t\t\t\t\t<\/div>\n\t\t<\/div>\n\t\t\t\t\t<\/div>\n\t\t<\/section>\n\t\t\t\t<section class=\"elementor-section elementor-top-section elementor-element elementor-element-cb01e9e elementor-section-boxed elementor-section-height-default elementor-section-height-default\" data-id=\"cb01e9e\" data-element_type=\"section\" data-e-type=\"section\">\n\t\t\t\t\t\t<div class=\"elementor-container elementor-column-gap-default\">\n\t\t\t\t\t<div class=\"elementor-column elementor-col-100 elementor-top-column elementor-element elementor-element-e6fc38b\" data-id=\"e6fc38b\" data-element_type=\"column\" data-e-type=\"column\">\n\t\t\t<div class=\"elementor-widget-wrap elementor-element-populated\">\n\t\t\t\t\t\t<div class=\"elementor-element elementor-element-7fda819 elementor-widget elementor-widget-image\" data-id=\"7fda819\" data-element_type=\"widget\" data-e-type=\"widget\" data-widget_type=\"image.default\">\n\t\t\t\t\t\t\t\t\t\t\t\t<figure class=\"wp-caption\">\n\t\t\t\t\t\t\t\t\t\t<img fetchpriority=\"high\" decoding=\"async\" width=\"1024\" height=\"576\" src=\"https:\/\/i0.wp.com\/melindaozel.com\/wp-content\/uploads\/2022\/07\/12-family-expressions.gif?fit=1024%2C576&amp;ssl=1\" class=\"attachment-large size-large wp-image-7490\" alt=\"varia\u00e7\u00e3o frontalis dentro das fam\u00edlias\" \/>\t\t\t\t\t\t\t\t\t\t\t<figcaption class=\"widget-image-caption wp-caption-text\">A<\/figcaption>\n\t\t\t\t\t\t\t\t\t\t<\/figure>\n\t\t\t\t\t\t\t\t\t<\/div>\n\t\t\t\t\t<\/div>\n\t\t<\/div>\n\t\t\t\t\t<\/div>\n\t\t<\/section>\n\t\t\t\t<section class=\"elementor-section elementor-top-section elementor-element elementor-element-50d8d79 elementor-section-boxed elementor-section-height-default elementor-section-height-default\" data-id=\"50d8d79\" data-element_type=\"section\" data-e-type=\"section\">\n\t\t\t\t\t\t<div class=\"elementor-container elementor-column-gap-default\">\n\t\t\t\t\t<div class=\"elementor-column elementor-col-100 elementor-top-column elementor-element elementor-element-8e47694\" data-id=\"8e47694\" data-element_type=\"column\" data-e-type=\"column\">\n\t\t\t<div class=\"elementor-widget-wrap elementor-element-populated\">\n\t\t\t\t\t\t<div class=\"elementor-element elementor-element-37c497f elementor-widget elementor-widget-image\" data-id=\"37c497f\" data-element_type=\"widget\" data-e-type=\"widget\" data-widget_type=\"image.default\">\n\t\t\t\t\t\t\t\t\t\t\t\t<figure class=\"wp-caption\">\n\t\t\t\t\t\t\t\t\t\t<img decoding=\"async\" width=\"1024\" height=\"576\" src=\"https:\/\/i0.wp.com\/melindaozel.com\/wp-content\/uploads\/2022\/07\/12-family-frontalis.gif?fit=1024%2C576&amp;ssl=1\" class=\"attachment-large size-large wp-image-7489\" alt=\"varia\u00e7\u00e3o frontalis dentro das fam\u00edlias\" \/>\t\t\t\t\t\t\t\t\t\t\t<figcaption class=\"widget-image-caption wp-caption-text\">B<\/figcaption>\n\t\t\t\t\t\t\t\t\t\t<\/figure>\n\t\t\t\t\t\t\t\t\t<\/div>\n\t\t\t\t\t<\/div>\n\t\t<\/div>\n\t\t\t\t\t<\/div>\n\t\t<\/section>\n\t\t\t\t<section class=\"elementor-section elementor-top-section elementor-element elementor-element-9e4b1bd elementor-section-boxed elementor-section-height-default elementor-section-height-default\" data-id=\"9e4b1bd\" data-element_type=\"section\" data-e-type=\"section\">\n\t\t\t\t\t\t<div class=\"elementor-container elementor-column-gap-default\">\n\t\t\t\t\t<div class=\"elementor-column elementor-col-100 elementor-top-column elementor-element elementor-element-5bda65e\" data-id=\"5bda65e\" data-element_type=\"column\" data-e-type=\"column\">\n\t\t\t<div class=\"elementor-widget-wrap elementor-element-populated\">\n\t\t\t\t\t\t<div class=\"elementor-element elementor-element-8f62a7d elementor-widget elementor-widget-image\" data-id=\"8f62a7d\" data-element_type=\"widget\" data-e-type=\"widget\" data-widget_type=\"image.default\">\n\t\t\t\t\t\t\t\t\t\t\t\t<figure class=\"wp-caption\">\n\t\t\t\t\t\t\t\t\t\t<img decoding=\"async\" width=\"1024\" height=\"576\" src=\"https:\/\/i0.wp.com\/melindaozel.com\/wp-content\/uploads\/2022\/07\/12-raise-in-sync.gif?fit=1024%2C576&amp;ssl=1\" class=\"attachment-large size-large wp-image-7491\" alt=\"eleva\u00e7\u00e3o total da sobrancelha - frontalis\" \/>\t\t\t\t\t\t\t\t\t\t\t<figcaption class=\"widget-image-caption wp-caption-text\">C<\/figcaption>\n\t\t\t\t\t\t\t\t\t\t<\/figure>\n\t\t\t\t\t\t\t\t\t<\/div>\n\t\t\t\t\t<\/div>\n\t\t<\/div>\n\t\t\t\t\t<\/div>\n\t\t<\/section>\n\t\t\t\t<section class=\"elementor-section elementor-top-section elementor-element elementor-element-78c384a elementor-section-boxed elementor-section-height-default elementor-section-height-default\" data-id=\"78c384a\" data-element_type=\"section\" data-e-type=\"section\">\n\t\t\t\t\t\t<div class=\"elementor-container elementor-column-gap-default\">\n\t\t\t\t\t<div class=\"elementor-column elementor-col-100 elementor-top-column elementor-element elementor-element-3c05137\" data-id=\"3c05137\" data-element_type=\"column\" data-e-type=\"column\">\n\t\t\t<div class=\"elementor-widget-wrap elementor-element-populated\">\n\t\t\t\t\t\t<div class=\"elementor-element elementor-element-97294fa elementor-widget elementor-widget-heading\" data-id=\"97294fa\" data-element_type=\"widget\" data-e-type=\"widget\" data-widget_type=\"heading.default\">\n\t\t\t\t\t<h2 class=\"elementor-heading-title elementor-size-default\">palavras finais<\/h2>\t\t\t\t<\/div>\n\t\t\t\t\t<\/div>\n\t\t<\/div>\n\t\t\t\t\t<\/div>\n\t\t<\/section>\n\t\t\t\t<section class=\"elementor-section elementor-top-section elementor-element elementor-element-27dd677 elementor-section-boxed elementor-section-height-default elementor-section-height-default\" data-id=\"27dd677\" data-element_type=\"section\" data-e-type=\"section\">\n\t\t\t\t\t\t<div class=\"elementor-container elementor-column-gap-default\">\n\t\t\t\t\t<div class=\"elementor-column elementor-col-100 elementor-top-column elementor-element elementor-element-3f94be1\" data-id=\"3f94be1\" data-element_type=\"column\" data-e-type=\"column\">\n\t\t\t<div class=\"elementor-widget-wrap elementor-element-populated\">\n\t\t\t\t\t\t<div class=\"elementor-element elementor-element-d02ff25 elementor-widget elementor-widget-text-editor\" data-id=\"d02ff25\" data-element_type=\"widget\" data-e-type=\"widget\" data-widget_type=\"text-editor.default\">\n\t\t\t\t\t\t\t\t\t<p>Para resumir: Na maioria dos casos, a linha do cabelo e o couro cabeludo ser\u00e3o puxados para baixo devido \u00e0 contra\u00e7\u00e3o do m\u00fasculo frontal. Entretanto, o grau de abaixamento varia de pessoa para pessoa e de contexto para contexto; portanto, sempre observe com cuidado e preste aten\u00e7\u00e3o aos detalhes.<\/p>\t\t\t\t\t\t\t\t<\/div>\n\t\t\t\t\t<\/div>\n\t\t<\/div>\n\t\t\t\t\t<\/div>\n\t\t<\/section>\n\t\t\t\t<section class=\"elementor-section elementor-top-section elementor-element elementor-element-5e0617b elementor-section-boxed elementor-section-height-default elementor-section-height-default\" data-id=\"5e0617b\" data-element_type=\"section\" data-e-type=\"section\">\n\t\t\t\t\t\t<div class=\"elementor-container elementor-column-gap-default\">\n\t\t\t\t\t<div class=\"elementor-column elementor-col-100 elementor-top-column elementor-element elementor-element-fcaf989\" data-id=\"fcaf989\" data-element_type=\"column\" data-e-type=\"column\">\n\t\t\t<div class=\"elementor-widget-wrap elementor-element-populated\">\n\t\t\t\t\t\t<div class=\"elementor-element elementor-element-6fe2b99 elementor-widget elementor-widget-heading\" data-id=\"6fe2b99\" data-element_type=\"widget\" data-e-type=\"widget\" data-widget_type=\"heading.default\">\n\t\t\t\t\t<h2 class=\"elementor-heading-title elementor-size-default\">fontes + leitura adicional<\/h2>\t\t\t\t<\/div>\n\t\t\t\t\t<\/div>\n\t\t<\/div>\n\t\t\t\t\t<\/div>\n\t\t<\/section>\n\t\t\t\t<section class=\"elementor-section elementor-top-section elementor-element elementor-element-ac3c597 elementor-section-boxed elementor-section-height-default elementor-section-height-default\" data-id=\"ac3c597\" data-element_type=\"section\" data-e-type=\"section\">\n\t\t\t\t\t\t<div class=\"elementor-container elementor-column-gap-default\">\n\t\t\t\t\t<div class=\"elementor-column elementor-col-100 elementor-top-column elementor-element elementor-element-dfc0dc5\" data-id=\"dfc0dc5\" data-element_type=\"column\" data-e-type=\"column\">\n\t\t\t<div class=\"elementor-widget-wrap elementor-element-populated\">\n\t\t\t\t\t\t<div class=\"elementor-element elementor-element-150a74c elementor-widget elementor-widget-text-editor\" data-id=\"150a74c\" data-element_type=\"widget\" data-e-type=\"widget\" data-widget_type=\"text-editor.default\">\n\t\t\t\t\t\t\t\t\t<ul style=\"font-size: 15px;\"><li><span class=\"JsGRdQ\">Hiatt, J. L., &amp; Gartner, L. P. (2010). Textbook of head and neck anatomy (4\u00aa ed.).<\/span>\u00a0<span class=\"JsGRdQ\">Philadelphia, PA: Lippincott Williams &amp; Wilkins.<\/span><\/li><li><span class=\"JsGRdQ\">Moore, K. L., Dalley, A. F., &amp; Agur, A. M. R. (2014). Anatomia Clinicamente Orientada (7\u00aa ed.). Philadelphia, PA: Lippincott Williams &amp; Wilkins.<\/span><\/li><li><span class=\"JsGRdQ\">Palastanga, N., &amp; Soames, R. (2012). Anatomia e movimento humano: estrutura e fun\u00e7\u00e3o (6\u00aa ed.). Edimburgo: Churchill Livingstone.<\/span><\/li><li><span class=\"JsGRdQ\">Standring, S. (2016). Gray's Anatomy (41\u00aa ed.). Edimburgo: Elsevier Churchill Livingstone.<\/span><\/li><\/ul>\t\t\t\t\t\t\t\t<\/div>\n\t\t\t\t\t<\/div>\n\t\t<\/div>\n\t\t\t\t\t<\/div>\n\t\t<\/section>\n\t\t\t\t<section class=\"elementor-section elementor-top-section elementor-element elementor-element-ae019ed elementor-section-boxed elementor-section-height-default elementor-section-height-default\" data-id=\"ae019ed\" data-element_type=\"section\" data-e-type=\"section\">\n\t\t\t\t\t\t<div class=\"elementor-container elementor-column-gap-default\">\n\t\t\t\t\t<div class=\"elementor-column elementor-col-100 elementor-top-column elementor-element elementor-element-3e51709\" data-id=\"3e51709\" data-element_type=\"column\" data-e-type=\"column\">\n\t\t\t<div class=\"elementor-widget-wrap elementor-element-populated\">\n\t\t\t\t\t\t<div class=\"elementor-element elementor-element-6247c66 elementor-widget elementor-widget-spacer\" data-id=\"6247c66\" data-element_type=\"widget\" data-e-type=\"widget\" data-widget_type=\"spacer.default\">\n\t\t\t\t\t\t\t<div class=\"elementor-spacer\">\n\t\t\t<div class=\"elementor-spacer-inner\"><\/div>\n\t\t<\/div>\n\t\t\t\t\t\t<\/div>\n\t\t\t\t<div class=\"elementor-element elementor-element-9702da1 elementor-widget elementor-widget-heading\" data-id=\"9702da1\" data-element_type=\"widget\" data-e-type=\"widget\" data-widget_type=\"heading.default\">\n\t\t\t\t\t<h2 class=\"elementor-heading-title elementor-size-default\">explorar mais conte\u00fado premium<\/h2>\t\t\t\t<\/div>\n\t\t\t\t<div class=\"elementor-element elementor-element-de6668c elementor-widget elementor-widget-spacer\" data-id=\"de6668c\" data-element_type=\"widget\" data-e-type=\"widget\" data-widget_type=\"spacer.default\">\n\t\t\t\t\t\t\t<div class=\"elementor-spacer\">\n\t\t\t<div class=\"elementor-spacer-inner\"><\/div>\n\t\t<\/div>\n\t\t\t\t\t\t<\/div>\n\t\t\t\t<div class=\"elementor-element elementor-element-34c4fc5 elementor-grid-3 elementor-grid-tablet-2 elementor-grid-mobile-1 elementor-posts--thumbnail-top elementor-widget elementor-widget-posts\" data-id=\"34c4fc5\" data-element_type=\"widget\" data-e-type=\"widget\" data-settings=\"{&quot;classic_columns&quot;:&quot;3&quot;,&quot;classic_columns_tablet&quot;:&quot;2&quot;,&quot;classic_columns_mobile&quot;:&quot;1&quot;,&quot;classic_row_gap&quot;:{&quot;unit&quot;:&quot;px&quot;,&quot;size&quot;:35,&quot;sizes&quot;:[]},&quot;classic_row_gap_tablet&quot;:{&quot;unit&quot;:&quot;px&quot;,&quot;size&quot;:&quot;&quot;,&quot;sizes&quot;:[]},&quot;classic_row_gap_mobile&quot;:{&quot;unit&quot;:&quot;px&quot;,&quot;size&quot;:&quot;&quot;,&quot;sizes&quot;:[]}}\" data-widget_type=\"posts.classic\">\n\t\t\t\t<div class=\"elementor-widget-container\">\n\t\t\t\t\t\t\t<div class=\"elementor-posts-container elementor-posts elementor-posts--skin-classic elementor-grid\" role=\"list\">\n\t\t\t\t<article class=\"elementor-post elementor-grid-item post-8945 post type-post status-publish format-standard has-post-thumbnail hentry category-action-units category-animation category-art category-au5 category-blend-shapes category-character-rigging category-design category-facial-expressions category-levator-palpebrae-superioris category-paid category-upper-lid-raiser generate-columns tablet-grid-50 mobile-grid-100 grid-parent grid-50\" role=\"listitem\">\n\t\t\t\t<a class=\"elementor-post__thumbnail__link\" href=\"https:\/\/melindaozel.com\/pt\/stylized-facial-expression-design\/\" tabindex=\"-1\" >\n\t\t\t<div class=\"elementor-post__thumbnail\"><img loading=\"lazy\" decoding=\"async\" width=\"300\" height=\"168\" src=\"https:\/\/i0.wp.com\/melindaozel.com\/wp-content\/uploads\/2022\/10\/stylizing-facial-expressions-in-animated-characters.png?fit=300%2C168&amp;ssl=1\" class=\"attachment-medium size-medium wp-image-8951\" alt=\"estiliza\u00e7\u00e3o de express\u00f5es faciais em personagens animados\" srcset=\"https:\/\/i0.wp.com\/melindaozel.com\/wp-content\/uploads\/2022\/10\/stylizing-facial-expressions-in-animated-characters.png?w=1820&amp;ssl=1 1820w, https:\/\/i0.wp.com\/melindaozel.com\/wp-content\/uploads\/2022\/10\/stylizing-facial-expressions-in-animated-characters.png?resize=300%2C168&amp;ssl=1 300w, https:\/\/i0.wp.com\/melindaozel.com\/wp-content\/uploads\/2022\/10\/stylizing-facial-expressions-in-animated-characters.png?resize=1024%2C575&amp;ssl=1 1024w, https:\/\/i0.wp.com\/melindaozel.com\/wp-content\/uploads\/2022\/10\/stylizing-facial-expressions-in-animated-characters.png?resize=768%2C431&amp;ssl=1 768w, https:\/\/i0.wp.com\/melindaozel.com\/wp-content\/uploads\/2022\/10\/stylizing-facial-expressions-in-animated-characters.png?resize=1536%2C863&amp;ssl=1 1536w, https:\/\/i0.wp.com\/melindaozel.com\/wp-content\/uploads\/2022\/10\/stylizing-facial-expressions-in-animated-characters.png?resize=18%2C10&amp;ssl=1 18w, https:\/\/i0.wp.com\/melindaozel.com\/wp-content\/uploads\/2022\/10\/stylizing-facial-expressions-in-animated-characters.png?resize=890%2C500&amp;ssl=1 890w, https:\/\/i0.wp.com\/melindaozel.com\/wp-content\/uploads\/2022\/10\/stylizing-facial-expressions-in-animated-characters.png?resize=1320%2C741&amp;ssl=1 1320w\" sizes=\"(max-width: 300px) 100vw, 300px\" \/><\/div>\n\t\t<\/a>\n\t\t\t\t<div class=\"elementor-post__text\">\n\t\t\t\t<h3 class=\"elementor-post__title\">\n\t\t\t<a href=\"https:\/\/melindaozel.com\/pt\/stylized-facial-expression-design\/\" >\n\t\t\t\tProjeto de express\u00e3o facial estilizada\t\t\t<\/a>\n\t\t<\/h3>\n\t\t\t\t<\/div>\n\t\t\t\t<\/article>\n\t\t\t\t<article class=\"elementor-post elementor-grid-item post-2810 post type-post status-publish format-standard has-post-thumbnail hentry category-ar-vr category-art category-au1 category-blend-shapes category-character-rigging category-anatomy category-facial-expressions category-muscles category-inner-brow-raiser category-paid category-premium-previews category-tech generate-columns tablet-grid-50 mobile-grid-100 grid-parent grid-50\" role=\"listitem\">\n\t\t\t\t<a class=\"elementor-post__thumbnail__link\" href=\"https:\/\/melindaozel.com\/pt\/inner-brow-raiser-deep-dive\/\" tabindex=\"-1\" >\n\t\t\t<div class=\"elementor-post__thumbnail\"><img loading=\"lazy\" decoding=\"async\" width=\"300\" height=\"227\" src=\"https:\/\/i0.wp.com\/melindaozel.com\/wp-content\/uploads\/2020\/06\/Screen-Shot-2020-06-22-at-5.42.56-PM.png?fit=300%2C227&amp;ssl=1\" class=\"attachment-medium size-medium wp-image-2816\" alt=\"o criador de sobrancelhas interno est\u00e1 errado\" srcset=\"https:\/\/i0.wp.com\/melindaozel.com\/wp-content\/uploads\/2020\/06\/Screen-Shot-2020-06-22-at-5.42.56-PM.png?w=1564&amp;ssl=1 1564w, https:\/\/i0.wp.com\/melindaozel.com\/wp-content\/uploads\/2020\/06\/Screen-Shot-2020-06-22-at-5.42.56-PM.png?resize=300%2C227&amp;ssl=1 300w, https:\/\/i0.wp.com\/melindaozel.com\/wp-content\/uploads\/2020\/06\/Screen-Shot-2020-06-22-at-5.42.56-PM.png?resize=1024%2C774&amp;ssl=1 1024w, https:\/\/i0.wp.com\/melindaozel.com\/wp-content\/uploads\/2020\/06\/Screen-Shot-2020-06-22-at-5.42.56-PM.png?resize=768%2C580&amp;ssl=1 768w, https:\/\/i0.wp.com\/melindaozel.com\/wp-content\/uploads\/2020\/06\/Screen-Shot-2020-06-22-at-5.42.56-PM.png?resize=1536%2C1161&amp;ssl=1 1536w, https:\/\/i0.wp.com\/melindaozel.com\/wp-content\/uploads\/2020\/06\/Screen-Shot-2020-06-22-at-5.42.56-PM.png?resize=1088%2C822&amp;ssl=1 1088w\" sizes=\"(max-width: 300px) 100vw, 300px\" \/><\/div>\n\t\t<\/a>\n\t\t\t\t<div class=\"elementor-post__text\">\n\t\t\t\t<h3 class=\"elementor-post__title\">\n\t\t\t<a href=\"https:\/\/melindaozel.com\/pt\/inner-brow-raiser-deep-dive\/\" >\n\t\t\t\tLevantamento interno de sobrancelhas: Mergulho profundo\t\t\t<\/a>\n\t\t<\/h3>\n\t\t\t\t<\/div>\n\t\t\t\t<\/article>\n\t\t\t\t<article class=\"elementor-post elementor-grid-item post-2392 post type-post status-publish format-standard has-post-thumbnail hentry category-action-units category-ar-vr category-art category-au10 category-au11 category-au12 category-behavior category-blend-shapes category-character-rigging category-facial-expressions category-muscles category-lip-corner-puller category-paid category-premium-previews category-previews category-tech category-upper-lip-raiser generate-columns tablet-grid-50 mobile-grid-100 grid-parent grid-50\" role=\"listitem\">\n\t\t\t\t<a class=\"elementor-post__thumbnail__link\" href=\"https:\/\/melindaozel.com\/pt\/building-smiles-the-right-way\/\" tabindex=\"-1\" >\n\t\t\t<div class=\"elementor-post__thumbnail\"><img loading=\"lazy\" decoding=\"async\" width=\"300\" height=\"283\" src=\"https:\/\/i0.wp.com\/melindaozel.com\/wp-content\/uploads\/2020\/04\/TYOIOUSHKFJSHDFKjf.png?fit=300%2C283&amp;ssl=1\" class=\"attachment-medium size-medium wp-image-2413\" alt=\"\" srcset=\"https:\/\/i0.wp.com\/melindaozel.com\/wp-content\/uploads\/2020\/04\/TYOIOUSHKFJSHDFKjf.png?w=2405&amp;ssl=1 2405w, https:\/\/i0.wp.com\/melindaozel.com\/wp-content\/uploads\/2020\/04\/TYOIOUSHKFJSHDFKjf.png?resize=300%2C283&amp;ssl=1 300w, https:\/\/i0.wp.com\/melindaozel.com\/wp-content\/uploads\/2020\/04\/TYOIOUSHKFJSHDFKjf.png?resize=1024%2C967&amp;ssl=1 1024w, https:\/\/i0.wp.com\/melindaozel.com\/wp-content\/uploads\/2020\/04\/TYOIOUSHKFJSHDFKjf.png?resize=768%2C726&amp;ssl=1 768w, https:\/\/i0.wp.com\/melindaozel.com\/wp-content\/uploads\/2020\/04\/TYOIOUSHKFJSHDFKjf.png?resize=1536%2C1451&amp;ssl=1 1536w, https:\/\/i0.wp.com\/melindaozel.com\/wp-content\/uploads\/2020\/04\/TYOIOUSHKFJSHDFKjf.png?resize=2048%2C1935&amp;ssl=1 2048w, https:\/\/i0.wp.com\/melindaozel.com\/wp-content\/uploads\/2020\/04\/TYOIOUSHKFJSHDFKjf.png?resize=1088%2C1028&amp;ssl=1 1088w\" sizes=\"(max-width: 300px) 100vw, 300px\" \/><\/div>\n\t\t<\/a>\n\t\t\t\t<div class=\"elementor-post__text\">\n\t\t\t\t<h3 class=\"elementor-post__title\">\n\t\t\t<a href=\"https:\/\/melindaozel.com\/pt\/building-smiles-the-right-way\/\" >\n\t\t\t\tConstruindo sorrisos - O caminho certo\t\t\t<\/a>\n\t\t<\/h3>\n\t\t\t\t<\/div>\n\t\t\t\t<\/article>\n\t\t\t\t<article class=\"elementor-post elementor-grid-item post-5619 post type-post status-publish format-standard has-post-thumbnail hentry category-behavior category-facial-expressions category-paid generate-columns tablet-grid-50 mobile-grid-100 grid-parent grid-50\" role=\"listitem\">\n\t\t\t\t<a class=\"elementor-post__thumbnail__link\" href=\"https:\/\/melindaozel.com\/pt\/hot-tips-for-animating-blinks\/\" tabindex=\"-1\" >\n\t\t\t<div class=\"elementor-post__thumbnail\"><img loading=\"lazy\" decoding=\"async\" width=\"300\" height=\"86\" src=\"https:\/\/i0.wp.com\/melindaozel.com\/wp-content\/uploads\/2021\/09\/blink_cover-1.png?fit=300%2C86&amp;ssl=1\" class=\"attachment-medium size-medium wp-image-5705\" alt=\"olho piscar - desenho de Melinda Ozel\" srcset=\"https:\/\/i0.wp.com\/melindaozel.com\/wp-content\/uploads\/2021\/09\/blink_cover-1.png?w=4567&amp;ssl=1 4567w, https:\/\/i0.wp.com\/melindaozel.com\/wp-content\/uploads\/2021\/09\/blink_cover-1.png?resize=300%2C86&amp;ssl=1 300w, https:\/\/i0.wp.com\/melindaozel.com\/wp-content\/uploads\/2021\/09\/blink_cover-1.png?resize=1024%2C292&amp;ssl=1 1024w, https:\/\/i0.wp.com\/melindaozel.com\/wp-content\/uploads\/2021\/09\/blink_cover-1.png?resize=768%2C219&amp;ssl=1 768w, https:\/\/i0.wp.com\/melindaozel.com\/wp-content\/uploads\/2021\/09\/blink_cover-1.png?resize=1536%2C439&amp;ssl=1 1536w, https:\/\/i0.wp.com\/melindaozel.com\/wp-content\/uploads\/2021\/09\/blink_cover-1.png?resize=2048%2C585&amp;ssl=1 2048w, https:\/\/i0.wp.com\/melindaozel.com\/wp-content\/uploads\/2021\/09\/blink_cover-1.png?resize=18%2C5&amp;ssl=1 18w, https:\/\/i0.wp.com\/melindaozel.com\/wp-content\/uploads\/2021\/09\/blink_cover-1.png?resize=1000%2C286&amp;ssl=1 1000w, https:\/\/i0.wp.com\/melindaozel.com\/wp-content\/uploads\/2021\/09\/blink_cover-1.png?resize=1320%2C377&amp;ssl=1 1320w, https:\/\/i0.wp.com\/melindaozel.com\/wp-content\/uploads\/2021\/09\/blink_cover-1.png?w=2400&amp;ssl=1 2400w, https:\/\/i0.wp.com\/melindaozel.com\/wp-content\/uploads\/2021\/09\/blink_cover-1.png?w=3600&amp;ssl=1 3600w\" sizes=\"(max-width: 300px) 100vw, 300px\" \/><\/div>\n\t\t<\/a>\n\t\t\t\t<div class=\"elementor-post__text\">\n\t\t\t\t<h3 class=\"elementor-post__title\">\n\t\t\t<a href=\"https:\/\/melindaozel.com\/pt\/hot-tips-for-animating-blinks\/\" >\n\t\t\t\tDicas importantes para animar piscadas\t\t\t<\/a>\n\t\t<\/h3>\n\t\t\t\t<\/div>\n\t\t\t\t<\/article>\n\t\t\t\t<article class=\"elementor-post elementor-grid-item post-9069 post type-post status-publish format-standard has-post-thumbnail hentry category-action-units category-animation category-art category-au10 category-au11 category-bias category-blend-shapes category-character-rigging category-anatomy category-facial-expressions category-muscles category-paid category-previews category-upper-lip-raiser generate-columns tablet-grid-50 mobile-grid-100 grid-parent grid-50\" role=\"listitem\">\n\t\t\t\t<a class=\"elementor-post__thumbnail__link\" href=\"https:\/\/melindaozel.com\/pt\/upper-lip-raiser-vs-nasolabial-furrow-deepener\/\" tabindex=\"-1\" >\n\t\t\t<div class=\"elementor-post__thumbnail\"><img loading=\"lazy\" decoding=\"async\" width=\"300\" height=\"191\" src=\"https:\/\/i0.wp.com\/melindaozel.com\/wp-content\/uploads\/2021\/04\/upper-lip-raiser-vs.-nasolabial-furrow-deepener.png?fit=300%2C191&amp;ssl=1\" class=\"attachment-medium size-medium wp-image-9047\" alt=\"mulher levantando os l\u00e1bios superiores com cordas\" srcset=\"https:\/\/i0.wp.com\/melindaozel.com\/wp-content\/uploads\/2021\/04\/upper-lip-raiser-vs.-nasolabial-furrow-deepener.png?w=1522&amp;ssl=1 1522w, https:\/\/i0.wp.com\/melindaozel.com\/wp-content\/uploads\/2021\/04\/upper-lip-raiser-vs.-nasolabial-furrow-deepener.png?resize=300%2C191&amp;ssl=1 300w, https:\/\/i0.wp.com\/melindaozel.com\/wp-content\/uploads\/2021\/04\/upper-lip-raiser-vs.-nasolabial-furrow-deepener.png?resize=1024%2C651&amp;ssl=1 1024w, https:\/\/i0.wp.com\/melindaozel.com\/wp-content\/uploads\/2021\/04\/upper-lip-raiser-vs.-nasolabial-furrow-deepener.png?resize=768%2C488&amp;ssl=1 768w, https:\/\/i0.wp.com\/melindaozel.com\/wp-content\/uploads\/2021\/04\/upper-lip-raiser-vs.-nasolabial-furrow-deepener.png?resize=18%2C12&amp;ssl=1 18w, https:\/\/i0.wp.com\/melindaozel.com\/wp-content\/uploads\/2021\/04\/upper-lip-raiser-vs.-nasolabial-furrow-deepener.png?resize=786%2C500&amp;ssl=1 786w, https:\/\/i0.wp.com\/melindaozel.com\/wp-content\/uploads\/2021\/04\/upper-lip-raiser-vs.-nasolabial-furrow-deepener.png?resize=1320%2C840&amp;ssl=1 1320w\" sizes=\"(max-width: 300px) 100vw, 300px\" \/><\/div>\n\t\t<\/a>\n\t\t\t\t<div class=\"elementor-post__text\">\n\t\t\t\t<h3 class=\"elementor-post__title\">\n\t\t\t<a href=\"https:\/\/melindaozel.com\/pt\/upper-lip-raiser-vs-nasolabial-furrow-deepener\/\" >\n\t\t\t\tElevador do l\u00e1bio superior vs. aprofundador do sulco nasolabial\t\t\t<\/a>\n\t\t<\/h3>\n\t\t\t\t<\/div>\n\t\t\t\t<\/article>\n\t\t\t\t<article class=\"elementor-post elementor-grid-item post-323 post type-post status-publish format-video has-post-thumbnail hentry category-action-units category-facial-expressions category-muscles category-liptightener category-paid category-premium-previews tag-facial-action-coding-system-facs post_format-post-format-video generate-columns tablet-grid-50 mobile-grid-100 grid-parent grid-50\" role=\"listitem\">\n\t\t\t\t<a class=\"elementor-post__thumbnail__link\" href=\"https:\/\/melindaozel.com\/pt\/lip-tightener\/\" tabindex=\"-1\" >\n\t\t\t<div class=\"elementor-post__thumbnail\"><img loading=\"lazy\" decoding=\"async\" width=\"300\" height=\"131\" src=\"https:\/\/i0.wp.com\/melindaozel.com\/wp-content\/uploads\/2021\/04\/lip_tightener_23_horizontal.png?fit=300%2C131&amp;ssl=1\" class=\"attachment-medium size-medium wp-image-4166\" alt=\"Mulher realizando a express\u00e3o de aperto labial baseada em FACS\" srcset=\"https:\/\/i0.wp.com\/melindaozel.com\/wp-content\/uploads\/2021\/04\/lip_tightener_23_horizontal.png?w=3047&amp;ssl=1 3047w, https:\/\/i0.wp.com\/melindaozel.com\/wp-content\/uploads\/2021\/04\/lip_tightener_23_horizontal.png?resize=300%2C131&amp;ssl=1 300w, https:\/\/i0.wp.com\/melindaozel.com\/wp-content\/uploads\/2021\/04\/lip_tightener_23_horizontal.png?resize=1024%2C448&amp;ssl=1 1024w, https:\/\/i0.wp.com\/melindaozel.com\/wp-content\/uploads\/2021\/04\/lip_tightener_23_horizontal.png?resize=768%2C336&amp;ssl=1 768w, https:\/\/i0.wp.com\/melindaozel.com\/wp-content\/uploads\/2021\/04\/lip_tightener_23_horizontal.png?resize=1536%2C672&amp;ssl=1 1536w, https:\/\/i0.wp.com\/melindaozel.com\/wp-content\/uploads\/2021\/04\/lip_tightener_23_horizontal.png?resize=2048%2C896&amp;ssl=1 2048w, https:\/\/i0.wp.com\/melindaozel.com\/wp-content\/uploads\/2021\/04\/lip_tightener_23_horizontal.png?resize=16%2C7&amp;ssl=1 16w, https:\/\/i0.wp.com\/melindaozel.com\/wp-content\/uploads\/2021\/04\/lip_tightener_23_horizontal.png?resize=1088%2C476&amp;ssl=1 1088w, https:\/\/i0.wp.com\/melindaozel.com\/wp-content\/uploads\/2021\/04\/lip_tightener_23_horizontal.png?w=2400&amp;ssl=1 2400w\" sizes=\"(max-width: 300px) 100vw, 300px\" \/><\/div>\n\t\t<\/a>\n\t\t\t\t<div class=\"elementor-post__text\">\n\t\t\t\t<h3 class=\"elementor-post__title\">\n\t\t\t<a href=\"https:\/\/melindaozel.com\/pt\/lip-tightener\/\" >\n\t\t\t\tLip Tightener (AU23) e por que todo mundo erra\t\t\t<\/a>\n\t\t<\/h3>\n\t\t\t\t<\/div>\n\t\t\t\t<\/article>\n\t\t\t\t<\/div>\n\t\t\n\t\t\t\t\t\t<\/div>\n\t\t\t\t<\/div>\n\t\t\t\t<div class=\"elementor-element elementor-element-0563dd7 elementor-widget elementor-widget-spacer\" data-id=\"0563dd7\" data-element_type=\"widget\" data-e-type=\"widget\" data-widget_type=\"spacer.default\">\n\t\t\t\t\t\t\t<div class=\"elementor-spacer\">\n\t\t\t<div class=\"elementor-spacer-inner\"><\/div>\n\t\t<\/div>\n\t\t\t\t\t\t<\/div>\n\t\t\t\t\t<\/div>\n\t\t<\/div>\n\t\t\t\t\t<\/div>\n\t\t<\/section>\n\t\t\t\t<\/div>","protected":false},"excerpt":{"rendered":"<p>Estamos geralmente familiarizados com o trabalho do frontalis como um elevador de sobrancelhas; no entanto, muitas vezes \u00e9 negligenciado o conhecimento de que o frontalis tamb\u00e9m funciona como um depressor da linha do cabelo. Embora esta id\u00e9ia possa parecer contraintuitiva, uma vez que voc\u00ea esteja familiarizado com alguns conceitos b\u00e1sicos de m\u00fasculos, as coisas come\u00e7ar\u00e3o a fazer sentido.<\/p>","protected":false},"author":60486633,"featured_media":7510,"comment_status":"closed","ping_status":"closed","sticky":false,"template":"","format":"standard","meta":{"_jetpack_newsletter_access":"","_jetpack_dont_email_post_to_subs":false,"_jetpack_newsletter_tier_id":0,"_jetpack_memberships_contains_paywalled_content":false,"_wpcom_ai_launchpad_first_post":false,"_jetpack_feature_clip_id":0,"_jetpack_memberships_contains_paid_content":false,"footnotes":"","jetpack_post_was_ever_published":false},"categories":[676757187,676757186,676756991,676756915,676756914,676757022,676757009],"tags":[],"class_list":["post-7503","post","type-post","status-publish","format-standard","has-post-thumbnail","hentry","category-art","category-character-rigging","category-anatomy","category-facial-expressions","category-muscles","category-frontalis","category-paid","generate-columns","tablet-grid-50","mobile-grid-100","grid-parent","grid-50"],"yoast_head":"<!-- This site is optimized with the Yoast SEO Premium plugin v28.4 (Yoast SEO v28.4) - https:\/\/yoast.com\/product\/yoast-seo-premium-wordpress\/ -->\n<title>Forehead Dynamics - Frontalis vs. Occipitalis - Face the FACS | Facial Expressions in Animation, AI, &amp; Behavior<\/title>\n<meta name=\"robots\" content=\"index, follow, max-snippet:-1, max-image-preview:large, max-video-preview:-1\" \/>\n<link rel=\"canonical\" href=\"https:\/\/melindaozel.com\/pt\/forehead-dynamics-frontalis-vs-occipitalis\/\" \/>\n<meta property=\"og:locale\" content=\"pt_BR\" \/>\n<meta property=\"og:type\" content=\"article\" \/>\n<meta property=\"og:title\" content=\"Forehead Dynamics - Frontalis vs. Occipitalis\" \/>\n<meta property=\"og:description\" content=\"We are generally familiar with frontalis&#039;s work as an eyebrow elevator; however, it is often neglected knowledge that frontalis also works as a hairline depressor. Though this idea may seem counterintuitive, once you are familiar with some muscle basics, things will start to make sense.\" \/>\n<meta property=\"og:url\" content=\"https:\/\/melindaozel.com\/pt\/forehead-dynamics-frontalis-vs-occipitalis\/\" \/>\n<meta property=\"og:site_name\" content=\"Face the FACS | Facial Expressions in Animation, AI, &amp; Behavior\" \/>\n<meta property=\"article:publisher\" content=\"https:\/\/facebook.com\/facetheFACS\/\" \/>\n<meta property=\"article:author\" content=\"https:\/\/facebook.com\/facetheFACS\/\" \/>\n<meta property=\"article:published_time\" content=\"2022-07-20T15:48:20+00:00\" \/>\n<meta property=\"article:modified_time\" content=\"2025-02-21T06:08:45+00:00\" \/>\n<meta property=\"og:image\" content=\"https:\/\/melindaozel.com\/wp-content\/uploads\/2022\/07\/frontalis-and-occipitalis-video.png\" \/>\n\t<meta property=\"og:image:width\" content=\"1098\" \/>\n\t<meta property=\"og:image:height\" content=\"1086\" \/>\n\t<meta property=\"og:image:type\" content=\"image\/png\" \/>\n<meta name=\"author\" content=\"Melinda Ozel\" \/>\n<meta name=\"twitter:card\" content=\"summary_large_image\" \/>\n<meta name=\"twitter:creator\" content=\"@melindaozel\" \/>\n<meta name=\"twitter:site\" content=\"@melindaozel\" \/>\n<meta name=\"twitter:label1\" content=\"Escrito por\" \/>\n\t<meta name=\"twitter:data1\" content=\"Melinda Ozel\" \/>\n\t<meta name=\"twitter:label2\" content=\"Est. tempo de leitura\" \/>\n\t<meta name=\"twitter:data2\" content=\"5 minutos\" \/>\n<script type=\"application\/ld+json\" class=\"yoast-schema-graph\">{\"@context\":\"https:\\\/\\\/schema.org\",\"@graph\":[{\"@type\":\"Article\",\"@id\":\"https:\\\/\\\/melindaozel.com\\\/forehead-dynamics-frontalis-vs-occipitalis\\\/#article\",\"isPartOf\":{\"@id\":\"https:\\\/\\\/melindaozel.com\\\/forehead-dynamics-frontalis-vs-occipitalis\\\/\"},\"author\":{\"name\":\"Melinda Ozel\",\"@id\":\"https:\\\/\\\/melindaozel.com\\\/zh\\\/#\\\/schema\\\/person\\\/81c6262e1bfca3c71960db5aee204e3f\"},\"headline\":\"Forehead Dynamics &#8211; Frontalis vs. Occipitalis\",\"datePublished\":\"2022-07-20T15:48:20+00:00\",\"dateModified\":\"2025-02-21T06:08:45+00:00\",\"mainEntityOfPage\":{\"@id\":\"https:\\\/\\\/melindaozel.com\\\/forehead-dynamics-frontalis-vs-occipitalis\\\/\"},\"wordCount\":972,\"publisher\":{\"@id\":\"https:\\\/\\\/melindaozel.com\\\/zh\\\/#\\\/schema\\\/person\\\/81c6262e1bfca3c71960db5aee204e3f\"},\"image\":{\"@id\":\"https:\\\/\\\/melindaozel.com\\\/forehead-dynamics-frontalis-vs-occipitalis\\\/#primaryimage\"},\"thumbnailUrl\":\"https:\\\/\\\/i0.wp.com\\\/melindaozel.com\\\/wp-content\\\/uploads\\\/2022\\\/07\\\/frontalis-and-occipitalis-video.png?fit=1098%2C1086&ssl=1\",\"articleSection\":[\"art\",\"character rigging\",\"facial anatomy\",\"facial expressions\",\"facial muscles\",\"frontalis\",\"paid content\"],\"inLanguage\":\"pt-BR\"},{\"@type\":\"WebPage\",\"@id\":\"https:\\\/\\\/melindaozel.com\\\/forehead-dynamics-frontalis-vs-occipitalis\\\/\",\"url\":\"https:\\\/\\\/melindaozel.com\\\/forehead-dynamics-frontalis-vs-occipitalis\\\/\",\"name\":\"Forehead Dynamics - Frontalis vs. Occipitalis - Face the FACS | Facial Expressions in Animation, AI, &amp; Behavior\",\"isPartOf\":{\"@id\":\"https:\\\/\\\/melindaozel.com\\\/zh\\\/#website\"},\"primaryImageOfPage\":{\"@id\":\"https:\\\/\\\/melindaozel.com\\\/forehead-dynamics-frontalis-vs-occipitalis\\\/#primaryimage\"},\"image\":{\"@id\":\"https:\\\/\\\/melindaozel.com\\\/forehead-dynamics-frontalis-vs-occipitalis\\\/#primaryimage\"},\"thumbnailUrl\":\"https:\\\/\\\/i0.wp.com\\\/melindaozel.com\\\/wp-content\\\/uploads\\\/2022\\\/07\\\/frontalis-and-occipitalis-video.png?fit=1098%2C1086&ssl=1\",\"datePublished\":\"2022-07-20T15:48:20+00:00\",\"dateModified\":\"2025-02-21T06:08:45+00:00\",\"breadcrumb\":{\"@id\":\"https:\\\/\\\/melindaozel.com\\\/forehead-dynamics-frontalis-vs-occipitalis\\\/#breadcrumb\"},\"inLanguage\":\"pt-BR\",\"potentialAction\":[{\"@type\":\"ReadAction\",\"target\":[\"https:\\\/\\\/melindaozel.com\\\/forehead-dynamics-frontalis-vs-occipitalis\\\/\"]}]},{\"@type\":\"ImageObject\",\"inLanguage\":\"pt-BR\",\"@id\":\"https:\\\/\\\/melindaozel.com\\\/forehead-dynamics-frontalis-vs-occipitalis\\\/#primaryimage\",\"url\":\"https:\\\/\\\/i0.wp.com\\\/melindaozel.com\\\/wp-content\\\/uploads\\\/2022\\\/07\\\/frontalis-and-occipitalis-video.png?fit=1098%2C1086&ssl=1\",\"contentUrl\":\"https:\\\/\\\/i0.wp.com\\\/melindaozel.com\\\/wp-content\\\/uploads\\\/2022\\\/07\\\/frontalis-and-occipitalis-video.png?fit=1098%2C1086&ssl=1\",\"width\":1098,\"height\":1086,\"caption\":\"frontalis and occipitalis - video\"},{\"@type\":\"BreadcrumbList\",\"@id\":\"https:\\\/\\\/melindaozel.com\\\/forehead-dynamics-frontalis-vs-occipitalis\\\/#breadcrumb\",\"itemListElement\":[{\"@type\":\"ListItem\",\"position\":1,\"name\":\"Home\",\"item\":\"https:\\\/\\\/melindaozel.com\\\/\"},{\"@type\":\"ListItem\",\"position\":2,\"name\":\"Forehead Dynamics &#8211; Frontalis vs. Occipitalis\"}]},{\"@type\":\"WebSite\",\"@id\":\"https:\\\/\\\/melindaozel.com\\\/zh\\\/#website\",\"url\":\"https:\\\/\\\/melindaozel.com\\\/zh\\\/\",\"name\":\"Face the FACS\",\"description\":\"Facial Expressions in Art, Science, &amp; Technology\",\"publisher\":{\"@id\":\"https:\\\/\\\/melindaozel.com\\\/zh\\\/#\\\/schema\\\/person\\\/81c6262e1bfca3c71960db5aee204e3f\"},\"potentialAction\":[{\"@type\":\"SearchAction\",\"target\":{\"@type\":\"EntryPoint\",\"urlTemplate\":\"https:\\\/\\\/melindaozel.com\\\/zh\\\/?s={search_term_string}\"},\"query-input\":{\"@type\":\"PropertyValueSpecification\",\"valueRequired\":true,\"valueName\":\"search_term_string\"}}],\"inLanguage\":\"pt-BR\"},{\"@type\":[\"Person\",\"Organization\"],\"@id\":\"https:\\\/\\\/melindaozel.com\\\/zh\\\/#\\\/schema\\\/person\\\/81c6262e1bfca3c71960db5aee204e3f\",\"name\":\"Melinda Ozel\",\"image\":{\"@type\":\"ImageObject\",\"inLanguage\":\"pt-BR\",\"@id\":\"https:\\\/\\\/i0.wp.com\\\/melindaozel.com\\\/wp-content\\\/uploads\\\/2025\\\/02\\\/face-the-FACS-eye-mouth-logo-pixel.webp?fit=225%2C225&ssl=1\",\"url\":\"https:\\\/\\\/i0.wp.com\\\/melindaozel.com\\\/wp-content\\\/uploads\\\/2025\\\/02\\\/face-the-FACS-eye-mouth-logo-pixel.webp?fit=225%2C225&ssl=1\",\"contentUrl\":\"https:\\\/\\\/i0.wp.com\\\/melindaozel.com\\\/wp-content\\\/uploads\\\/2025\\\/02\\\/face-the-FACS-eye-mouth-logo-pixel.webp?fit=225%2C225&ssl=1\",\"width\":225,\"height\":225,\"caption\":\"Melinda Ozel\"},\"logo\":{\"@id\":\"https:\\\/\\\/i0.wp.com\\\/melindaozel.com\\\/wp-content\\\/uploads\\\/2025\\\/02\\\/face-the-FACS-eye-mouth-logo-pixel.webp?fit=225%2C225&ssl=1\"},\"sameAs\":[\"https:\\\/\\\/melindaozel.com\",\"https:\\\/\\\/facebook.com\\\/facetheFACS\\\/\",\"https:\\\/\\\/instagram.com\\\/manicexpression\",\"https:\\\/\\\/linkedin.com\\\/in\\\/melindaozel\",\"https:\\\/\\\/pinterest.com\\\/melindaozel\\\/\",\"https:\\\/\\\/x.com\\\/melindaozel\",\"https:\\\/\\\/youtube.com\\\/@facetheFACS\"],\"knowsAbout\":[\"Facial Action Coding System (FACS)\",\"Facial Expression Tracking\",\"Facial Anatomy\",\"Facial Animation\",\"Digital Humans\",\"Audio-to-Expression\",\"Audio-to-Face\",\"Visemes\",\"Lipsync\"],\"jobTitle\":\"Facial Systems Expert, Expression Scientist\",\"url\":\"https:\\\/\\\/melindaozel.com\\\/pt\\\/author\\\/melindaozel\\\/\",\"numberOfEmployees\":{\"@type\":\"QuantitativeValue\",\"minValue\":\"1\",\"maxValue\":\"10\"}}]}<\/script>\n<!-- \/ Yoast SEO Premium plugin. -->","yoast_head_json":{"title":"Din\u00e2mica da testa - Frontalis vs. Occipitalis - Face the FACS | Facial Expressions in Animation, AI, &amp; Behavior","robots":{"index":"index","follow":"follow","max-snippet":"max-snippet:-1","max-image-preview":"max-image-preview:large","max-video-preview":"max-video-preview:-1"},"canonical":"https:\/\/melindaozel.com\/pt\/forehead-dynamics-frontalis-vs-occipitalis\/","og_locale":"pt_BR","og_type":"article","og_title":"Forehead Dynamics - Frontalis vs. Occipitalis","og_description":"We are generally familiar with frontalis's work as an eyebrow elevator; however, it is often neglected knowledge that frontalis also works as a hairline depressor. Though this idea may seem counterintuitive, once you are familiar with some muscle basics, things will start to make sense.","og_url":"https:\/\/melindaozel.com\/pt\/forehead-dynamics-frontalis-vs-occipitalis\/","og_site_name":"Face the FACS | Facial Expressions in Animation, AI, &amp; Behavior","article_publisher":"https:\/\/facebook.com\/facetheFACS\/","article_author":"https:\/\/facebook.com\/facetheFACS\/","article_published_time":"2022-07-20T15:48:20+00:00","article_modified_time":"2025-02-21T06:08:45+00:00","og_image":[{"width":1098,"height":1086,"url":"https:\/\/melindaozel.com\/wp-content\/uploads\/2022\/07\/frontalis-and-occipitalis-video.png","type":"image\/png"}],"author":"Melinda Ozel","twitter_card":"summary_large_image","twitter_creator":"@melindaozel","twitter_site":"@melindaozel","twitter_misc":{"Escrito por":"Melinda Ozel","Est. tempo de leitura":"5 minutos"},"schema":{"@context":"https:\/\/schema.org","@graph":[{"@type":"Article","@id":"https:\/\/melindaozel.com\/forehead-dynamics-frontalis-vs-occipitalis\/#article","isPartOf":{"@id":"https:\/\/melindaozel.com\/forehead-dynamics-frontalis-vs-occipitalis\/"},"author":{"name":"Melinda Ozel","@id":"https:\/\/melindaozel.com\/zh\/#\/schema\/person\/81c6262e1bfca3c71960db5aee204e3f"},"headline":"Forehead Dynamics &#8211; Frontalis vs. Occipitalis","datePublished":"2022-07-20T15:48:20+00:00","dateModified":"2025-02-21T06:08:45+00:00","mainEntityOfPage":{"@id":"https:\/\/melindaozel.com\/forehead-dynamics-frontalis-vs-occipitalis\/"},"wordCount":972,"publisher":{"@id":"https:\/\/melindaozel.com\/zh\/#\/schema\/person\/81c6262e1bfca3c71960db5aee204e3f"},"image":{"@id":"https:\/\/melindaozel.com\/forehead-dynamics-frontalis-vs-occipitalis\/#primaryimage"},"thumbnailUrl":"https:\/\/i0.wp.com\/melindaozel.com\/wp-content\/uploads\/2022\/07\/frontalis-and-occipitalis-video.png?fit=1098%2C1086&ssl=1","articleSection":["art","character rigging","facial anatomy","facial expressions","facial muscles","frontalis","paid content"],"inLanguage":"pt-BR"},{"@type":"WebPage","@id":"https:\/\/melindaozel.com\/forehead-dynamics-frontalis-vs-occipitalis\/","url":"https:\/\/melindaozel.com\/forehead-dynamics-frontalis-vs-occipitalis\/","name":"Din\u00e2mica da testa - Frontalis vs. Occipitalis - Face the FACS | Facial Expressions in Animation, AI, &amp; Behavior","isPartOf":{"@id":"https:\/\/melindaozel.com\/zh\/#website"},"primaryImageOfPage":{"@id":"https:\/\/melindaozel.com\/forehead-dynamics-frontalis-vs-occipitalis\/#primaryimage"},"image":{"@id":"https:\/\/melindaozel.com\/forehead-dynamics-frontalis-vs-occipitalis\/#primaryimage"},"thumbnailUrl":"https:\/\/i0.wp.com\/melindaozel.com\/wp-content\/uploads\/2022\/07\/frontalis-and-occipitalis-video.png?fit=1098%2C1086&ssl=1","datePublished":"2022-07-20T15:48:20+00:00","dateModified":"2025-02-21T06:08:45+00:00","breadcrumb":{"@id":"https:\/\/melindaozel.com\/forehead-dynamics-frontalis-vs-occipitalis\/#breadcrumb"},"inLanguage":"pt-BR","potentialAction":[{"@type":"ReadAction","target":["https:\/\/melindaozel.com\/forehead-dynamics-frontalis-vs-occipitalis\/"]}]},{"@type":"ImageObject","inLanguage":"pt-BR","@id":"https:\/\/melindaozel.com\/forehead-dynamics-frontalis-vs-occipitalis\/#primaryimage","url":"https:\/\/i0.wp.com\/melindaozel.com\/wp-content\/uploads\/2022\/07\/frontalis-and-occipitalis-video.png?fit=1098%2C1086&ssl=1","contentUrl":"https:\/\/i0.wp.com\/melindaozel.com\/wp-content\/uploads\/2022\/07\/frontalis-and-occipitalis-video.png?fit=1098%2C1086&ssl=1","width":1098,"height":1086,"caption":"frontalis and occipitalis - video"},{"@type":"BreadcrumbList","@id":"https:\/\/melindaozel.com\/forehead-dynamics-frontalis-vs-occipitalis\/#breadcrumb","itemListElement":[{"@type":"ListItem","position":1,"name":"Home","item":"https:\/\/melindaozel.com\/"},{"@type":"ListItem","position":2,"name":"Forehead Dynamics &#8211; Frontalis vs. Occipitalis"}]},{"@type":"WebSite","@id":"https:\/\/melindaozel.com\/zh\/#website","url":"https:\/\/melindaozel.com\/zh\/","name":"Enfrentar o FACS","description":"Express\u00f5es faciais na arte, ci\u00eancia e tecnologia","publisher":{"@id":"https:\/\/melindaozel.com\/zh\/#\/schema\/person\/81c6262e1bfca3c71960db5aee204e3f"},"potentialAction":[{"@type":"SearchAction","target":{"@type":"EntryPoint","urlTemplate":"https:\/\/melindaozel.com\/zh\/?s={search_term_string}"},"query-input":{"@type":"PropertyValueSpecification","valueRequired":true,"valueName":"search_term_string"}}],"inLanguage":"pt-BR"},{"@type":["Person","Organization"],"@id":"https:\/\/melindaozel.com\/zh\/#\/schema\/person\/81c6262e1bfca3c71960db5aee204e3f","name":"Melinda Ozel","image":{"@type":"ImageObject","inLanguage":"pt-BR","@id":"https:\/\/i0.wp.com\/melindaozel.com\/wp-content\/uploads\/2025\/02\/face-the-FACS-eye-mouth-logo-pixel.webp?fit=225%2C225&ssl=1","url":"https:\/\/i0.wp.com\/melindaozel.com\/wp-content\/uploads\/2025\/02\/face-the-FACS-eye-mouth-logo-pixel.webp?fit=225%2C225&ssl=1","contentUrl":"https:\/\/i0.wp.com\/melindaozel.com\/wp-content\/uploads\/2025\/02\/face-the-FACS-eye-mouth-logo-pixel.webp?fit=225%2C225&ssl=1","width":225,"height":225,"caption":"Melinda Ozel"},"logo":{"@id":"https:\/\/i0.wp.com\/melindaozel.com\/wp-content\/uploads\/2025\/02\/face-the-FACS-eye-mouth-logo-pixel.webp?fit=225%2C225&ssl=1"},"sameAs":["https:\/\/melindaozel.com","https:\/\/facebook.com\/facetheFACS\/","https:\/\/instagram.com\/manicexpression","https:\/\/linkedin.com\/in\/melindaozel","https:\/\/pinterest.com\/melindaozel\/","https:\/\/x.com\/melindaozel","https:\/\/youtube.com\/@facetheFACS"],"knowsAbout":["Facial Action Coding System (FACS)","Facial Expression Tracking","Facial Anatomy","Facial Animation","Digital Humans","Audio-to-Expression","Audio-to-Face","Visemes","Lipsync"],"jobTitle":"Facial Systems Expert, Expression Scientist","url":"https:\/\/melindaozel.com\/pt\/author\/melindaozel\/","numberOfEmployees":{"@type":"QuantitativeValue","minValue":"1","maxValue":"10"}}]}},"jetpack_sharing_enabled":true,"jetpack_featured_media_url":"https:\/\/i0.wp.com\/melindaozel.com\/wp-content\/uploads\/2022\/07\/frontalis-and-occipitalis-video.png?fit=1098%2C1086&ssl=1","_links":{"self":[{"href":"https:\/\/melindaozel.com\/pt\/wp-json\/wp\/v2\/posts\/7503","targetHints":{"allow":["GET"]}}],"collection":[{"href":"https:\/\/melindaozel.com\/pt\/wp-json\/wp\/v2\/posts"}],"about":[{"href":"https:\/\/melindaozel.com\/pt\/wp-json\/wp\/v2\/types\/post"}],"author":[{"embeddable":true,"href":"https:\/\/melindaozel.com\/pt\/wp-json\/wp\/v2\/users\/60486633"}],"replies":[{"embeddable":true,"href":"https:\/\/melindaozel.com\/pt\/wp-json\/wp\/v2\/comments?post=7503"}],"version-history":[{"count":33,"href":"https:\/\/melindaozel.com\/pt\/wp-json\/wp\/v2\/posts\/7503\/revisions"}],"predecessor-version":[{"id":11316,"href":"https:\/\/melindaozel.com\/pt\/wp-json\/wp\/v2\/posts\/7503\/revisions\/11316"}],"wp:featuredmedia":[{"embeddable":true,"href":"https:\/\/melindaozel.com\/pt\/wp-json\/wp\/v2\/media\/7510"}],"wp:attachment":[{"href":"https:\/\/melindaozel.com\/pt\/wp-json\/wp\/v2\/media?parent=7503"}],"wp:term":[{"taxonomy":"category","embeddable":true,"href":"https:\/\/melindaozel.com\/pt\/wp-json\/wp\/v2\/categories?post=7503"},{"taxonomy":"post_tag","embeddable":true,"href":"https:\/\/melindaozel.com\/pt\/wp-json\/wp\/v2\/tags?post=7503"}],"curies":[{"name":"wp","href":"https:\/\/api.w.org\/{rel}","templated":true}]}}