{"id":2810,"date":"2020-06-22T15:41:30","date_gmt":"2020-06-22T19:41:30","guid":{"rendered":"https:\/\/melindaozel.com\/?p=2810"},"modified":"2026-03-08T01:00:31","modified_gmt":"2026-03-08T06:00:31","slug":"inner-brow-raiser-deep-dive","status":"publish","type":"post","link":"https:\/\/melindaozel.com\/it\/inner-brow-raiser-deep-dive\/","title":{"rendered":"Sollevare il sopracciglio interiore: Immersione profonda"},"content":{"rendered":"<p style=\"text-align: left;\"><em>Il seguente post riguarda l'AU1, l'elevatore interno delle sopracciglia, guidato dalla parte mediale del muscolo frontale. Copre: <strong>anatomico<\/strong> <strong>variazione<\/strong>, <strong>comune<\/strong> <strong>errori<\/strong>e fornisce <strong>pulire<\/strong> <strong>riferimenti<\/strong>.\u00a0<\/em><\/p>\n<figure id=\"attachment_2977\" aria-describedby=\"caption-attachment-2977\" style=\"width: 1014px\" class=\"wp-caption aligncenter\"><img data-recalc-dims=\"1\" fetchpriority=\"high\" decoding=\"async\" class=\"wp-image-2977 size-large\" src=\"https:\/\/i0.wp.com\/melindaozel.com\/wp-content\/uploads\/2020\/07\/innerbrow2.0_AU1-1.png?resize=1024%2C384&#038;ssl=1\" alt=\"colonna di sinistra: donna in volto neutro; colonna di destra: donna che solleva le punte delle sopracciglia interne\" width=\"1024\" height=\"384\" srcset=\"https:\/\/i0.wp.com\/melindaozel.com\/wp-content\/uploads\/2020\/07\/innerbrow2.0_AU1-1.png?resize=1024%2C384&amp;ssl=1 1024w, https:\/\/i0.wp.com\/melindaozel.com\/wp-content\/uploads\/2020\/07\/innerbrow2.0_AU1-1.png?resize=300%2C113&amp;ssl=1 300w, https:\/\/i0.wp.com\/melindaozel.com\/wp-content\/uploads\/2020\/07\/innerbrow2.0_AU1-1.png?resize=768%2C288&amp;ssl=1 768w, https:\/\/i0.wp.com\/melindaozel.com\/wp-content\/uploads\/2020\/07\/innerbrow2.0_AU1-1.png?resize=1536%2C576&amp;ssl=1 1536w, https:\/\/i0.wp.com\/melindaozel.com\/wp-content\/uploads\/2020\/07\/innerbrow2.0_AU1-1.png?resize=2048%2C768&amp;ssl=1 2048w, https:\/\/i0.wp.com\/melindaozel.com\/wp-content\/uploads\/2020\/07\/innerbrow2.0_AU1-1.png?resize=1088%2C408&amp;ssl=1 1088w, https:\/\/i0.wp.com\/melindaozel.com\/wp-content\/uploads\/2020\/07\/innerbrow2.0_AU1-1.png?w=2400&amp;ssl=1 2400w\" sizes=\"(max-width: 1024px) 100vw, 1024px\" \/><figcaption id=\"caption-attachment-2977\" class=\"wp-caption-text\">Esempio di posa neutra rispetto a <em>rastrelliera interna per le sopracciglia<\/em> posa<\/figcaption><\/figure>\n<h2>\u00a0<\/h2>\n<h2 style=\"text-align: center;\"><strong>Che cos'\u00e8 I<\/strong><strong>nner Brow Raiser?<\/strong><\/h2>\n<p><a href=\"https:\/\/melindaozel.com\/the-secret-life-of-inner-brow-raiser\/\" target=\"_blank\" rel=\"noopener\"><em>Inner brow raiser,<\/em><\/a> o AU1, \u00e8 un <a href=\"https:\/\/melindaozel.com\/facs-cheat-sheet\/\" target=\"_blank\" rel=\"noopener\">Sistema di codifica dell'azione facciale<\/a> (FACS), unit\u00e0 d'azione (AU). La sua funzione \u00e8 quella di sollevare l'area mediale del sopracciglio e della fronte e la sua azione \u00e8 innescata dalla contrazione della regione mediale di <a href=\"https:\/\/en.wikipedia.org\/wiki\/Frontalis_muscle\" target=\"_blank\" rel=\"noopener\">frontalis<\/a>. \u00c8 difficile trovare riferimenti puliti<em> un'alzata di sopracciglio interiore.<\/em> Quando si costruiscono i riferimenti FACS, molte fonti non lo fanno:<\/p>\n<ol>\n<li>Trovare attori che possano attivare volontariamente il frontalino mediale senza contrarre anche l'area laterale del frontalino o del corrugator supercilii.\u00a0<\/li>\n<li><a href=\"https:\/\/melindaozel.com\/facial-expressions-facial-data-capture\/\" target=\"_blank\" rel=\"noopener\">Dirigere correttamente i modelli<\/a> per eseguire la contrazione del frontale mediale.<\/li>\n<\/ol>\n<p>Nella vita di tutti i giorni, la maggior parte di noi alza senza sforzo le sopracciglia senza pensarci due volte; tuttavia, quando ci viene richiesto, molte persone faticano a isolare questo movimento.<\/p>\n<h2 style=\"text-align: center;\"><b>Riferimenti e disinformazione sul FACS<\/b><\/h2>\n<p>Di recente (2020) ho criticato una serie di forme FACS per un cliente e ho notato che il suo <em>rastrelliera interna per le sopracciglia<\/em> forma aveva qualche ondulatore (da<em> abbassare la fronte<\/em>) erroneamente mescolati.<\/p>\n<p><span style=\"text-decoration: underline;\"><strong>Blendshape del sopracciglio interno della cliente + le mie note:<\/strong><\/span><\/p>\n<figure id=\"attachment_2817\" aria-describedby=\"caption-attachment-2817\" style=\"width: 1459px\" class=\"wp-caption aligncenter\"><img data-recalc-dims=\"1\" decoding=\"async\" class=\"wp-image-2817 size-full\" src=\"https:\/\/i0.wp.com\/melindaozel.com\/wp-content\/uploads\/2020\/06\/IMG_0905-2-e1592862489549.png?resize=1200%2C676&#038;ssl=1\" alt=\"inner brow raiser con errore di abbassamento delle sopracciglia\" width=\"1200\" height=\"676\" srcset=\"https:\/\/i0.wp.com\/melindaozel.com\/wp-content\/uploads\/2020\/06\/IMG_0905-2-e1592862489549.png?w=1469&amp;ssl=1 1469w, https:\/\/i0.wp.com\/melindaozel.com\/wp-content\/uploads\/2020\/06\/IMG_0905-2-e1592862489549.png?resize=300%2C169&amp;ssl=1 300w, https:\/\/i0.wp.com\/melindaozel.com\/wp-content\/uploads\/2020\/06\/IMG_0905-2-e1592862489549.png?resize=1024%2C577&amp;ssl=1 1024w, https:\/\/i0.wp.com\/melindaozel.com\/wp-content\/uploads\/2020\/06\/IMG_0905-2-e1592862489549.png?resize=768%2C433&amp;ssl=1 768w, https:\/\/i0.wp.com\/melindaozel.com\/wp-content\/uploads\/2020\/06\/IMG_0905-2-e1592862489549.png?resize=1088%2C613&amp;ssl=1 1088w\" sizes=\"(max-width: 1200px) 100vw, 1200px\" \/><figcaption id=\"caption-attachment-2817\" class=\"wp-caption-text\">FACS forma di di Derrick Sesson<\/figcaption><\/figure>\n<p><br \/>Aggiunta dell'ondulatore a <em>rastrelliera interna per le sopracciglia<\/em> \u00e8 un errore molto comune. Questa comunanza \u00e8 in parte dovuta al fatto che: <strong>Le buone referenze sono difficili da trovare!<\/strong><\/p>\n<p>Persino il mio cliente - un artista affermato del settore con un ottimo portfolio e curriculum - ha inconsapevolmente aggiunto al suo modello i tratti di un corrugatore, perch\u00e9 si \u00e8 fidato di una referenza contaminata. Il riferimento che ha usato era tratto da un importante libro di anatomia ed espressione facciale: <em>Anatomia delle espressioni facciali<\/em>. Molti studenti d'arte e professionisti utilizzano questo libro di testo. \u00c8 un ottimo libro di testo, ma alcune forme FACS sono imprecise.<\/p>\n<p><span style=\"text-decoration: underline;\"><strong>Riferimento utilizzato dal cliente:<\/strong><\/span><\/p>\n<p>Vedete le linee verticali e ondulate al centro della fronte nelle immagini sottostanti? Queste linee verticali sono dovute a un muscolo che lavora a maglia con le sopracciglia, il corrugator supercilii.<\/p>\n<p><img data-recalc-dims=\"1\" decoding=\"async\" class=\"wp-image-2816 aligncenter\" src=\"https:\/\/i0.wp.com\/melindaozel.com\/wp-content\/uploads\/2020\/06\/Screen-Shot-2020-06-22-at-5.42.56-PM.png?resize=675%2C510&#038;ssl=1\" alt=\"inner brow raiser sbagliato\" width=\"675\" height=\"510\" srcset=\"https:\/\/i0.wp.com\/melindaozel.com\/wp-content\/uploads\/2020\/06\/Screen-Shot-2020-06-22-at-5.42.56-PM.png?w=1564&amp;ssl=1 1564w, https:\/\/i0.wp.com\/melindaozel.com\/wp-content\/uploads\/2020\/06\/Screen-Shot-2020-06-22-at-5.42.56-PM.png?resize=300%2C227&amp;ssl=1 300w, https:\/\/i0.wp.com\/melindaozel.com\/wp-content\/uploads\/2020\/06\/Screen-Shot-2020-06-22-at-5.42.56-PM.png?resize=1024%2C774&amp;ssl=1 1024w, https:\/\/i0.wp.com\/melindaozel.com\/wp-content\/uploads\/2020\/06\/Screen-Shot-2020-06-22-at-5.42.56-PM.png?resize=768%2C580&amp;ssl=1 768w, https:\/\/i0.wp.com\/melindaozel.com\/wp-content\/uploads\/2020\/06\/Screen-Shot-2020-06-22-at-5.42.56-PM.png?resize=1536%2C1161&amp;ssl=1 1536w, https:\/\/i0.wp.com\/melindaozel.com\/wp-content\/uploads\/2020\/06\/Screen-Shot-2020-06-22-at-5.42.56-PM.png?resize=1088%2C822&amp;ssl=1 1088w\" sizes=\"(max-width: 675px) 100vw, 675px\" \/><\/p>\n<p>Per vedere alcuni esempi evidenti di sollevamento del sopracciglio mediale, osservate le GIF qui sotto. Leggete gli effetti primari e secondari di <em>rastrelliera interna per le sopracciglia<\/em> cos\u00ec come come le sue caratteristiche possono variare da un individuo all'altro.<\/p>\n<h2 style=\"text-align: center;\"><strong>Clean AU1 - Esempi di sollevamento del sopracciglio interno<\/strong><\/h2>\n<p style=\"text-align: center;\"><img data-recalc-dims=\"1\" loading=\"lazy\" decoding=\"async\" class=\"alignnone wp-image-2803\" src=\"https:\/\/i0.wp.com\/melindaozel.com\/wp-content\/uploads\/2020\/06\/img_0996.gif?resize=418%2C254&#038;ssl=1\" alt=\"AU 1 - regolatore interno del sopracciglio\" width=\"418\" height=\"254\" \/><br \/><strong>esempio<\/strong><strong> i<\/strong><\/p>\n<p style=\"text-align: center;\"><img data-recalc-dims=\"1\" loading=\"lazy\" decoding=\"async\" class=\"alignnone wp-image-2809\" src=\"https:\/\/i0.wp.com\/melindaozel.com\/wp-content\/uploads\/2020\/06\/inner_brow_ii.gif?resize=419%2C251&#038;ssl=1\" alt=\"AU1 - regolatore interno del sopracciglio\" width=\"419\" height=\"251\" \/><br \/><strong>esempio ii\u00a0<\/strong><\/p>\n<p class=\"p1\"><b><div class=\"mepr_error\"><p>Il contenuto rimanente \u00e8 per <a href=\"https:\/\/melindaozel.com\/subscription-options\/\" target=\"_blank\" rel=\"noopener\">Membri Premium<\/a> solo. Se siete membri, <a href=\"https:\/\/melindaozel.com\/login\/\" target=\"_blank\" rel=\"noopener\">Accedi<\/a> e tornare a questa pagina :)!<\/p>\n<\/div><\/b><\/p>\n<\/li>\n<\/ul>\n<\/li>\n<\/ul>\n<p>Per maggiori informazioni<em>\u00a0<\/em>Vedi: <strong><a href=\"https:\/\/melindaozel.com\/the-secret-life-of-inner-brow-raiser\/\">La vita segreta di Inner Brow Raiser<\/a><\/strong>.<\/p>\n<p>Per un approfondimento completo e strutturato sul FACS, consultate il mio corso online: <a href=\"https:\/\/melindaozel.com\/services\/lectures-training\/facs-cram-session\/\" target=\"_blank\" rel=\"noopener\"><strong>Sessione FACS Cram<\/strong><\/a>.<\/p>\n\n\n<p><\/p>","protected":false},"excerpt":{"rendered":"<p>Inner brow raiser \u00e8 una delle azioni facciali pi\u00f9 difficili da trovare riferimenti puliti. Molte fonti non riescono a trovare attori che siano in grado di separare l'inner brow raiser da altre azioni facciali come l'outer brow raiser (da frontalis, pars lateralis) e brow lowerer (da corrugator).<\/p>","protected":false},"author":60486633,"featured_media":2816,"comment_status":"closed","ping_status":"open","sticky":false,"template":"","format":"standard","meta":{"_jetpack_memberships_contains_paid_content":false,"footnotes":""},"categories":[676756994,676757187,676757020,676757175,676757186,676756991,676756915,676756914,676757023,676757009,676757170,676756993],"tags":[],"class_list":["post-2810","post","type-post","status-publish","format-standard","has-post-thumbnail","hentry","category-ar-vr","category-art","category-au1","category-blend-shapes","category-character-rigging","category-anatomy","category-facial-expressions","category-muscles","category-inner-brow-raiser","category-paid","category-premium-previews","category-tech","generate-columns","tablet-grid-50","mobile-grid-100","grid-parent","grid-50"],"yoast_head":"<!-- This site is optimized with the Yoast SEO Premium plugin v27.5 (Yoast SEO v27.5) - https:\/\/yoast.com\/product\/yoast-seo-premium-wordpress\/ -->\n<title>Inner Brow Raiser: Deep Dive - Face the FACS | Facial Expressions in Animation, AI, &amp; Behavior<\/title>\n<meta name=\"description\" content=\"Inner brow raiser (AU1) is a Facial Action Coding System (FACS) action unit whose function is to raise the medial brow and forehead area. Its action is triggered by the contraction of the medial area of frontalis.\" \/>\n<meta name=\"robots\" content=\"index, follow, max-snippet:-1, max-image-preview:large, max-video-preview:-1\" \/>\n<link rel=\"canonical\" href=\"https:\/\/melindaozel.com\/it\/inner-brow-raiser-deep-dive\/\" \/>\n<meta property=\"og:locale\" content=\"it_IT\" \/>\n<meta property=\"og:type\" content=\"article\" \/>\n<meta property=\"og:title\" content=\"Inner Brow Raiser: Deep Dive\" \/>\n<meta property=\"og:description\" content=\"Inner brow raiser (AU1) is a Facial Action Coding System (FACS) action unit whose function is to raise the medial brow and forehead area. Its action is triggered by the contraction of the medial area of frontalis.\" \/>\n<meta property=\"og:url\" content=\"https:\/\/melindaozel.com\/it\/inner-brow-raiser-deep-dive\/\" \/>\n<meta property=\"og:site_name\" content=\"Face the FACS | Facial Expressions in Animation, AI, &amp; Behavior\" \/>\n<meta property=\"article:publisher\" content=\"https:\/\/facebook.com\/facetheFACS\/\" \/>\n<meta property=\"article:author\" content=\"https:\/\/facebook.com\/facetheFACS\/\" \/>\n<meta property=\"article:published_time\" content=\"2020-06-22T19:41:30+00:00\" \/>\n<meta property=\"article:modified_time\" content=\"2026-03-08T06:00:31+00:00\" \/>\n<meta property=\"og:image\" content=\"https:\/\/melindaozel.com\/wp-content\/uploads\/2020\/06\/Screen-Shot-2020-06-22-at-5.42.56-PM.png\" \/>\n\t<meta property=\"og:image:width\" content=\"1564\" \/>\n\t<meta property=\"og:image:height\" content=\"1182\" \/>\n\t<meta property=\"og:image:type\" content=\"image\/png\" \/>\n<meta name=\"author\" content=\"Melinda Ozel\" \/>\n<meta name=\"twitter:card\" content=\"summary_large_image\" \/>\n<meta name=\"twitter:creator\" content=\"@melindaozel\" \/>\n<meta name=\"twitter:site\" content=\"@melindaozel\" \/>\n<meta name=\"twitter:label1\" content=\"Scritto da\" \/>\n\t<meta name=\"twitter:data1\" content=\"Melinda Ozel\" \/>\n\t<meta name=\"twitter:label2\" content=\"Tempo di lettura stimato\" \/>\n\t<meta name=\"twitter:data2\" content=\"6 minuti\" \/>\n<script type=\"application\/ld+json\" class=\"yoast-schema-graph\">{\"@context\":\"https:\\\/\\\/schema.org\",\"@graph\":[{\"@type\":\"Article\",\"@id\":\"https:\\\/\\\/melindaozel.com\\\/inner-brow-raiser-deep-dive\\\/#article\",\"isPartOf\":{\"@id\":\"https:\\\/\\\/melindaozel.com\\\/inner-brow-raiser-deep-dive\\\/\"},\"author\":{\"name\":\"Melinda Ozel\",\"@id\":\"https:\\\/\\\/melindaozel.com\\\/zh\\\/#\\\/schema\\\/person\\\/81c6262e1bfca3c71960db5aee204e3f\"},\"headline\":\"Inner Brow Raiser: Deep Dive\",\"datePublished\":\"2020-06-22T19:41:30+00:00\",\"dateModified\":\"2026-03-08T06:00:31+00:00\",\"mainEntityOfPage\":{\"@id\":\"https:\\\/\\\/melindaozel.com\\\/inner-brow-raiser-deep-dive\\\/\"},\"wordCount\":770,\"publisher\":{\"@id\":\"https:\\\/\\\/melindaozel.com\\\/zh\\\/#\\\/schema\\\/person\\\/81c6262e1bfca3c71960db5aee204e3f\"},\"image\":{\"@id\":\"https:\\\/\\\/melindaozel.com\\\/inner-brow-raiser-deep-dive\\\/#primaryimage\"},\"thumbnailUrl\":\"https:\\\/\\\/i0.wp.com\\\/melindaozel.com\\\/wp-content\\\/uploads\\\/2020\\\/06\\\/Screen-Shot-2020-06-22-at-5.42.56-PM.png?fit=1564%2C1182&ssl=1\",\"articleSection\":[\"AR\\\/VR\",\"art\",\"AU1\",\"blend shapes\",\"character rigging\",\"facial anatomy\",\"facial expressions\",\"facial muscles\",\"inner brow raiser\",\"paid content\",\"premium previews\",\"tech\"],\"inLanguage\":\"it-IT\"},{\"@type\":\"WebPage\",\"@id\":\"https:\\\/\\\/melindaozel.com\\\/inner-brow-raiser-deep-dive\\\/\",\"url\":\"https:\\\/\\\/melindaozel.com\\\/inner-brow-raiser-deep-dive\\\/\",\"name\":\"Inner Brow Raiser: Deep Dive - Face the FACS | Facial Expressions in Animation, AI, &amp; Behavior\",\"isPartOf\":{\"@id\":\"https:\\\/\\\/melindaozel.com\\\/zh\\\/#website\"},\"primaryImageOfPage\":{\"@id\":\"https:\\\/\\\/melindaozel.com\\\/inner-brow-raiser-deep-dive\\\/#primaryimage\"},\"image\":{\"@id\":\"https:\\\/\\\/melindaozel.com\\\/inner-brow-raiser-deep-dive\\\/#primaryimage\"},\"thumbnailUrl\":\"https:\\\/\\\/i0.wp.com\\\/melindaozel.com\\\/wp-content\\\/uploads\\\/2020\\\/06\\\/Screen-Shot-2020-06-22-at-5.42.56-PM.png?fit=1564%2C1182&ssl=1\",\"datePublished\":\"2020-06-22T19:41:30+00:00\",\"dateModified\":\"2026-03-08T06:00:31+00:00\",\"description\":\"Inner brow raiser (AU1) is a Facial Action Coding System (FACS) action unit whose function is to raise the medial brow and forehead area. Its action is triggered by the contraction of the medial area of frontalis.\",\"breadcrumb\":{\"@id\":\"https:\\\/\\\/melindaozel.com\\\/inner-brow-raiser-deep-dive\\\/#breadcrumb\"},\"inLanguage\":\"it-IT\",\"potentialAction\":[{\"@type\":\"ReadAction\",\"target\":[\"https:\\\/\\\/melindaozel.com\\\/inner-brow-raiser-deep-dive\\\/\"]}]},{\"@type\":\"ImageObject\",\"inLanguage\":\"it-IT\",\"@id\":\"https:\\\/\\\/melindaozel.com\\\/inner-brow-raiser-deep-dive\\\/#primaryimage\",\"url\":\"https:\\\/\\\/i0.wp.com\\\/melindaozel.com\\\/wp-content\\\/uploads\\\/2020\\\/06\\\/Screen-Shot-2020-06-22-at-5.42.56-PM.png?fit=1564%2C1182&ssl=1\",\"contentUrl\":\"https:\\\/\\\/i0.wp.com\\\/melindaozel.com\\\/wp-content\\\/uploads\\\/2020\\\/06\\\/Screen-Shot-2020-06-22-at-5.42.56-PM.png?fit=1564%2C1182&ssl=1\",\"width\":1564,\"height\":1182,\"caption\":\"inner brow raiser wrong\"},{\"@type\":\"BreadcrumbList\",\"@id\":\"https:\\\/\\\/melindaozel.com\\\/inner-brow-raiser-deep-dive\\\/#breadcrumb\",\"itemListElement\":[{\"@type\":\"ListItem\",\"position\":1,\"name\":\"Home\",\"item\":\"https:\\\/\\\/melindaozel.com\\\/\"},{\"@type\":\"ListItem\",\"position\":2,\"name\":\"Inner Brow Raiser: Deep Dive\"}]},{\"@type\":\"WebSite\",\"@id\":\"https:\\\/\\\/melindaozel.com\\\/zh\\\/#website\",\"url\":\"https:\\\/\\\/melindaozel.com\\\/zh\\\/\",\"name\":\"Face the FACS\",\"description\":\"Facial Expressions in Art, Science, &amp; Technology\",\"publisher\":{\"@id\":\"https:\\\/\\\/melindaozel.com\\\/zh\\\/#\\\/schema\\\/person\\\/81c6262e1bfca3c71960db5aee204e3f\"},\"potentialAction\":[{\"@type\":\"SearchAction\",\"target\":{\"@type\":\"EntryPoint\",\"urlTemplate\":\"https:\\\/\\\/melindaozel.com\\\/zh\\\/?s={search_term_string}\"},\"query-input\":{\"@type\":\"PropertyValueSpecification\",\"valueRequired\":true,\"valueName\":\"search_term_string\"}}],\"inLanguage\":\"it-IT\"},{\"@type\":[\"Person\",\"Organization\"],\"@id\":\"https:\\\/\\\/melindaozel.com\\\/zh\\\/#\\\/schema\\\/person\\\/81c6262e1bfca3c71960db5aee204e3f\",\"name\":\"Melinda Ozel\",\"image\":{\"@type\":\"ImageObject\",\"inLanguage\":\"it-IT\",\"@id\":\"https:\\\/\\\/i0.wp.com\\\/melindaozel.com\\\/wp-content\\\/uploads\\\/2025\\\/02\\\/face-the-FACS-eye-mouth-logo-pixel.webp?fit=225%2C225&ssl=1\",\"url\":\"https:\\\/\\\/i0.wp.com\\\/melindaozel.com\\\/wp-content\\\/uploads\\\/2025\\\/02\\\/face-the-FACS-eye-mouth-logo-pixel.webp?fit=225%2C225&ssl=1\",\"contentUrl\":\"https:\\\/\\\/i0.wp.com\\\/melindaozel.com\\\/wp-content\\\/uploads\\\/2025\\\/02\\\/face-the-FACS-eye-mouth-logo-pixel.webp?fit=225%2C225&ssl=1\",\"width\":225,\"height\":225,\"caption\":\"Melinda Ozel\"},\"logo\":{\"@id\":\"https:\\\/\\\/i0.wp.com\\\/melindaozel.com\\\/wp-content\\\/uploads\\\/2025\\\/02\\\/face-the-FACS-eye-mouth-logo-pixel.webp?fit=225%2C225&ssl=1\"},\"sameAs\":[\"https:\\\/\\\/melindaozel.com\",\"https:\\\/\\\/facebook.com\\\/facetheFACS\\\/\",\"https:\\\/\\\/instagram.com\\\/manicexpression\",\"https:\\\/\\\/linkedin.com\\\/in\\\/melindaozel\",\"https:\\\/\\\/pinterest.com\\\/melindaozel\\\/\",\"https:\\\/\\\/x.com\\\/melindaozel\",\"https:\\\/\\\/youtube.com\\\/@facetheFACS\"],\"knowsAbout\":[\"Facial Action Coding System (FACS)\",\"Facial Expression Tracking\",\"Facial Anatomy\",\"Facial Animation\",\"Digital Humans\",\"Audio-to-Expression\",\"Audio-to-Face\",\"Visemes\",\"Lipsync\"],\"jobTitle\":\"Facial Systems Expert, Expression Scientist\",\"url\":\"https:\\\/\\\/melindaozel.com\\\/it\\\/author\\\/melindaozel\\\/\",\"numberOfEmployees\":{\"@type\":\"QuantitativeValue\",\"minValue\":\"1\",\"maxValue\":\"10\"}}]}<\/script>\n<!-- \/ Yoast SEO Premium plugin. -->","yoast_head_json":{"title":"Sollevare il sopracciglio interiore: Deep Dive - Face the FACS | Espressioni facciali nell'animazione, nell'intelligenza artificiale e nel comportamento","description":"L'Inner brow raiser (AU1) \u00e8 un'unit\u00e0 d'azione del Facial Action Coding System (FACS) la cui funzione \u00e8 quella di sollevare l'area mediale del sopracciglio e della fronte. La sua azione \u00e8 innescata dalla contrazione dell'area mediale del frontale.","robots":{"index":"index","follow":"follow","max-snippet":"max-snippet:-1","max-image-preview":"max-image-preview:large","max-video-preview":"max-video-preview:-1"},"canonical":"https:\/\/melindaozel.com\/it\/inner-brow-raiser-deep-dive\/","og_locale":"it_IT","og_type":"article","og_title":"Inner Brow Raiser: Deep Dive","og_description":"Inner brow raiser (AU1) is a Facial Action Coding System (FACS) action unit whose function is to raise the medial brow and forehead area. Its action is triggered by the contraction of the medial area of frontalis.","og_url":"https:\/\/melindaozel.com\/it\/inner-brow-raiser-deep-dive\/","og_site_name":"Face the FACS | Facial Expressions in Animation, AI, &amp; Behavior","article_publisher":"https:\/\/facebook.com\/facetheFACS\/","article_author":"https:\/\/facebook.com\/facetheFACS\/","article_published_time":"2020-06-22T19:41:30+00:00","article_modified_time":"2026-03-08T06:00:31+00:00","og_image":[{"width":1564,"height":1182,"url":"https:\/\/melindaozel.com\/wp-content\/uploads\/2020\/06\/Screen-Shot-2020-06-22-at-5.42.56-PM.png","type":"image\/png"}],"author":"Melinda Ozel","twitter_card":"summary_large_image","twitter_creator":"@melindaozel","twitter_site":"@melindaozel","twitter_misc":{"Scritto da":"Melinda Ozel","Tempo di lettura stimato":"6 minuti"},"schema":{"@context":"https:\/\/schema.org","@graph":[{"@type":"Article","@id":"https:\/\/melindaozel.com\/inner-brow-raiser-deep-dive\/#article","isPartOf":{"@id":"https:\/\/melindaozel.com\/inner-brow-raiser-deep-dive\/"},"author":{"name":"Melinda Ozel","@id":"https:\/\/melindaozel.com\/zh\/#\/schema\/person\/81c6262e1bfca3c71960db5aee204e3f"},"headline":"Inner Brow Raiser: Deep Dive","datePublished":"2020-06-22T19:41:30+00:00","dateModified":"2026-03-08T06:00:31+00:00","mainEntityOfPage":{"@id":"https:\/\/melindaozel.com\/inner-brow-raiser-deep-dive\/"},"wordCount":770,"publisher":{"@id":"https:\/\/melindaozel.com\/zh\/#\/schema\/person\/81c6262e1bfca3c71960db5aee204e3f"},"image":{"@id":"https:\/\/melindaozel.com\/inner-brow-raiser-deep-dive\/#primaryimage"},"thumbnailUrl":"https:\/\/i0.wp.com\/melindaozel.com\/wp-content\/uploads\/2020\/06\/Screen-Shot-2020-06-22-at-5.42.56-PM.png?fit=1564%2C1182&ssl=1","articleSection":["AR\/VR","art","AU1","blend shapes","character rigging","facial anatomy","facial expressions","facial muscles","inner brow raiser","paid content","premium previews","tech"],"inLanguage":"it-IT"},{"@type":"WebPage","@id":"https:\/\/melindaozel.com\/inner-brow-raiser-deep-dive\/","url":"https:\/\/melindaozel.com\/inner-brow-raiser-deep-dive\/","name":"Sollevare il sopracciglio interiore: Deep Dive - Face the FACS | Espressioni facciali nell'animazione, nell'intelligenza artificiale e nel comportamento","isPartOf":{"@id":"https:\/\/melindaozel.com\/zh\/#website"},"primaryImageOfPage":{"@id":"https:\/\/melindaozel.com\/inner-brow-raiser-deep-dive\/#primaryimage"},"image":{"@id":"https:\/\/melindaozel.com\/inner-brow-raiser-deep-dive\/#primaryimage"},"thumbnailUrl":"https:\/\/i0.wp.com\/melindaozel.com\/wp-content\/uploads\/2020\/06\/Screen-Shot-2020-06-22-at-5.42.56-PM.png?fit=1564%2C1182&ssl=1","datePublished":"2020-06-22T19:41:30+00:00","dateModified":"2026-03-08T06:00:31+00:00","description":"L'Inner brow raiser (AU1) \u00e8 un'unit\u00e0 d'azione del Facial Action Coding System (FACS) la cui funzione \u00e8 quella di sollevare l'area mediale del sopracciglio e della fronte. La sua azione \u00e8 innescata dalla contrazione dell'area mediale del frontale.","breadcrumb":{"@id":"https:\/\/melindaozel.com\/inner-brow-raiser-deep-dive\/#breadcrumb"},"inLanguage":"it-IT","potentialAction":[{"@type":"ReadAction","target":["https:\/\/melindaozel.com\/inner-brow-raiser-deep-dive\/"]}]},{"@type":"ImageObject","inLanguage":"it-IT","@id":"https:\/\/melindaozel.com\/inner-brow-raiser-deep-dive\/#primaryimage","url":"https:\/\/i0.wp.com\/melindaozel.com\/wp-content\/uploads\/2020\/06\/Screen-Shot-2020-06-22-at-5.42.56-PM.png?fit=1564%2C1182&ssl=1","contentUrl":"https:\/\/i0.wp.com\/melindaozel.com\/wp-content\/uploads\/2020\/06\/Screen-Shot-2020-06-22-at-5.42.56-PM.png?fit=1564%2C1182&ssl=1","width":1564,"height":1182,"caption":"inner brow raiser wrong"},{"@type":"BreadcrumbList","@id":"https:\/\/melindaozel.com\/inner-brow-raiser-deep-dive\/#breadcrumb","itemListElement":[{"@type":"ListItem","position":1,"name":"Home","item":"https:\/\/melindaozel.com\/"},{"@type":"ListItem","position":2,"name":"Inner Brow Raiser: Deep Dive"}]},{"@type":"WebSite","@id":"https:\/\/melindaozel.com\/zh\/#website","url":"https:\/\/melindaozel.com\/zh\/","name":"Affrontare il FACS","description":"Espressioni facciali in arte, scienza e tecnologia","publisher":{"@id":"https:\/\/melindaozel.com\/zh\/#\/schema\/person\/81c6262e1bfca3c71960db5aee204e3f"},"potentialAction":[{"@type":"SearchAction","target":{"@type":"EntryPoint","urlTemplate":"https:\/\/melindaozel.com\/zh\/?s={search_term_string}"},"query-input":{"@type":"PropertyValueSpecification","valueRequired":true,"valueName":"search_term_string"}}],"inLanguage":"it-IT"},{"@type":["Person","Organization"],"@id":"https:\/\/melindaozel.com\/zh\/#\/schema\/person\/81c6262e1bfca3c71960db5aee204e3f","name":"Melinda Ozel","image":{"@type":"ImageObject","inLanguage":"it-IT","@id":"https:\/\/i0.wp.com\/melindaozel.com\/wp-content\/uploads\/2025\/02\/face-the-FACS-eye-mouth-logo-pixel.webp?fit=225%2C225&ssl=1","url":"https:\/\/i0.wp.com\/melindaozel.com\/wp-content\/uploads\/2025\/02\/face-the-FACS-eye-mouth-logo-pixel.webp?fit=225%2C225&ssl=1","contentUrl":"https:\/\/i0.wp.com\/melindaozel.com\/wp-content\/uploads\/2025\/02\/face-the-FACS-eye-mouth-logo-pixel.webp?fit=225%2C225&ssl=1","width":225,"height":225,"caption":"Melinda Ozel"},"logo":{"@id":"https:\/\/i0.wp.com\/melindaozel.com\/wp-content\/uploads\/2025\/02\/face-the-FACS-eye-mouth-logo-pixel.webp?fit=225%2C225&ssl=1"},"sameAs":["https:\/\/melindaozel.com","https:\/\/facebook.com\/facetheFACS\/","https:\/\/instagram.com\/manicexpression","https:\/\/linkedin.com\/in\/melindaozel","https:\/\/pinterest.com\/melindaozel\/","https:\/\/x.com\/melindaozel","https:\/\/youtube.com\/@facetheFACS"],"knowsAbout":["Facial Action Coding System (FACS)","Facial Expression Tracking","Facial Anatomy","Facial Animation","Digital Humans","Audio-to-Expression","Audio-to-Face","Visemes","Lipsync"],"jobTitle":"Facial Systems Expert, Expression Scientist","url":"https:\/\/melindaozel.com\/it\/author\/melindaozel\/","numberOfEmployees":{"@type":"QuantitativeValue","minValue":"1","maxValue":"10"}}]}},"jetpack_featured_media_url":"https:\/\/i0.wp.com\/melindaozel.com\/wp-content\/uploads\/2020\/06\/Screen-Shot-2020-06-22-at-5.42.56-PM.png?fit=1564%2C1182&ssl=1","jetpack_sharing_enabled":true,"_links":{"self":[{"href":"https:\/\/melindaozel.com\/it\/wp-json\/wp\/v2\/posts\/2810","targetHints":{"allow":["GET"]}}],"collection":[{"href":"https:\/\/melindaozel.com\/it\/wp-json\/wp\/v2\/posts"}],"about":[{"href":"https:\/\/melindaozel.com\/it\/wp-json\/wp\/v2\/types\/post"}],"author":[{"embeddable":true,"href":"https:\/\/melindaozel.com\/it\/wp-json\/wp\/v2\/users\/60486633"}],"replies":[{"embeddable":true,"href":"https:\/\/melindaozel.com\/it\/wp-json\/wp\/v2\/comments?post=2810"}],"version-history":[{"count":24,"href":"https:\/\/melindaozel.com\/it\/wp-json\/wp\/v2\/posts\/2810\/revisions"}],"predecessor-version":[{"id":14982,"href":"https:\/\/melindaozel.com\/it\/wp-json\/wp\/v2\/posts\/2810\/revisions\/14982"}],"wp:featuredmedia":[{"embeddable":true,"href":"https:\/\/melindaozel.com\/it\/wp-json\/wp\/v2\/media\/2816"}],"wp:attachment":[{"href":"https:\/\/melindaozel.com\/it\/wp-json\/wp\/v2\/media?parent=2810"}],"wp:term":[{"taxonomy":"category","embeddable":true,"href":"https:\/\/melindaozel.com\/it\/wp-json\/wp\/v2\/categories?post=2810"},{"taxonomy":"post_tag","embeddable":true,"href":"https:\/\/melindaozel.com\/it\/wp-json\/wp\/v2\/tags?post=2810"}],"curies":[{"name":"wp","href":"https:\/\/api.w.org\/{rel}","templated":true}]}}