{"id":3601,"date":"2020-10-18T12:12:40","date_gmt":"2020-10-18T16:12:40","guid":{"rendered":"https:\/\/melindaozel.com\/?p=3601"},"modified":"2025-02-20T23:34:06","modified_gmt":"2025-02-21T04:34:06","slug":"bias-in-emotion-tracking","status":"publish","type":"post","link":"https:\/\/melindaozel.com\/is\/bias-in-emotion-tracking\/","title":{"rendered":"Halla \u00ed tilfinningaeftirliti"},"content":{"rendered":"<div data-elementor-type=\"wp-post\" data-elementor-id=\"3601\" class=\"elementor elementor-3601\" data-elementor-post-type=\"post\">\n\t\t\t\t\t\t<section class=\"elementor-section elementor-top-section elementor-element elementor-element-63ad625 elementor-section-boxed elementor-section-height-default elementor-section-height-default\" data-id=\"63ad625\" data-element_type=\"section\" data-e-type=\"section\">\n\t\t\t\t\t\t<div class=\"elementor-container elementor-column-gap-default\">\n\t\t\t\t\t<div class=\"elementor-column elementor-col-100 elementor-top-column elementor-element elementor-element-0a8286b\" data-id=\"0a8286b\" data-element_type=\"column\" data-e-type=\"column\">\n\t\t\t<div class=\"elementor-widget-wrap elementor-element-populated\">\n\t\t\t\t\t\t<div class=\"elementor-element elementor-element-1323232 elementor-widget elementor-widget-text-editor\" data-id=\"1323232\" data-element_type=\"widget\" data-e-type=\"widget\" data-widget_type=\"text-editor.default\">\n\t\t\t\t\t\t\t\t\t<h1>Halla \u00ed andlits- og tilfinningagreiningu<\/h1>\t\t\t\t\t\t\t\t<\/div>\n\t\t\t\t<div class=\"elementor-element elementor-element-c551995 elementor-widget elementor-widget-text-editor\" data-id=\"c551995\" data-element_type=\"widget\" data-e-type=\"widget\" data-widget_type=\"text-editor.default\">\n\t\t\t\t\t\t\t\t\t<p>Vi\u00f0 vir\u00f0umst tr\u00faa hinni vins\u00e6lu einf\u00f6ldun a\u00f0 v\u00e9lar s\u00e9u minna hlutdr\u00e6gar en menn; en ef \u00fe\u00fa \u00feekkir hvernig v\u00e9lar eru \u00fej\u00e1lfa\u00f0ar til a\u00f0 lesa og einbeita s\u00e9r a\u00f0 mismunandi \u00fe\u00e1ttum gagna, \u00fe\u00e1 veist \u00fe\u00fa: \u00feetta er einfaldlega ekki svona einfalt.<\/p><p>V\u00e9lar eru ekki lausar vi\u00f0 hlutdr\u00e6gni ef \u00fe\u00e6r eru \u00fej\u00e1lfa\u00f0ar af m\u00f6nnum.<\/p><p>H\u00e9r \u00e1 eftir er kynning \u00e1 hinum \u00fdmsu tegundum hlutdr\u00e6gni sem geta komi\u00f0 upp \u00ed andlitsrekningu og tilfinningamerkingum. Margar af \u00feessum hlutdr\u00e6gni m\u00e1 draga \u00far; \u00feess vegna hef \u00e9g einnig b\u00e6tt vi\u00f0 till\u00f6gum um betri a\u00f0fer\u00f0ir. <strong>Ef \u00fe\u00fa ert a\u00f0 vinna a\u00f0 andlits- og tilfinningagreiningu af einhverju tagi, er \u00fea\u00f0 \u00fe\u00edn skylda a\u00f0 vera me\u00f0vita\u00f0ur um \u00feessa hlutdr\u00e6gni.<\/strong><\/p><p><span style=\"text-decoration: underline;\">Sko\u00f0a\u00f0u gl\u00e6rurnar h\u00e9r a\u00f0 ne\u00f0an E\u00d0A myndbandi\u00f0 sem tengt er h\u00e9r<\/span>:<strong> YouTube myndband<\/strong><\/p><p style=\"text-align: center;\"><iframe src=\"https:\/\/www.youtube.com\/embed\/TdpdOcGcxkY\" width=\"560\" height=\"315\" frameborder=\"0\" allowfullscreen=\"allowfullscreen\"><\/iframe><\/p>\t\t\t\t\t\t\t\t<\/div>\n\t\t\t\t<div class=\"elementor-element elementor-element-dd1c2af elementor-widget-divider--view-line elementor-widget elementor-widget-divider\" data-id=\"dd1c2af\" data-element_type=\"widget\" data-e-type=\"widget\" data-widget_type=\"divider.default\">\n\t\t\t\t\t\t\t<div class=\"elementor-divider\">\n\t\t\t<span class=\"elementor-divider-separator\">\n\t\t\t\t\t\t<\/span>\n\t\t<\/div>\n\t\t\t\t\t\t<\/div>\n\t\t\t\t\t<\/div>\n\t\t<\/div>\n\t\t\t\t\t<\/div>\n\t\t<\/section>\n\t\t\t\t<section class=\"elementor-section elementor-top-section elementor-element elementor-element-7f148ef elementor-section-boxed elementor-section-height-default elementor-section-height-default\" data-id=\"7f148ef\" data-element_type=\"section\" data-e-type=\"section\">\n\t\t\t\t\t\t<div class=\"elementor-container elementor-column-gap-default\">\n\t\t\t\t\t<div class=\"elementor-column elementor-col-100 elementor-top-column elementor-element elementor-element-7c17381\" data-id=\"7c17381\" data-element_type=\"column\" data-e-type=\"column\">\n\t\t\t<div class=\"elementor-widget-wrap elementor-element-populated\">\n\t\t\t\t\t\t<div class=\"elementor-element elementor-element-b0cfe2d elementor-widget elementor-widget-image\" data-id=\"b0cfe2d\" data-element_type=\"widget\" data-e-type=\"widget\" data-widget_type=\"image.default\">\n\t\t\t\t\t\t\t\t\t\t\t\t\t\t\t<img fetchpriority=\"high\" decoding=\"async\" width=\"900\" height=\"506\" src=\"https:\/\/i0.wp.com\/melindaozel.com\/wp-content\/uploads\/2020\/10\/racial-cultural-age-related-bias-in-face-and-emotion-tracking-cover.png?fit=900%2C506&amp;ssl=1\" class=\"attachment-large size-large wp-image-8261\" alt=\"Rass\u00edsk, menningarleg og aldurstengd for\u00fa\u00f0 \u00ed andlits- og tilfinningagreiningu\" srcset=\"https:\/\/i0.wp.com\/melindaozel.com\/wp-content\/uploads\/2020\/10\/racial-cultural-age-related-bias-in-face-and-emotion-tracking-cover.png?w=960&amp;ssl=1 960w, https:\/\/i0.wp.com\/melindaozel.com\/wp-content\/uploads\/2020\/10\/racial-cultural-age-related-bias-in-face-and-emotion-tracking-cover.png?resize=300%2C169&amp;ssl=1 300w, https:\/\/i0.wp.com\/melindaozel.com\/wp-content\/uploads\/2020\/10\/racial-cultural-age-related-bias-in-face-and-emotion-tracking-cover.png?resize=768%2C432&amp;ssl=1 768w, https:\/\/i0.wp.com\/melindaozel.com\/wp-content\/uploads\/2020\/10\/racial-cultural-age-related-bias-in-face-and-emotion-tracking-cover.png?resize=18%2C10&amp;ssl=1 18w, https:\/\/i0.wp.com\/melindaozel.com\/wp-content\/uploads\/2020\/10\/racial-cultural-age-related-bias-in-face-and-emotion-tracking-cover.png?resize=889%2C500&amp;ssl=1 889w\" sizes=\"(max-width: 900px) 100vw, 900px\" \/>\t\t\t\t\t\t\t\t\t\t\t\t\t\t\t<\/div>\n\t\t\t\t<div class=\"elementor-element elementor-element-52a9cb8 elementor-widget elementor-widget-image\" data-id=\"52a9cb8\" data-element_type=\"widget\" data-e-type=\"widget\" data-widget_type=\"image.default\">\n\t\t\t\t\t\t\t\t\t\t\t\t\t\t\t<img decoding=\"async\" width=\"900\" height=\"506\" src=\"https:\/\/i0.wp.com\/melindaozel.com\/wp-content\/uploads\/2020\/10\/racial-cultural-age-related-bias-in-face-and-emotion-tracking-cover-FACS.png?fit=900%2C506&amp;ssl=1\" class=\"attachment-large size-large wp-image-8260\" alt=\"Rass\u00edsk, menningarleg og aldurstengd for\u00fa\u00f0 \u00ed andlits- og tilfinningagreiningu: Margar fyrirt\u00e6ki sem stunda andlits- og tilfinningagreiningu reyna a\u00f0 nota Facial Action Coding System (FACS) eftir Paul Ekman.\" srcset=\"https:\/\/i0.wp.com\/melindaozel.com\/wp-content\/uploads\/2020\/10\/racial-cultural-age-related-bias-in-face-and-emotion-tracking-cover-FACS.png?w=960&amp;ssl=1 960w, https:\/\/i0.wp.com\/melindaozel.com\/wp-content\/uploads\/2020\/10\/racial-cultural-age-related-bias-in-face-and-emotion-tracking-cover-FACS.png?resize=300%2C169&amp;ssl=1 300w, https:\/\/i0.wp.com\/melindaozel.com\/wp-content\/uploads\/2020\/10\/racial-cultural-age-related-bias-in-face-and-emotion-tracking-cover-FACS.png?resize=768%2C432&amp;ssl=1 768w, https:\/\/i0.wp.com\/melindaozel.com\/wp-content\/uploads\/2020\/10\/racial-cultural-age-related-bias-in-face-and-emotion-tracking-cover-FACS.png?resize=18%2C10&amp;ssl=1 18w, https:\/\/i0.wp.com\/melindaozel.com\/wp-content\/uploads\/2020\/10\/racial-cultural-age-related-bias-in-face-and-emotion-tracking-cover-FACS.png?resize=889%2C500&amp;ssl=1 889w\" sizes=\"(max-width: 900px) 100vw, 900px\" \/>\t\t\t\t\t\t\t\t\t\t\t\t\t\t\t<\/div>\n\t\t\t\t<div class=\"elementor-element elementor-element-c0d557b elementor-widget elementor-widget-text-editor\" data-id=\"c0d557b\" data-element_type=\"widget\" data-e-type=\"widget\" data-widget_type=\"text-editor.default\">\n\t\t\t\t\t\t\t\t\t<p><span style=\"font-weight: 500;\"><span style=\"font-weight: 300;\"><span style=\"text-decoration: underline;\">Texti<\/span>: <\/span>Margir andlits- og tilfinningagreiningar<\/span><span style=\"font-weight: 300;\"> fyrirt\u00e6ki <\/span><i><span style=\"font-weight: 300;\">reyna<\/span><\/i><span style=\"font-weight: 300;\"> a\u00f0 nota Paul Ekman <\/span><span style=\"font-weight: 300;\">Kerfi til k\u00f3\u00f0unar andlitshreyfinga<\/span><span style=\"font-weight: 300;\"> (FACS)\u00a0<br \/><\/span><span style=\"font-weight: 500;\">\u2013 en margir taka s\u00e9r ekki t\u00edma til a\u00f0 nota \u00fea\u00f0 r\u00e9tt.<\/span><\/p>\t\t\t\t\t\t\t\t<\/div>\n\t\t\t\t<div class=\"elementor-element elementor-element-dd5253f elementor-widget elementor-widget-image\" data-id=\"dd5253f\" data-element_type=\"widget\" data-e-type=\"widget\" data-widget_type=\"image.default\">\n\t\t\t\t\t\t\t\t\t\t\t\t\t\t\t<img decoding=\"async\" width=\"900\" height=\"506\" src=\"https:\/\/i0.wp.com\/melindaozel.com\/wp-content\/uploads\/2020\/10\/racial-cultural-age-related-bias-in-face-and-emotion-tracking-cover-expression-classification.png?fit=900%2C506&amp;ssl=1\" class=\"attachment-large size-large wp-image-8259\" alt=\"Rass\u00edsk, menningarleg og aldurstengd for\u00fa\u00f0 \u00ed andlits- og tilfinningagreiningu\" srcset=\"https:\/\/i0.wp.com\/melindaozel.com\/wp-content\/uploads\/2020\/10\/racial-cultural-age-related-bias-in-face-and-emotion-tracking-cover-expression-classification.png?w=960&amp;ssl=1 960w, https:\/\/i0.wp.com\/melindaozel.com\/wp-content\/uploads\/2020\/10\/racial-cultural-age-related-bias-in-face-and-emotion-tracking-cover-expression-classification.png?resize=300%2C169&amp;ssl=1 300w, https:\/\/i0.wp.com\/melindaozel.com\/wp-content\/uploads\/2020\/10\/racial-cultural-age-related-bias-in-face-and-emotion-tracking-cover-expression-classification.png?resize=768%2C432&amp;ssl=1 768w, https:\/\/i0.wp.com\/melindaozel.com\/wp-content\/uploads\/2020\/10\/racial-cultural-age-related-bias-in-face-and-emotion-tracking-cover-expression-classification.png?resize=18%2C10&amp;ssl=1 18w, https:\/\/i0.wp.com\/melindaozel.com\/wp-content\/uploads\/2020\/10\/racial-cultural-age-related-bias-in-face-and-emotion-tracking-cover-expression-classification.png?resize=889%2C500&amp;ssl=1 889w\" sizes=\"(max-width: 900px) 100vw, 900px\" \/>\t\t\t\t\t\t\t\t\t\t\t\t\t\t\t<\/div>\n\t\t\t\t<div class=\"elementor-element elementor-element-797ce99 elementor-widget elementor-widget-text-editor\" data-id=\"797ce99\" data-element_type=\"widget\" data-e-type=\"widget\" data-widget_type=\"text-editor.default\">\n\t\t\t\t\t\t\t\t\t<p><span style=\"font-weight: 300;\"><span style=\"font-weight: 500;\"><span style=\"text-decoration: underline;\">Texti<\/span>: <\/span>Hva\u00f0 gerist \u00feegar \u00fe\u00fa notar FACS ekki r\u00e9tt?<\/span><\/p><ul><li style=\"font-weight: 300;\" aria-level=\"1\"><span style=\"text-decoration: underline;\"><span style=\"font-weight: 300;\">\u00d3r\u00e9tt flokkun tj\u00e1ninga<\/span><\/span><\/li><li style=\"font-weight: 300;\" aria-level=\"1\"><span style=\"font-weight: 300;\">\u00d3samr\u00e6mdar flokkanir tj\u00e1ninga<\/span><\/li><li style=\"font-weight: 300;\" aria-level=\"1\"><span style=\"font-weight: 300;\">hlutdr\u00e6g merking (kyn\u00fe\u00e1ttaleg, menningarleg, aldurstengd o.s.frv.)<\/span><\/li><li style=\"font-weight: 300;\" aria-level=\"1\"><span style=\"font-weight: 300;\">\u00f3rei\u00f0a<\/span><\/li><\/ul><p><span style=\"font-weight: 300;\">Jafnvel \u00fe\u00f3tt \u00fe\u00fa notir FACS r\u00e9tt, mun alltaf vera hlutdr\u00e6gni og \u00f3regluleiki \u2013 en me\u00f0 \u00fev\u00ed a\u00f0 gr\u00edpa til varf\u00e6rinna a\u00f0ger\u00f0a m\u00e1 draga \u00far \u00feessum vandam\u00e1lum verulega.<\/span><\/p>\t\t\t\t\t\t\t\t<\/div>\n\t\t\t\t<div class=\"elementor-element elementor-element-f28cbb2 elementor-widget elementor-widget-image\" data-id=\"f28cbb2\" data-element_type=\"widget\" data-e-type=\"widget\" data-widget_type=\"image.default\">\n\t\t\t\t\t\t\t\t\t\t\t\t\t\t\t<img loading=\"lazy\" decoding=\"async\" width=\"900\" height=\"506\" src=\"https:\/\/i0.wp.com\/melindaozel.com\/wp-content\/uploads\/2020\/10\/incorrect-expression-classification-racial-cultural-and-age-related-bias-in-face-tracking.png?fit=900%2C506&amp;ssl=1\" class=\"attachment-large size-large wp-image-8264\" alt=\"Rass\u00edsk, menningarleg og aldurstengd for\u00fa\u00f0 \u00ed andlits- og tilfinningaeftirliti: \u00d3r\u00e9tt flokkun tj\u00e1ninga\" srcset=\"https:\/\/i0.wp.com\/melindaozel.com\/wp-content\/uploads\/2020\/10\/incorrect-expression-classification-racial-cultural-and-age-related-bias-in-face-tracking.png?w=960&amp;ssl=1 960w, https:\/\/i0.wp.com\/melindaozel.com\/wp-content\/uploads\/2020\/10\/incorrect-expression-classification-racial-cultural-and-age-related-bias-in-face-tracking.png?resize=300%2C169&amp;ssl=1 300w, https:\/\/i0.wp.com\/melindaozel.com\/wp-content\/uploads\/2020\/10\/incorrect-expression-classification-racial-cultural-and-age-related-bias-in-face-tracking.png?resize=768%2C432&amp;ssl=1 768w, https:\/\/i0.wp.com\/melindaozel.com\/wp-content\/uploads\/2020\/10\/incorrect-expression-classification-racial-cultural-and-age-related-bias-in-face-tracking.png?resize=18%2C10&amp;ssl=1 18w, https:\/\/i0.wp.com\/melindaozel.com\/wp-content\/uploads\/2020\/10\/incorrect-expression-classification-racial-cultural-and-age-related-bias-in-face-tracking.png?resize=889%2C500&amp;ssl=1 889w\" sizes=\"(max-width: 900px) 100vw, 900px\" \/>\t\t\t\t\t\t\t\t\t\t\t\t\t\t\t<\/div>\n\t\t\t\t<div class=\"elementor-element elementor-element-fee0767 elementor-widget elementor-widget-text-editor\" data-id=\"fee0767\" data-element_type=\"widget\" data-e-type=\"widget\" data-widget_type=\"text-editor.default\">\n\t\t\t\t\t\t\t\t\t<p><span style=\"font-weight: 300;\"><span style=\"font-weight: 500;\"><span style=\"text-decoration: underline;\">Texti<\/span>: <\/span><b>\u00d3r\u00e9tt flokkun tj\u00e1ninga<\/b><\/span><\/p><ul><li><span style=\"font-weight: 300;\">Andlitshreyfingar eru f\u00ednlegar og erfitt er a\u00f0 greina \u00fe\u00e6r \u00e1n \u00edtarlegrar ranns\u00f3knar.<\/span><\/li><li><span style=\"font-weight: 300;\">Flestar FACS-tilv\u00edsanir (<\/span><i><span style=\"font-weight: 300;\">\u00e1n<\/span><\/i><span style=\"font-weight: 300;\"> upprunalega FACS-handb\u00f3kin) veitir rangar FACS-sj\u00f3nr\u00e6nar uppl\u00fdsingar \u2013 jafnvel fr\u00e1 heimildum sem teljast tr\u00faver\u00f0ugar.<\/span><\/li><li><span style=\"font-weight: 300;\">\u00der\u00e1tt fyrir \u00feessar \u00f3n\u00e1kv\u00e6mni eru sl\u00edkar heimildir oft nota\u00f0ar sem tilv\u00edsanir af andlitsrekningart\u00e6knifr\u00e6\u00f0ingum og rannsakendum.\u00a0<\/span><\/li><li><span style=\"font-weight: 500;\">Vegna \u00feess a\u00f0 t\u00e6knifyrirt\u00e6ki fj\u00e1rfesta ekki n\u00e6gilega \u00ed st\u00f6\u00f0um sem byggja \u00e1 g\u00f6gnum, eiga \u00feau l\u00edklega ekki r\u00e9ttan starfsf\u00f3lk n\u00e9 \u00farr\u00e6\u00f0i til a\u00f0 greina mikilv\u00e6gar andlitshreyfingar.<\/span><\/li><\/ul>\t\t\t\t\t\t\t\t<\/div>\n\t\t\t\t<div class=\"elementor-element elementor-element-48305e2 elementor-widget elementor-widget-image\" data-id=\"48305e2\" data-element_type=\"widget\" data-e-type=\"widget\" data-widget_type=\"image.default\">\n\t\t\t\t\t\t\t\t\t\t\t\t\t\t\t<img loading=\"lazy\" decoding=\"async\" width=\"900\" height=\"506\" src=\"https:\/\/i0.wp.com\/melindaozel.com\/wp-content\/uploads\/2020\/10\/incorrect-expression-classification-racial-cultural-and-age-related-bias-in-face-tracking-wrong.png?fit=900%2C506&amp;ssl=1\" class=\"attachment-large size-large wp-image-8266\" alt=\"Rass\u00edsk, menningarleg og aldurstengd for\u00fa\u00f0 \u00ed andlits- og tilfinningaeftirliti: \u00d3r\u00e9tt flokkun tj\u00e1ninga\" srcset=\"https:\/\/i0.wp.com\/melindaozel.com\/wp-content\/uploads\/2020\/10\/incorrect-expression-classification-racial-cultural-and-age-related-bias-in-face-tracking-wrong.png?w=960&amp;ssl=1 960w, https:\/\/i0.wp.com\/melindaozel.com\/wp-content\/uploads\/2020\/10\/incorrect-expression-classification-racial-cultural-and-age-related-bias-in-face-tracking-wrong.png?resize=300%2C169&amp;ssl=1 300w, https:\/\/i0.wp.com\/melindaozel.com\/wp-content\/uploads\/2020\/10\/incorrect-expression-classification-racial-cultural-and-age-related-bias-in-face-tracking-wrong.png?resize=768%2C432&amp;ssl=1 768w, https:\/\/i0.wp.com\/melindaozel.com\/wp-content\/uploads\/2020\/10\/incorrect-expression-classification-racial-cultural-and-age-related-bias-in-face-tracking-wrong.png?resize=18%2C10&amp;ssl=1 18w, https:\/\/i0.wp.com\/melindaozel.com\/wp-content\/uploads\/2020\/10\/incorrect-expression-classification-racial-cultural-and-age-related-bias-in-face-tracking-wrong.png?resize=889%2C500&amp;ssl=1 889w\" sizes=\"(max-width: 900px) 100vw, 900px\" \/>\t\t\t\t\t\t\t\t\t\t\t\t\t\t\t<\/div>\n\t\t\t\t<div class=\"elementor-element elementor-element-987ebfe elementor-widget elementor-widget-image\" data-id=\"987ebfe\" data-element_type=\"widget\" data-e-type=\"widget\" data-widget_type=\"image.default\">\n\t\t\t\t\t\t\t\t\t\t\t\t\t\t\t<img loading=\"lazy\" decoding=\"async\" width=\"900\" height=\"506\" src=\"https:\/\/i0.wp.com\/melindaozel.com\/wp-content\/uploads\/2020\/10\/incorrect-expression-classification-racial-cultural-and-age-related-bias-in-face-tracking-lip-tightener.png?fit=900%2C506&amp;ssl=1\" class=\"attachment-large size-large wp-image-8268\" alt=\"Rass\u00edsk, menningarleg og aldurstengd for\u00fa\u00f0 \u00ed andlits- og tilfinningagreiningu: \u00d3r\u00e9tt flokkun tj\u00e1ninga\" srcset=\"https:\/\/i0.wp.com\/melindaozel.com\/wp-content\/uploads\/2020\/10\/incorrect-expression-classification-racial-cultural-and-age-related-bias-in-face-tracking-lip-tightener.png?w=960&amp;ssl=1 960w, https:\/\/i0.wp.com\/melindaozel.com\/wp-content\/uploads\/2020\/10\/incorrect-expression-classification-racial-cultural-and-age-related-bias-in-face-tracking-lip-tightener.png?resize=300%2C169&amp;ssl=1 300w, https:\/\/i0.wp.com\/melindaozel.com\/wp-content\/uploads\/2020\/10\/incorrect-expression-classification-racial-cultural-and-age-related-bias-in-face-tracking-lip-tightener.png?resize=768%2C432&amp;ssl=1 768w, https:\/\/i0.wp.com\/melindaozel.com\/wp-content\/uploads\/2020\/10\/incorrect-expression-classification-racial-cultural-and-age-related-bias-in-face-tracking-lip-tightener.png?resize=18%2C10&amp;ssl=1 18w, https:\/\/i0.wp.com\/melindaozel.com\/wp-content\/uploads\/2020\/10\/incorrect-expression-classification-racial-cultural-and-age-related-bias-in-face-tracking-lip-tightener.png?resize=889%2C500&amp;ssl=1 889w\" sizes=\"(max-width: 900px) 100vw, 900px\" \/>\t\t\t\t\t\t\t\t\t\t\t\t\t\t\t<\/div>\n\t\t\t\t<div class=\"elementor-element elementor-element-7f04535 elementor-widget elementor-widget-text-editor\" data-id=\"7f04535\" data-element_type=\"widget\" data-e-type=\"widget\" data-widget_type=\"text-editor.default\">\n\t\t\t\t\t\t\t\t\t<p><span style=\"font-weight: 300;\"><span style=\"font-weight: 500;\"><span style=\"text-decoration: underline;\">Texti<\/span>: <\/span><b>\u00d3r\u00e9tt flokkun tj\u00e1ninga<\/b><\/span><\/p><ul><li><span style=\"font-weight: 300;\">Grunnform eins og \u201c<\/span><span style=\"font-weight: 300;\">Varalokari<\/span><span style=\"font-weight: 300;\">\u201d\u00e9g f\u00e6 reglulega rugling \u00e1 a\u00f0ger\u00f0um eins og\u201c<\/span><span style=\"font-weight: 300;\">v\u00f6r\u00fer\u00fdstir<\/span><span style=\"font-weight: 300;\">\u201dog\/e\u00f0a\u201c<\/span><span style=\"font-weight: 300;\">v\u00f6r<\/span> <span style=\"font-weight: 300;\">krumpast.<\/span><span style=\"font-weight: 300;\">\u201d<\/span><span style=\"font-weight: 300;\"><br \/><\/span><\/li><li><span style=\"font-weight: 300;\">Varastrammi<\/span><span style=\"font-weight: 300;\"> er mikilv\u00e6gt \u00ed: <\/span><b>tilfinninga tj\u00e1ningar &amp; <\/b><b>m\u00e1llutun<\/b><\/li><\/ul>\t\t\t\t\t\t\t\t<\/div>\n\t\t\t\t<div class=\"elementor-element elementor-element-244f516 elementor-widget elementor-widget-image\" data-id=\"244f516\" data-element_type=\"widget\" data-e-type=\"widget\" data-widget_type=\"image.default\">\n\t\t\t\t\t\t\t\t\t\t\t\t\t\t\t<img loading=\"lazy\" decoding=\"async\" width=\"900\" height=\"506\" src=\"https:\/\/i0.wp.com\/melindaozel.com\/wp-content\/uploads\/2020\/10\/incorrect-expression-classification-racial-cultural-and-age-related-bias-in-face-tracking-lip-tightener-AU23.png?fit=900%2C506&amp;ssl=1\" class=\"attachment-large size-large wp-image-8270\" alt=\"Rass\u00edsk, menningarleg og aldurstengd for\u00fa\u00f0 \u00ed andlits- og tilfinningagreiningu: \u00d3r\u00e9tt flokkun tj\u00e1ninga\" srcset=\"https:\/\/i0.wp.com\/melindaozel.com\/wp-content\/uploads\/2020\/10\/incorrect-expression-classification-racial-cultural-and-age-related-bias-in-face-tracking-lip-tightener-AU23.png?w=960&amp;ssl=1 960w, https:\/\/i0.wp.com\/melindaozel.com\/wp-content\/uploads\/2020\/10\/incorrect-expression-classification-racial-cultural-and-age-related-bias-in-face-tracking-lip-tightener-AU23.png?resize=300%2C169&amp;ssl=1 300w, https:\/\/i0.wp.com\/melindaozel.com\/wp-content\/uploads\/2020\/10\/incorrect-expression-classification-racial-cultural-and-age-related-bias-in-face-tracking-lip-tightener-AU23.png?resize=768%2C432&amp;ssl=1 768w, https:\/\/i0.wp.com\/melindaozel.com\/wp-content\/uploads\/2020\/10\/incorrect-expression-classification-racial-cultural-and-age-related-bias-in-face-tracking-lip-tightener-AU23.png?resize=18%2C10&amp;ssl=1 18w, https:\/\/i0.wp.com\/melindaozel.com\/wp-content\/uploads\/2020\/10\/incorrect-expression-classification-racial-cultural-and-age-related-bias-in-face-tracking-lip-tightener-AU23.png?resize=889%2C500&amp;ssl=1 889w\" sizes=\"(max-width: 900px) 100vw, 900px\" \/>\t\t\t\t\t\t\t\t\t\t\t\t\t\t\t<\/div>\n\t\t\t\t<div class=\"elementor-element elementor-element-e30ec9e elementor-widget elementor-widget-text-editor\" data-id=\"e30ec9e\" data-element_type=\"widget\" data-e-type=\"widget\" data-widget_type=\"text-editor.default\">\n\t\t\t\t\t\t\t\t\t<p><span style=\"font-weight: 300;\"><span style=\"font-weight: 500;\"><span style=\"text-decoration: underline;\">Texti<\/span>: <\/span><b>\u00d3r\u00e9tt flokkun tj\u00e1ninga<\/b><\/span><\/p><ul><li><span style=\"font-weight: 300;\">A\u00f0 ofan er s\u00f6nn framsetning \u00e1 varatightara.<\/span><\/li><li><span style=\"font-weight: 300;\">\u00deetta er bara ein af m\u00f6rgum myndum sem flj\u00faga undir ratsj\u00e1nni \u00ed hvert sinn sem \u00fe\u00e6r eru: <br \/>\u2013 <strong>rangkennsl<\/strong> \u2013 <strong>rangflokka\u00f0ur<\/strong> \u2013 <strong>misnota\u00f0ur<\/strong><\/span><\/li><\/ul>\t\t\t\t\t\t\t\t<\/div>\n\t\t\t\t<div class=\"elementor-element elementor-element-0ccb0ff elementor-widget elementor-widget-image\" data-id=\"0ccb0ff\" data-element_type=\"widget\" data-e-type=\"widget\" data-widget_type=\"image.default\">\n\t\t\t\t\t\t\t\t\t\t\t\t\t\t\t<img loading=\"lazy\" decoding=\"async\" width=\"900\" height=\"506\" src=\"https:\/\/i0.wp.com\/melindaozel.com\/wp-content\/uploads\/2020\/10\/racial-cultural-age-related-bias-in-face-and-emotion-tracking-cover-FACS-inconsistent-data.png?fit=900%2C506&amp;ssl=1\" class=\"attachment-large size-large wp-image-8271\" alt=\"Ras\u00edsk, menningarleg og aldurstengd for\u00fa\u00f0 \u00ed andlits- og tilfinningagreiningu: \u00d3samr\u00e6mdar flokkanir tj\u00e1ninga\" srcset=\"https:\/\/i0.wp.com\/melindaozel.com\/wp-content\/uploads\/2020\/10\/racial-cultural-age-related-bias-in-face-and-emotion-tracking-cover-FACS-inconsistent-data.png?w=960&amp;ssl=1 960w, https:\/\/i0.wp.com\/melindaozel.com\/wp-content\/uploads\/2020\/10\/racial-cultural-age-related-bias-in-face-and-emotion-tracking-cover-FACS-inconsistent-data.png?resize=300%2C169&amp;ssl=1 300w, https:\/\/i0.wp.com\/melindaozel.com\/wp-content\/uploads\/2020\/10\/racial-cultural-age-related-bias-in-face-and-emotion-tracking-cover-FACS-inconsistent-data.png?resize=768%2C432&amp;ssl=1 768w, https:\/\/i0.wp.com\/melindaozel.com\/wp-content\/uploads\/2020\/10\/racial-cultural-age-related-bias-in-face-and-emotion-tracking-cover-FACS-inconsistent-data.png?resize=18%2C10&amp;ssl=1 18w, https:\/\/i0.wp.com\/melindaozel.com\/wp-content\/uploads\/2020\/10\/racial-cultural-age-related-bias-in-face-and-emotion-tracking-cover-FACS-inconsistent-data.png?resize=889%2C500&amp;ssl=1 889w\" sizes=\"(max-width: 900px) 100vw, 900px\" \/>\t\t\t\t\t\t\t\t\t\t\t\t\t\t\t<\/div>\n\t\t\t\t<div class=\"elementor-element elementor-element-4cc0dec elementor-widget elementor-widget-text-editor\" data-id=\"4cc0dec\" data-element_type=\"widget\" data-e-type=\"widget\" data-widget_type=\"text-editor.default\">\n\t\t\t\t\t\t\t\t\t<p><span style=\"font-weight: 300;\"><span style=\"font-weight: 500;\"><span style=\"text-decoration: underline;\">Texti<\/span>Hva\u00f0 gerist \u00feegar \u00fe\u00fa notar FACS ekki r\u00e9tt?<\/span><\/span><\/p><ul><li style=\"list-style-type: none;\"><ul><li style=\"font-weight: 300;\" aria-level=\"1\"><span style=\"font-weight: 300;\">\u00d3r\u00e9tt flokkun tj\u00e1ninga<\/span><\/li><li style=\"font-weight: 300;\" aria-level=\"1\"><span style=\"text-decoration: underline;\"><span style=\"font-weight: 300;\">\u00d3samr\u00e6mdar flokkanir tj\u00e1ninga<\/span><\/span><\/li><li style=\"font-weight: 300;\" aria-level=\"1\"><span style=\"font-weight: 300;\">hlutdr\u00e6g merking (kyn\u00fe\u00e1ttaleg, menningarleg, aldurstengd o.s.frv.)<\/span><\/li><li style=\"font-weight: 300;\" aria-level=\"1\"><span style=\"font-weight: 300;\">\u00f3rei\u00f0a<\/span><ul><li style=\"list-style-type: none;\">\u00a0<\/li><\/ul><\/li><\/ul><\/li><\/ul><p><span style=\"font-weight: 300;\">Jafnvel \u00fe\u00f3tt \u00fe\u00fa notir FACS r\u00e9tt, mun alltaf vera hlutdr\u00e6gni og \u00f3regluleiki \u2013 en me\u00f0 \u00fev\u00ed a\u00f0 gr\u00edpa til varf\u00e6rinna a\u00f0ger\u00f0a m\u00e1 draga \u00far \u00feessum vandam\u00e1lum verulega.<\/span><\/p>\t\t\t\t\t\t\t\t<\/div>\n\t\t\t\t<div class=\"elementor-element elementor-element-3ad0afa elementor-widget elementor-widget-image\" data-id=\"3ad0afa\" data-element_type=\"widget\" data-e-type=\"widget\" data-widget_type=\"image.default\">\n\t\t\t\t\t\t\t\t\t\t\t\t\t\t\t<img loading=\"lazy\" decoding=\"async\" width=\"900\" height=\"506\" src=\"https:\/\/i0.wp.com\/melindaozel.com\/wp-content\/uploads\/2020\/10\/racial-cultural-age-related-bias-in-face-and-emotion-tracking-cover-FACS-inconsistent-data-.png?fit=900%2C506&amp;ssl=1\" class=\"attachment-large size-large wp-image-8274\" alt=\"Ras\u00edsk, menningarleg og aldurstengd for\u00fa\u00f0 \u00ed andlits- og tilfinningagreiningu: \u00d3samr\u00e6mdar flokkanir tj\u00e1ninga\" srcset=\"https:\/\/i0.wp.com\/melindaozel.com\/wp-content\/uploads\/2020\/10\/racial-cultural-age-related-bias-in-face-and-emotion-tracking-cover-FACS-inconsistent-data-.png?w=960&amp;ssl=1 960w, https:\/\/i0.wp.com\/melindaozel.com\/wp-content\/uploads\/2020\/10\/racial-cultural-age-related-bias-in-face-and-emotion-tracking-cover-FACS-inconsistent-data-.png?resize=300%2C169&amp;ssl=1 300w, https:\/\/i0.wp.com\/melindaozel.com\/wp-content\/uploads\/2020\/10\/racial-cultural-age-related-bias-in-face-and-emotion-tracking-cover-FACS-inconsistent-data-.png?resize=768%2C432&amp;ssl=1 768w, https:\/\/i0.wp.com\/melindaozel.com\/wp-content\/uploads\/2020\/10\/racial-cultural-age-related-bias-in-face-and-emotion-tracking-cover-FACS-inconsistent-data-.png?resize=18%2C10&amp;ssl=1 18w, https:\/\/i0.wp.com\/melindaozel.com\/wp-content\/uploads\/2020\/10\/racial-cultural-age-related-bias-in-face-and-emotion-tracking-cover-FACS-inconsistent-data-.png?resize=889%2C500&amp;ssl=1 889w\" sizes=\"(max-width: 900px) 100vw, 900px\" \/>\t\t\t\t\t\t\t\t\t\t\t\t\t\t\t<\/div>\n\t\t\t\t<div class=\"elementor-element elementor-element-b6ffb2e elementor-widget elementor-widget-text-editor\" data-id=\"b6ffb2e\" data-element_type=\"widget\" data-e-type=\"widget\" data-widget_type=\"text-editor.default\">\n\t\t\t\t\t\t\t\t\t<p><span style=\"font-weight: 300;\"><span style=\"font-weight: 500;\"><span style=\"text-decoration: underline;\">Texti<\/span>: <\/span><b>\u00d3r\u00e9tt flokkun tj\u00e1ninga<\/b><\/span><\/p><p><span style=\"font-weight: 300;\">S\u00f6mu vandam\u00e1lin sem tengjast r\u00f6ngri flokkun <\/span><span style=\"font-weight: 300;\">Einnig stu\u00f0la a\u00f0 \u00f3reglulegri flokkun.<\/span><\/p>\t\t\t\t\t\t\t\t<\/div>\n\t\t\t\t<div class=\"elementor-element elementor-element-481e68e elementor-widget elementor-widget-image\" data-id=\"481e68e\" data-element_type=\"widget\" data-e-type=\"widget\" data-widget_type=\"image.default\">\n\t\t\t\t\t\t\t\t\t\t\t\t\t\t\t<img loading=\"lazy\" decoding=\"async\" width=\"900\" height=\"506\" src=\"https:\/\/i0.wp.com\/melindaozel.com\/wp-content\/uploads\/2020\/10\/racial-cultural-age-related-bias-in-face-and-emotion-tracking-cover-FACS-inconsistent-data-classification.png?fit=900%2C506&amp;ssl=1\" class=\"attachment-large size-large wp-image-8277\" alt=\"Ras\u00edsk, menningarleg og aldurstengd for\u00fa\u00f0 \u00ed andlits- og tilfinningagreiningu: \u00d3samr\u00e6mdar flokkanir tj\u00e1ninga\" srcset=\"https:\/\/i0.wp.com\/melindaozel.com\/wp-content\/uploads\/2020\/10\/racial-cultural-age-related-bias-in-face-and-emotion-tracking-cover-FACS-inconsistent-data-classification.png?w=960&amp;ssl=1 960w, https:\/\/i0.wp.com\/melindaozel.com\/wp-content\/uploads\/2020\/10\/racial-cultural-age-related-bias-in-face-and-emotion-tracking-cover-FACS-inconsistent-data-classification.png?resize=300%2C169&amp;ssl=1 300w, https:\/\/i0.wp.com\/melindaozel.com\/wp-content\/uploads\/2020\/10\/racial-cultural-age-related-bias-in-face-and-emotion-tracking-cover-FACS-inconsistent-data-classification.png?resize=768%2C432&amp;ssl=1 768w, https:\/\/i0.wp.com\/melindaozel.com\/wp-content\/uploads\/2020\/10\/racial-cultural-age-related-bias-in-face-and-emotion-tracking-cover-FACS-inconsistent-data-classification.png?resize=18%2C10&amp;ssl=1 18w, https:\/\/i0.wp.com\/melindaozel.com\/wp-content\/uploads\/2020\/10\/racial-cultural-age-related-bias-in-face-and-emotion-tracking-cover-FACS-inconsistent-data-classification.png?resize=889%2C500&amp;ssl=1 889w\" sizes=\"(max-width: 900px) 100vw, 900px\" \/>\t\t\t\t\t\t\t\t\t\t\t\t\t\t\t<\/div>\n\t\t\t\t<div class=\"elementor-element elementor-element-b9006a6 elementor-widget elementor-widget-text-editor\" data-id=\"b9006a6\" data-element_type=\"widget\" data-e-type=\"widget\" data-widget_type=\"text-editor.default\">\n\t\t\t\t\t\t\t\t\t<p><span style=\"font-weight: 300;\"><span style=\"font-weight: 500;\"><span style=\"text-decoration: underline;\">Texti<\/span>: <\/span><b>\u00d3samr\u00e6mdar flokkanir tj\u00e1ninga<\/b><\/span><\/p><p><span style=\"font-weight: 500;\">Ef t\u00e6knifyrirt\u00e6ki fj\u00e1rfesta ekki r\u00e6kilega \u00ed g\u00e6\u00f0um gagna,\u00a0<\/span><span style=\"font-weight: 500;\">Reglur \u00feeirra um flokkun gagna er ekki h\u00e6gt a\u00f0 sta\u00f0la.<\/span><span style=\"font-weight: 500;\"><br \/><\/span><\/p><p><span style=\"font-weight: 300;\">Vegna:<\/span><\/p><ul><li style=\"font-weight: 300;\" aria-level=\"1\"><span style=\"font-weight: 300;\">Skortur \u00e1 fj\u00e1rfestingu \u00ed r\u00e1\u00f0ningu og\/e\u00f0a \u00fej\u00e1lfun starfsmanna \u00ed gagnami\u00f0u\u00f0um st\u00f6rfum<\/span><\/li><li style=\"font-weight: 300;\" aria-level=\"1\"><span style=\"font-weight: 300;\">Skortur \u00e1 g\u00e6\u00f0ar\u00edkum FACS-au\u00f0lindum\u00a0<\/span><\/li><li style=\"font-weight: 300;\" aria-level=\"1\"><span style=\"font-weight: 300;\">innbygg\u00f0 erfi\u00f0leiki vi\u00f0 a\u00f0 greina andlitshreyfingar<\/span><\/li><\/ul><p><b>\u2192<\/b> <span style=\"font-weight: 300;\">Merki\u00f0jendur flokka or\u00f0asamb\u00f6nd \u00f3reglulega.<br \/><\/span><b>\u2192<\/b><span style=\"font-weight: 300;\"> Eftirlitsforrit \u00fer\u00f3a me\u00f0 s\u00e9r skr\u00fdtnar s\u00e9rviskur, tengja rangar setningar saman og rugla a\u00f0ra.<\/span><\/p>\t\t\t\t\t\t\t\t<\/div>\n\t\t\t\t<div class=\"elementor-element elementor-element-5335ce6 elementor-widget elementor-widget-image\" data-id=\"5335ce6\" data-element_type=\"widget\" data-e-type=\"widget\" data-widget_type=\"image.default\">\n\t\t\t\t\t\t\t\t\t\t\t\t\t\t\t<img loading=\"lazy\" decoding=\"async\" width=\"900\" height=\"506\" src=\"https:\/\/i0.wp.com\/melindaozel.com\/wp-content\/uploads\/2020\/10\/racial-cultural-age-related-bias-in-face-and-emotion-tracking-cover-FACS-inconsistent-data-classification-pipeline-failure.png?fit=900%2C506&amp;ssl=1\" class=\"attachment-large size-large wp-image-8279\" alt=\"\" srcset=\"https:\/\/i0.wp.com\/melindaozel.com\/wp-content\/uploads\/2020\/10\/racial-cultural-age-related-bias-in-face-and-emotion-tracking-cover-FACS-inconsistent-data-classification-pipeline-failure.png?w=960&amp;ssl=1 960w, https:\/\/i0.wp.com\/melindaozel.com\/wp-content\/uploads\/2020\/10\/racial-cultural-age-related-bias-in-face-and-emotion-tracking-cover-FACS-inconsistent-data-classification-pipeline-failure.png?resize=300%2C169&amp;ssl=1 300w, https:\/\/i0.wp.com\/melindaozel.com\/wp-content\/uploads\/2020\/10\/racial-cultural-age-related-bias-in-face-and-emotion-tracking-cover-FACS-inconsistent-data-classification-pipeline-failure.png?resize=768%2C432&amp;ssl=1 768w, https:\/\/i0.wp.com\/melindaozel.com\/wp-content\/uploads\/2020\/10\/racial-cultural-age-related-bias-in-face-and-emotion-tracking-cover-FACS-inconsistent-data-classification-pipeline-failure.png?resize=18%2C10&amp;ssl=1 18w, https:\/\/i0.wp.com\/melindaozel.com\/wp-content\/uploads\/2020\/10\/racial-cultural-age-related-bias-in-face-and-emotion-tracking-cover-FACS-inconsistent-data-classification-pipeline-failure.png?resize=889%2C500&amp;ssl=1 889w\" sizes=\"(max-width: 900px) 100vw, 900px\" \/>\t\t\t\t\t\t\t\t\t\t\t\t\t\t\t<\/div>\n\t\t\t\t<div class=\"elementor-element elementor-element-69f8c8b elementor-widget elementor-widget-text-editor\" data-id=\"69f8c8b\" data-element_type=\"widget\" data-e-type=\"widget\" data-widget_type=\"text-editor.default\">\n\t\t\t\t\t\t\t\t\t<p><span style=\"font-weight: 300;\"><span style=\"font-weight: 500;\"><span style=\"text-decoration: underline;\">Texti<\/span>: <\/span><b>\u00d3samr\u00e6mdar flokkanir tj\u00e1ninga<\/b><\/span><\/p><p><b>Athugi\u00f0: <\/b><span style=\"font-weight: 300;\">\u00deetta myndrit var gert til a\u00f0 \u00fatsk\u00fdra vandam\u00e1l \u00ed l\u00f6gunarvirkjun fyrir avatara, en s\u00f6mu grunnhugt\u00f6k gilda um andlits- og tilfinningaeftirlit.<\/span><\/p>\t\t\t\t\t\t\t\t<\/div>\n\t\t\t\t<div class=\"elementor-element elementor-element-eb225b5 elementor-widget elementor-widget-image\" data-id=\"eb225b5\" data-element_type=\"widget\" data-e-type=\"widget\" data-widget_type=\"image.default\">\n\t\t\t\t\t\t\t\t\t\t\t\t\t\t\t<img loading=\"lazy\" decoding=\"async\" width=\"900\" height=\"506\" src=\"https:\/\/i0.wp.com\/melindaozel.com\/wp-content\/uploads\/2020\/10\/racial-cultural-age-related-bias-in-face-and-emotion-tracking-cover-FACS-inconsistent-data-classification-bias.png?fit=900%2C506&amp;ssl=1\" class=\"attachment-large size-large wp-image-8282\" alt=\"\" srcset=\"https:\/\/i0.wp.com\/melindaozel.com\/wp-content\/uploads\/2020\/10\/racial-cultural-age-related-bias-in-face-and-emotion-tracking-cover-FACS-inconsistent-data-classification-bias.png?w=960&amp;ssl=1 960w, https:\/\/i0.wp.com\/melindaozel.com\/wp-content\/uploads\/2020\/10\/racial-cultural-age-related-bias-in-face-and-emotion-tracking-cover-FACS-inconsistent-data-classification-bias.png?resize=300%2C169&amp;ssl=1 300w, https:\/\/i0.wp.com\/melindaozel.com\/wp-content\/uploads\/2020\/10\/racial-cultural-age-related-bias-in-face-and-emotion-tracking-cover-FACS-inconsistent-data-classification-bias.png?resize=768%2C432&amp;ssl=1 768w, https:\/\/i0.wp.com\/melindaozel.com\/wp-content\/uploads\/2020\/10\/racial-cultural-age-related-bias-in-face-and-emotion-tracking-cover-FACS-inconsistent-data-classification-bias.png?resize=18%2C10&amp;ssl=1 18w, https:\/\/i0.wp.com\/melindaozel.com\/wp-content\/uploads\/2020\/10\/racial-cultural-age-related-bias-in-face-and-emotion-tracking-cover-FACS-inconsistent-data-classification-bias.png?resize=889%2C500&amp;ssl=1 889w\" sizes=\"(max-width: 900px) 100vw, 900px\" \/>\t\t\t\t\t\t\t\t\t\t\t\t\t\t\t<\/div>\n\t\t\t\t<div class=\"elementor-element elementor-element-81b0354 elementor-widget elementor-widget-text-editor\" data-id=\"81b0354\" data-element_type=\"widget\" data-e-type=\"widget\" data-widget_type=\"text-editor.default\">\n\t\t\t\t\t\t\t\t\t<p><span style=\"font-weight: 300;\"><span style=\"font-weight: 500;\"><span style=\"text-decoration: underline;\">Texti<\/span>Hva\u00f0 gerist \u00feegar \u00fe\u00fa notar FACS ekki r\u00e9tt?<\/span><\/span><\/p><ul><li style=\"list-style-type: none;\"><ul><li style=\"font-weight: 300;\" aria-level=\"1\"><span style=\"font-weight: 300;\">\u00d3r\u00e9tt flokkun tj\u00e1ninga<\/span><\/li><li style=\"font-weight: 300;\" aria-level=\"1\"><span style=\"font-weight: 300;\">\u00d3samr\u00e6mdar flokkanir tj\u00e1ninga<\/span><\/li><li style=\"font-weight: 300;\" aria-level=\"1\"><span style=\"text-decoration: underline;\"><span style=\"font-weight: 300;\">hlutdr\u00e6g merking (kyn\u00fe\u00e1ttaleg, menningarleg, aldurstengd o.s.frv.)<\/span><\/span><\/li><li style=\"font-weight: 300;\" aria-level=\"1\"><span style=\"font-weight: 300;\">\u00f3rei\u00f0a<\/span><ul><li style=\"list-style-type: none;\">\u00a0<\/li><\/ul><\/li><\/ul><\/li><\/ul><p><span style=\"font-weight: 300;\">Jafnvel \u00fe\u00f3tt \u00fe\u00fa notir FACS r\u00e9tt, mun alltaf vera hlutdr\u00e6gni og \u00f3regluleiki \u2013 en me\u00f0 \u00fev\u00ed a\u00f0 gr\u00edpa til varf\u00e6rinna a\u00f0ger\u00f0a m\u00e1 draga \u00far \u00feessum vandam\u00e1lum verulega.<\/span><\/p>\t\t\t\t\t\t\t\t<\/div>\n\t\t\t\t<div class=\"elementor-element elementor-element-382895f elementor-widget elementor-widget-image\" data-id=\"382895f\" data-element_type=\"widget\" data-e-type=\"widget\" data-widget_type=\"image.default\">\n\t\t\t\t\t\t\t\t\t\t\t\t\t\t\t<img loading=\"lazy\" decoding=\"async\" width=\"900\" height=\"506\" src=\"https:\/\/i0.wp.com\/melindaozel.com\/wp-content\/uploads\/2020\/10\/racial-cultural-age-related-bias-in-face-and-emotion-tracking-cover-FACS-biased-labeling-.png?fit=900%2C506&amp;ssl=1\" class=\"attachment-large size-large wp-image-8286\" alt=\"Rass\u00edsk, menningarleg og aldurstengd for\u00fa\u00f0 \u00ed andlits- og tilfinningagreiningu: hlutdr\u00e6g merking\" srcset=\"https:\/\/i0.wp.com\/melindaozel.com\/wp-content\/uploads\/2020\/10\/racial-cultural-age-related-bias-in-face-and-emotion-tracking-cover-FACS-biased-labeling-.png?w=960&amp;ssl=1 960w, https:\/\/i0.wp.com\/melindaozel.com\/wp-content\/uploads\/2020\/10\/racial-cultural-age-related-bias-in-face-and-emotion-tracking-cover-FACS-biased-labeling-.png?resize=300%2C169&amp;ssl=1 300w, https:\/\/i0.wp.com\/melindaozel.com\/wp-content\/uploads\/2020\/10\/racial-cultural-age-related-bias-in-face-and-emotion-tracking-cover-FACS-biased-labeling-.png?resize=768%2C432&amp;ssl=1 768w, https:\/\/i0.wp.com\/melindaozel.com\/wp-content\/uploads\/2020\/10\/racial-cultural-age-related-bias-in-face-and-emotion-tracking-cover-FACS-biased-labeling-.png?resize=18%2C10&amp;ssl=1 18w, https:\/\/i0.wp.com\/melindaozel.com\/wp-content\/uploads\/2020\/10\/racial-cultural-age-related-bias-in-face-and-emotion-tracking-cover-FACS-biased-labeling-.png?resize=889%2C500&amp;ssl=1 889w\" sizes=\"(max-width: 900px) 100vw, 900px\" \/>\t\t\t\t\t\t\t\t\t\t\t\t\t\t\t<\/div>\n\t\t\t\t<div class=\"elementor-element elementor-element-03850e1 elementor-widget elementor-widget-text-editor\" data-id=\"03850e1\" data-element_type=\"widget\" data-e-type=\"widget\" data-widget_type=\"text-editor.default\">\n\t\t\t\t\t\t\t\t\t<p><span style=\"font-weight: 300;\"><span style=\"font-weight: 500;\"><span style=\"text-decoration: underline;\">Texti<\/span>: <strong>hlutdr\u00e6g merking (kyn\u00fe\u00e1ttaleg, menningarleg, aldurstengd o.s.frv.)<\/strong><br \/><\/span><\/span><\/p><p><span style=\"font-weight: 300;\">\u00deegar tj\u00e1ningarmerkimi\u00f0ar eru illa skilgreindir og illa skilin geta sm\u00e1v\u00e6gilegar villur skapa\u00f0 st\u00f3rar hlutdr\u00e6gni.<\/span><span style=\"font-weight: 300;\"><br \/><\/span><\/p>\t\t\t\t\t\t\t\t<\/div>\n\t\t\t\t<div class=\"elementor-element elementor-element-f3b8235 elementor-widget elementor-widget-image\" data-id=\"f3b8235\" data-element_type=\"widget\" data-e-type=\"widget\" data-widget_type=\"image.default\">\n\t\t\t\t\t\t\t\t\t\t\t\t\t\t\t<img loading=\"lazy\" decoding=\"async\" width=\"900\" height=\"506\" src=\"https:\/\/i0.wp.com\/melindaozel.com\/wp-content\/uploads\/2020\/10\/racial-cultural-age-related-bias-in-face-and-emotion-tracking-cover-FACS-biased-labeling-feature-detection.png?fit=900%2C506&amp;ssl=1\" class=\"attachment-large size-large wp-image-8287\" alt=\"Rass\u00edsk, menningarleg og aldurstengd for\u00fa\u00f0 \u00ed andlits- og tilfinningagreiningu: hlutdr\u00e6g merking\" srcset=\"https:\/\/i0.wp.com\/melindaozel.com\/wp-content\/uploads\/2020\/10\/racial-cultural-age-related-bias-in-face-and-emotion-tracking-cover-FACS-biased-labeling-feature-detection.png?w=960&amp;ssl=1 960w, https:\/\/i0.wp.com\/melindaozel.com\/wp-content\/uploads\/2020\/10\/racial-cultural-age-related-bias-in-face-and-emotion-tracking-cover-FACS-biased-labeling-feature-detection.png?resize=300%2C169&amp;ssl=1 300w, https:\/\/i0.wp.com\/melindaozel.com\/wp-content\/uploads\/2020\/10\/racial-cultural-age-related-bias-in-face-and-emotion-tracking-cover-FACS-biased-labeling-feature-detection.png?resize=768%2C432&amp;ssl=1 768w, https:\/\/i0.wp.com\/melindaozel.com\/wp-content\/uploads\/2020\/10\/racial-cultural-age-related-bias-in-face-and-emotion-tracking-cover-FACS-biased-labeling-feature-detection.png?resize=18%2C10&amp;ssl=1 18w, https:\/\/i0.wp.com\/melindaozel.com\/wp-content\/uploads\/2020\/10\/racial-cultural-age-related-bias-in-face-and-emotion-tracking-cover-FACS-biased-labeling-feature-detection.png?resize=889%2C500&amp;ssl=1 889w\" sizes=\"(max-width: 900px) 100vw, 900px\" \/>\t\t\t\t\t\t\t\t\t\t\t\t\t\t\t<\/div>\n\t\t\t\t<div class=\"elementor-element elementor-element-664c10d elementor-widget elementor-widget-text-editor\" data-id=\"664c10d\" data-element_type=\"widget\" data-e-type=\"widget\" data-widget_type=\"text-editor.default\">\n\t\t\t\t\t\t\t\t\t<p><span style=\"font-weight: 300;\"><span style=\"font-weight: 500;\"><span style=\"text-decoration: underline;\">Texti<\/span>: <strong>hlutdr\u00e6g merking (kyn\u00fe\u00e1ttaleg, menningarleg, aldurstengd o.s.frv.)<\/strong><br \/><\/span><\/span><\/p><p><span style=\"font-weight: 300;\">\u00c1\u00f0ur en fari\u00f0 er \u00ed hlutdr\u00e6gni sem getur veri\u00f0 \u00ed t\u00e6kni til andlitsreksturs, skulum vi\u00f0 sko\u00f0a \u00fe\u00e1 hlutdr\u00e6gni sem \u00feegar er til sta\u00f0ar \u00ed t\u00e6kni til einkennaau\u00f0kenningar: andlita\u00f0kenningu.<br \/><\/span><\/p>\t\t\t\t\t\t\t\t<\/div>\n\t\t\t\t<div class=\"elementor-element elementor-element-f59553a elementor-widget elementor-widget-image\" data-id=\"f59553a\" data-element_type=\"widget\" data-e-type=\"widget\" data-widget_type=\"image.default\">\n\t\t\t\t\t\t\t\t\t\t\t\t\t\t\t<img loading=\"lazy\" decoding=\"async\" width=\"900\" height=\"506\" src=\"https:\/\/i0.wp.com\/melindaozel.com\/wp-content\/uploads\/2020\/10\/racial-cultural-age-related-bias-in-face-and-emotion-tracking-cover-FACS-biased-labeling-feature-detection-failures.png?fit=900%2C506&amp;ssl=1\" class=\"attachment-large size-large wp-image-8326\" alt=\"Rass\u00edsk, menningarleg og aldurstengd for\u00fa\u00f0 \u00ed andlits- og tilfinningagreiningu\" srcset=\"https:\/\/i0.wp.com\/melindaozel.com\/wp-content\/uploads\/2020\/10\/racial-cultural-age-related-bias-in-face-and-emotion-tracking-cover-FACS-biased-labeling-feature-detection-failures.png?w=960&amp;ssl=1 960w, https:\/\/i0.wp.com\/melindaozel.com\/wp-content\/uploads\/2020\/10\/racial-cultural-age-related-bias-in-face-and-emotion-tracking-cover-FACS-biased-labeling-feature-detection-failures.png?resize=300%2C169&amp;ssl=1 300w, https:\/\/i0.wp.com\/melindaozel.com\/wp-content\/uploads\/2020\/10\/racial-cultural-age-related-bias-in-face-and-emotion-tracking-cover-FACS-biased-labeling-feature-detection-failures.png?resize=768%2C432&amp;ssl=1 768w, https:\/\/i0.wp.com\/melindaozel.com\/wp-content\/uploads\/2020\/10\/racial-cultural-age-related-bias-in-face-and-emotion-tracking-cover-FACS-biased-labeling-feature-detection-failures.png?resize=18%2C10&amp;ssl=1 18w, https:\/\/i0.wp.com\/melindaozel.com\/wp-content\/uploads\/2020\/10\/racial-cultural-age-related-bias-in-face-and-emotion-tracking-cover-FACS-biased-labeling-feature-detection-failures.png?resize=889%2C500&amp;ssl=1 889w\" sizes=\"(max-width: 900px) 100vw, 900px\" \/>\t\t\t\t\t\t\t\t\t\t\t\t\t\t\t<\/div>\n\t\t\t\t<div class=\"elementor-element elementor-element-2712cf2 elementor-widget elementor-widget-text-editor\" data-id=\"2712cf2\" data-element_type=\"widget\" data-e-type=\"widget\" data-widget_type=\"text-editor.default\">\n\t\t\t\t\t\t\t\t\t<p><span style=\"font-weight: 300;\"><span style=\"font-weight: 500;\"><span style=\"text-decoration: underline;\">Texti<\/span>: <strong>hlutdr\u00e6g merking (kyn\u00fe\u00e1ttaleg, menningarleg, aldurstengd o.s.frv.)<\/strong><br \/><\/span><\/span><\/p><p><span style=\"font-weight: 300;\">Ef vi\u00f0 n\u00e1um ekki einu sinni a\u00f0 greina eiginleika r\u00e9tt, \u00edmynda\u00f0u \u00fe\u00e9r hversu fl\u00f3ki\u00f0 hlutdr\u00e6gni getur veri\u00f0 \u00ed tilfinningagreiningu. Tilfinningagreining krefst skilnings sem gengur \u00fat fyrir andlitsdr\u00e6tti. H\u00fan krefst skilnings \u00e1 f\u00ednlegum hreyfingum andlitsins.<br \/><\/span><\/p>\t\t\t\t\t\t\t\t<\/div>\n\t\t\t\t<div class=\"elementor-element elementor-element-8060670 elementor-widget elementor-widget-image\" data-id=\"8060670\" data-element_type=\"widget\" data-e-type=\"widget\" data-widget_type=\"image.default\">\n\t\t\t\t\t\t\t\t\t\t\t\t\t\t\t<img loading=\"lazy\" decoding=\"async\" width=\"900\" height=\"506\" src=\"https:\/\/i0.wp.com\/melindaozel.com\/wp-content\/uploads\/2020\/10\/racial-cultural-age-related-bias-in-face-and-emotion-tracking-cover-FACS-cultures-and-emotion.png?fit=900%2C506&amp;ssl=1\" class=\"attachment-large size-large wp-image-8288\" alt=\"Rass\u00edsk, menningarleg og aldurstengd for\u00fa\u00f0 \u00ed andlits- og tilfinningagreiningu: Ranns\u00f3knir hafa \u00edtreka\u00f0 s\u00fdnt a\u00f0 f\u00f3lk er \u00e1berandi lakara \u00ed a\u00f0 t\u00falka andlit fr\u00e1 \u00f6\u00f0rum menningarheimum.\" srcset=\"https:\/\/i0.wp.com\/melindaozel.com\/wp-content\/uploads\/2020\/10\/racial-cultural-age-related-bias-in-face-and-emotion-tracking-cover-FACS-cultures-and-emotion.png?w=960&amp;ssl=1 960w, https:\/\/i0.wp.com\/melindaozel.com\/wp-content\/uploads\/2020\/10\/racial-cultural-age-related-bias-in-face-and-emotion-tracking-cover-FACS-cultures-and-emotion.png?resize=300%2C169&amp;ssl=1 300w, https:\/\/i0.wp.com\/melindaozel.com\/wp-content\/uploads\/2020\/10\/racial-cultural-age-related-bias-in-face-and-emotion-tracking-cover-FACS-cultures-and-emotion.png?resize=768%2C432&amp;ssl=1 768w, https:\/\/i0.wp.com\/melindaozel.com\/wp-content\/uploads\/2020\/10\/racial-cultural-age-related-bias-in-face-and-emotion-tracking-cover-FACS-cultures-and-emotion.png?resize=18%2C10&amp;ssl=1 18w, https:\/\/i0.wp.com\/melindaozel.com\/wp-content\/uploads\/2020\/10\/racial-cultural-age-related-bias-in-face-and-emotion-tracking-cover-FACS-cultures-and-emotion.png?resize=889%2C500&amp;ssl=1 889w\" sizes=\"(max-width: 900px) 100vw, 900px\" \/>\t\t\t\t\t\t\t\t\t\t\t\t\t\t\t<\/div>\n\t\t\t\t<div class=\"elementor-element elementor-element-09b025f elementor-widget elementor-widget-text-editor\" data-id=\"09b025f\" data-element_type=\"widget\" data-e-type=\"widget\" data-widget_type=\"text-editor.default\">\n\t\t\t\t\t\t\t\t\t<span style=\"font-weight: 300;\"><span style=\"font-weight: 500;\"><span style=\"text-decoration: underline;\">Texti<\/span>: <strong>hlutdr\u00e6g merking (kyn\u00fe\u00e1ttaleg, menningarleg, aldurstengd o.s.frv.)<\/strong>\n<\/span><\/span>\n\n<span style=\"font-weight: 300;\">Ranns\u00f3knir hafa \u00edtreka\u00f0 s\u00fdnt a\u00f0 f\u00f3lk er verulega lakara \u00ed a\u00f0 t\u00falka andlit f\u00f3lks \u00far \u00f3l\u00edkum menningarheimum.<\/span>\n<ul>\n<sup>Blais, Caroline &amp; Jack, Rachael &amp; Scheepers, Christoph &amp; Fiset, Daniel &amp; Caldara, Roberto. Menning m\u00f3tar hvernig vi\u00f0 l\u00edtum \u00e1 andlit. (2008). PLoS ONE. 3. e3022. 10.1371\/journal.pone.0003022.<\/sup>\t\t\t\t\t\t\t\t<\/div>\n\t\t\t\t<div class=\"elementor-element elementor-element-638b6a8 elementor-widget elementor-widget-image\" data-id=\"638b6a8\" data-element_type=\"widget\" data-e-type=\"widget\" data-widget_type=\"image.default\">\n\t\t\t\t\t\t\t\t\t\t\t\t\t\t\t<img loading=\"lazy\" decoding=\"async\" width=\"900\" height=\"506\" src=\"https:\/\/i0.wp.com\/melindaozel.com\/wp-content\/uploads\/2020\/10\/racial-cultural-age-related-bias-in-face-and-emotion-tracking-cover-FACS-cultures-and-emotion-research.png?fit=900%2C506&amp;ssl=1\" class=\"attachment-large size-large wp-image-8290\" alt=\"Ras\u00edsk, menningarleg og aldurstengd for\u00fa\u00f0 \u00ed andlits- og tilfinningagreiningu:\" srcset=\"https:\/\/i0.wp.com\/melindaozel.com\/wp-content\/uploads\/2020\/10\/racial-cultural-age-related-bias-in-face-and-emotion-tracking-cover-FACS-cultures-and-emotion-research.png?w=960&amp;ssl=1 960w, https:\/\/i0.wp.com\/melindaozel.com\/wp-content\/uploads\/2020\/10\/racial-cultural-age-related-bias-in-face-and-emotion-tracking-cover-FACS-cultures-and-emotion-research.png?resize=300%2C169&amp;ssl=1 300w, https:\/\/i0.wp.com\/melindaozel.com\/wp-content\/uploads\/2020\/10\/racial-cultural-age-related-bias-in-face-and-emotion-tracking-cover-FACS-cultures-and-emotion-research.png?resize=768%2C432&amp;ssl=1 768w, https:\/\/i0.wp.com\/melindaozel.com\/wp-content\/uploads\/2020\/10\/racial-cultural-age-related-bias-in-face-and-emotion-tracking-cover-FACS-cultures-and-emotion-research.png?resize=18%2C10&amp;ssl=1 18w, https:\/\/i0.wp.com\/melindaozel.com\/wp-content\/uploads\/2020\/10\/racial-cultural-age-related-bias-in-face-and-emotion-tracking-cover-FACS-cultures-and-emotion-research.png?resize=889%2C500&amp;ssl=1 889w\" sizes=\"(max-width: 900px) 100vw, 900px\" \/>\t\t\t\t\t\t\t\t\t\t\t\t\t\t\t<\/div>\n\t\t\t\t<div class=\"elementor-element elementor-element-0c71ee5 elementor-widget elementor-widget-text-editor\" data-id=\"0c71ee5\" data-element_type=\"widget\" data-e-type=\"widget\" data-widget_type=\"text-editor.default\">\n\t\t\t\t\t\t\t\t\t<p><span style=\"font-weight: 300;\"><span style=\"font-weight: 500;\"><span style=\"text-decoration: underline;\">Texti<\/span>: <strong>hlutdr\u00e6g merking (kyn\u00fe\u00e1ttaleg, menningarleg, aldurstengd o.s.frv.)<\/strong><br \/><\/span><\/span><\/p><ul><li style=\"font-weight: 300;\" aria-level=\"1\"><span style=\"font-weight: 300;\">F\u00f3lk dregur mismunandi uppl\u00fdsingar \u00fat \u00feegar \u00fea\u00f0 horfir \u00e1 andlit og leitar a\u00f0 \u00f3l\u00edkum v\u00edsbendingum \u00feegar \u00fea\u00f0 t\u00falkar tilfinningar.\u00a0<\/span><\/li><li style=\"font-weight: 300;\" aria-level=\"1\"><span style=\"font-weight: 300;\">Menning hefur dj\u00fapst\u00e6\u00f0 \u00e1hrif \u00e1 \u00fea\u00f0 sem vi\u00f0 teljum ver\u00f0m\u00e6tar uppl\u00fdsingar og v\u00edsbendingar.<\/span><span style=\"font-weight: 300;\"><br \/><\/span><\/li><\/ul><p><span style=\"font-weight: 300;\">Ranns\u00f3knir hafa s\u00fdnt:<\/span><\/p><ul><li style=\"font-weight: 300;\" aria-level=\"2\"><b>Austur-as\u00edskur<\/b> <span style=\"font-weight: 300;\">\u00fe\u00e1tttakendur <\/span><span style=\"font-weight: 300;\">\u00de\u00e6r beina athyglinni gjarnan a\u00f0 mi\u00f0ju andlitsins, \u00ed kringum nefi\u00f0, og leggja meiri \u00e1herslu \u00e1 augun og augnsvi\u00f0i\u00f0.\u00a0<\/span><\/li><li style=\"font-weight: 400;\" aria-level=\"2\"><b>Vesturkaukas\u00edskur <\/b><span style=\"font-weight: 300;\">\u00de\u00e1tttakendur hafa tilhneigingu til a\u00f0 leita a\u00f0 tilfinninga\u00adtj\u00e1ningum \u00ed augabr\u00fanum og munni.<\/span><\/li><li style=\"font-weight: 500;\" aria-level=\"2\"><span style=\"font-weight: 500;\">\u00deessar athyglisbreytingar skapa hlutdr\u00e6gni \u00feegar \u00fe\u00e1tttakendur horfa \u00e1 andlit me\u00f0 m\u00f3tsagnakenndum svipbrig\u00f0um.<br \/><\/span><span style=\"font-weight: 300;\">t.d. \u00feegar augun eru sorgm\u00e6dd en munnurinn gla\u00f0ur:<br \/><\/span><span style=\"font-weight: 300;\">\u2013 Japanskir \u00fe\u00e1tttakendur leggja meiri \u00e1herslu \u00e1 tilfinningu sem s\u00e9st \u00ed augunum.<br \/><\/span><span style=\"font-weight: 300;\">\u2013 Bandar\u00edskir \u00fe\u00e1tttakendur hafa meiri \u00e1huga \u00e1 munnholunni.<\/span><\/li><\/ul><p>\u00a0<\/p><p><sup>1. Blais, C., Jack, R. E., Scheepers, C., Fiset, D., og Caldara, R. (2008). Menning m\u00f3tar hvernig vi\u00f0 l\u00edtum \u00e1 andlit. PLoS ONE 3:e3022. doi: 10.1371\/journal.pone.0003022<br \/><\/sup><sup>2. Elfenbein, H. A., &amp; Ambady, N. (2003). Al\u00fej\u00f3\u00f0legir og menningarlegir munir \u00ed a\u00f0 greina tilfinningar. N\u00faverandi stefnur \u00ed s\u00e1lfr\u00e6\u00f0iranns\u00f3knum, 12(5), 159-164.<br \/><\/sup><sup>3. Matsumoto, D., Kasri, F., &amp; Kooken, K. (1999). Menningarmunur Bandar\u00edkjamanna og Japana \u00ed d\u00f3mum um tj\u00e1ningarstyrk og hugl\u00e6ga upplifun. Cognition &amp; Emotion, 13(2), 201-218.<br \/><\/sup><sup>4. Matsumoto, D., &amp; Ekman, P. (1989). Menningarmunur Bandar\u00edkjamanna og Japana \u00ed mati \u00e1 styrk andlitssvipbrig\u00f0a tilfinninga. Motivation and Emotion, 13(2), 143-157.<br \/><\/sup><sup>5. Marsh, A. A., Elfenbein, H. A., &amp; Ambady, N. (2003). \u00d3m\u00e1lr\u00e6n \u201chreimur\u201d: menningarlegar mismunir \u00ed andlitssvipbrig\u00f0um tilfinninga. Psychological Science, 14(4), 373-376.<br \/><\/sup><sup>6. Yuki, M., Maddux, W. W., &amp; Masuda, T. (2007). Eru gluggarnir a\u00f0 s\u00e1linni \u00feeir s\u00f6mu \u00ed Austri og Vestri? Menningarmunur \u00ed notkun augna og munns sem v\u00edsbendinga til a\u00f0 greina tilfinningar \u00ed Japan og Bandar\u00edkjunum. Journal of Experimental Social Psychology, 43(2), 303-311.<\/sup><\/p>\t\t\t\t\t\t\t\t<\/div>\n\t\t\t\t<div class=\"elementor-element elementor-element-7bd886e elementor-widget elementor-widget-image\" data-id=\"7bd886e\" data-element_type=\"widget\" data-e-type=\"widget\" data-widget_type=\"image.default\">\n\t\t\t\t\t\t\t\t\t\t\t\t\t\t\t<img loading=\"lazy\" decoding=\"async\" width=\"900\" height=\"506\" src=\"https:\/\/i0.wp.com\/melindaozel.com\/wp-content\/uploads\/2020\/10\/racial-cultural-age-related-bias-in-face-and-emotion-tracking-cover-FACS-expression-labeling.png?fit=900%2C506&amp;ssl=1\" class=\"attachment-large size-large wp-image-8292\" alt=\"Rass\u00edsk, menningarleg og aldurstengd for\u00fa\u00f0 \u00ed andlits- og tilfinningagreiningu: merkingu tj\u00e1ninga\" srcset=\"https:\/\/i0.wp.com\/melindaozel.com\/wp-content\/uploads\/2020\/10\/racial-cultural-age-related-bias-in-face-and-emotion-tracking-cover-FACS-expression-labeling.png?w=960&amp;ssl=1 960w, https:\/\/i0.wp.com\/melindaozel.com\/wp-content\/uploads\/2020\/10\/racial-cultural-age-related-bias-in-face-and-emotion-tracking-cover-FACS-expression-labeling.png?resize=300%2C169&amp;ssl=1 300w, https:\/\/i0.wp.com\/melindaozel.com\/wp-content\/uploads\/2020\/10\/racial-cultural-age-related-bias-in-face-and-emotion-tracking-cover-FACS-expression-labeling.png?resize=768%2C432&amp;ssl=1 768w, https:\/\/i0.wp.com\/melindaozel.com\/wp-content\/uploads\/2020\/10\/racial-cultural-age-related-bias-in-face-and-emotion-tracking-cover-FACS-expression-labeling.png?resize=18%2C10&amp;ssl=1 18w, https:\/\/i0.wp.com\/melindaozel.com\/wp-content\/uploads\/2020\/10\/racial-cultural-age-related-bias-in-face-and-emotion-tracking-cover-FACS-expression-labeling.png?resize=889%2C500&amp;ssl=1 889w\" sizes=\"(max-width: 900px) 100vw, 900px\" \/>\t\t\t\t\t\t\t\t\t\t\t\t\t\t\t<\/div>\n\t\t\t\t<div class=\"elementor-element elementor-element-82117c0 elementor-widget elementor-widget-text-editor\" data-id=\"82117c0\" data-element_type=\"widget\" data-e-type=\"widget\" data-widget_type=\"text-editor.default\">\n\t\t\t\t\t\t\t\t\t<p><span style=\"font-weight: 300;\"><span style=\"font-weight: 500;\"><span style=\"text-decoration: underline;\">Texti<\/span>: <strong>hlutdr\u00e6g merking (kyn\u00fe\u00e1ttaleg, menningarleg, aldurstengd o.s.frv.)<\/strong><br \/><\/span><\/span><\/p><p><span style=\"font-weight: 300;\">\u00cdhuga\u00f0u n\u00fa hva\u00f0 felst \u00ed merkingu tj\u00e1ninga . . .<\/span><\/p>\t\t\t\t\t\t\t\t<\/div>\n\t\t\t\t<div class=\"elementor-element elementor-element-7f72d46 elementor-widget elementor-widget-image\" data-id=\"7f72d46\" data-element_type=\"widget\" data-e-type=\"widget\" data-widget_type=\"image.default\">\n\t\t\t\t\t\t\t\t\t\t\t\t\t\t\t<img loading=\"lazy\" decoding=\"async\" width=\"900\" height=\"506\" src=\"https:\/\/i0.wp.com\/melindaozel.com\/wp-content\/uploads\/2020\/10\/racial-cultural-age-related-bias-in-face-and-emotion-tracking-cover-FACS-expression-labeling-lip-corner-depressor.png?fit=900%2C506&amp;ssl=1\" class=\"attachment-large size-large wp-image-8295\" alt=\"Ras\u00edsk, menningarleg og aldursbundin for\u00fa\u00f0 \u00ed andlits- og tilfinningagreiningu: for\u00fa\u00f0 gagnvart lip corner depressor og eldri einstaklingum\" srcset=\"https:\/\/i0.wp.com\/melindaozel.com\/wp-content\/uploads\/2020\/10\/racial-cultural-age-related-bias-in-face-and-emotion-tracking-cover-FACS-expression-labeling-lip-corner-depressor.png?w=960&amp;ssl=1 960w, https:\/\/i0.wp.com\/melindaozel.com\/wp-content\/uploads\/2020\/10\/racial-cultural-age-related-bias-in-face-and-emotion-tracking-cover-FACS-expression-labeling-lip-corner-depressor.png?resize=300%2C169&amp;ssl=1 300w, https:\/\/i0.wp.com\/melindaozel.com\/wp-content\/uploads\/2020\/10\/racial-cultural-age-related-bias-in-face-and-emotion-tracking-cover-FACS-expression-labeling-lip-corner-depressor.png?resize=768%2C432&amp;ssl=1 768w, https:\/\/i0.wp.com\/melindaozel.com\/wp-content\/uploads\/2020\/10\/racial-cultural-age-related-bias-in-face-and-emotion-tracking-cover-FACS-expression-labeling-lip-corner-depressor.png?resize=18%2C10&amp;ssl=1 18w, https:\/\/i0.wp.com\/melindaozel.com\/wp-content\/uploads\/2020\/10\/racial-cultural-age-related-bias-in-face-and-emotion-tracking-cover-FACS-expression-labeling-lip-corner-depressor.png?resize=889%2C500&amp;ssl=1 889w\" sizes=\"(max-width: 900px) 100vw, 900px\" \/>\t\t\t\t\t\t\t\t\t\t\t\t\t\t\t<\/div>\n\t\t\t\t<div class=\"elementor-element elementor-element-ab194df elementor-widget elementor-widget-text-editor\" data-id=\"ab194df\" data-element_type=\"widget\" data-e-type=\"widget\" data-widget_type=\"text-editor.default\">\n\t\t\t\t\t\t\t\t\t<p><span style=\"font-weight: 300;\"><span style=\"font-weight: 500;\"><span style=\"text-decoration: underline;\">Texti<\/span>: <strong>hlutdr\u00e6g merking (kyn\u00fe\u00e1ttaleg, menningarleg, aldurstengd o.s.frv.)<\/strong><br \/><\/span><\/span><\/p><ul><li style=\"font-weight: 400;\" aria-level=\"1\"><span style=\"font-weight: 300;\">Ef<\/span><span style=\"font-weight: 300;\"> L\u00e6bhorns\u00fer\u00fdstari<\/span><span style=\"font-weight: 300;\"> Ef ekki er skili\u00f0 r\u00e9tt, eru merkjendur l\u00edklegri til a\u00f0 flokka rangt. <\/span><span style=\"font-weight: 300;\">hvert sem er<\/span><span style=\"font-weight: 300;\"> laga me\u00f0 ni\u00f0urbeyg\u00f0um munnhornum sem <\/span><span style=\"font-weight: 300;\">L\u00e6bhorns\u00fer\u00fdstari<\/span><span style=\"font-weight: 300;\">. \u00deessar rangflokka\u00f0u myndir eru oft af v\u00f6ldum \u00e1hrifa <\/span><span style=\"font-weight: 300;\">H\u00f6kuh\u00e6kkari<\/span><span style=\"font-weight: 300;\"> \u2013 <\/span><span style=\"font-weight: 300;\">en \u00feau geta l\u00edka fali\u00f0 \u00ed s\u00e9r eitthva\u00f0 verra<\/span><span style=\"font-weight: 300;\">: hlutlaus andlit (andlit \u00e1n tilfinninga).<\/span><\/li><li style=\"font-weight: 300;\" aria-level=\"1\"><span style=\"font-weight: 300;\">Einn l\u00edklegur aflei\u00f0ing \u00feessa misskilnings er: <\/span><b>ofgreining \u00e1 <\/b><b>L\u00e6bhorns\u00fer\u00fdstari<\/b> <span style=\"font-weight: 300;\">Hj\u00e1 f\u00f3lki me\u00f0 ni\u00f0url\u00fatar horn \u00e1 v\u00f6runum. Oft hafa eldri borgarar ni\u00f0url\u00fatar horn \u00e1 v\u00f6runum vegna langvarandi \u00e1hrifa \u00feyngdarafls.\u00a0<\/span><\/li><\/ul>\t\t\t\t\t\t\t\t<\/div>\n\t\t\t\t<div class=\"elementor-element elementor-element-bf16622 elementor-widget elementor-widget-image\" data-id=\"bf16622\" data-element_type=\"widget\" data-e-type=\"widget\" data-widget_type=\"image.default\">\n\t\t\t\t\t\t\t\t\t\t\t\t\t\t\t<img loading=\"lazy\" decoding=\"async\" width=\"900\" height=\"506\" src=\"https:\/\/i0.wp.com\/melindaozel.com\/wp-content\/uploads\/2020\/10\/racial-cultural-age-related-bias-in-face-and-emotion-tracking-cover-FACS-expression-labeling-lip-corner-depressor-sadness.png?fit=900%2C506&amp;ssl=1\" class=\"attachment-large size-large wp-image-8298\" alt=\"Ras\u00edsk, menningarleg og aldursbundin for\u00fa\u00f0 \u00ed andlits- og tilfinningagreiningu: for\u00fa\u00f0 gagnvart lip corner depressor og eldri einstaklingum\" srcset=\"https:\/\/i0.wp.com\/melindaozel.com\/wp-content\/uploads\/2020\/10\/racial-cultural-age-related-bias-in-face-and-emotion-tracking-cover-FACS-expression-labeling-lip-corner-depressor-sadness.png?w=960&amp;ssl=1 960w, https:\/\/i0.wp.com\/melindaozel.com\/wp-content\/uploads\/2020\/10\/racial-cultural-age-related-bias-in-face-and-emotion-tracking-cover-FACS-expression-labeling-lip-corner-depressor-sadness.png?resize=300%2C169&amp;ssl=1 300w, https:\/\/i0.wp.com\/melindaozel.com\/wp-content\/uploads\/2020\/10\/racial-cultural-age-related-bias-in-face-and-emotion-tracking-cover-FACS-expression-labeling-lip-corner-depressor-sadness.png?resize=768%2C432&amp;ssl=1 768w, https:\/\/i0.wp.com\/melindaozel.com\/wp-content\/uploads\/2020\/10\/racial-cultural-age-related-bias-in-face-and-emotion-tracking-cover-FACS-expression-labeling-lip-corner-depressor-sadness.png?resize=18%2C10&amp;ssl=1 18w, https:\/\/i0.wp.com\/melindaozel.com\/wp-content\/uploads\/2020\/10\/racial-cultural-age-related-bias-in-face-and-emotion-tracking-cover-FACS-expression-labeling-lip-corner-depressor-sadness.png?resize=889%2C500&amp;ssl=1 889w\" sizes=\"(max-width: 900px) 100vw, 900px\" \/>\t\t\t\t\t\t\t\t\t\t\t\t\t\t\t<\/div>\n\t\t\t\t<div class=\"elementor-element elementor-element-8599858 elementor-widget elementor-widget-text-editor\" data-id=\"8599858\" data-element_type=\"widget\" data-e-type=\"widget\" data-widget_type=\"text-editor.default\">\n\t\t\t\t\t\t\t\t\t<p><span style=\"font-weight: 300;\"><span style=\"font-weight: 500;\"><span style=\"text-decoration: underline;\">Texti<\/span>: <strong>hlutdr\u00e6g merking (kyn\u00fe\u00e1ttaleg, menningarleg, aldurstengd o.s.frv.)<\/strong><br \/><\/span><\/span><\/p><ul><li style=\"font-weight: 300;\" aria-level=\"1\"><span style=\"font-weight: 300;\">Vegna \u00f3vi\u00f0eigandi merkjaa\u00f0fer\u00f0a kunna eldri aldursh\u00f3par a\u00f0 ver\u00f0a fyrir ofgreiningu \u00e1<\/span><span style=\"font-weight: 300;\"> L\u00e6bhorns\u00fer\u00fdstari<\/span><span style=\"font-weight: 300;\">.<\/span><span style=\"font-weight: 300;\"><br \/><\/span><\/li><li style=\"font-weight: 300;\" aria-level=\"1\"><span style=\"font-weight: 300;\">L\u00edphornsdepressor er lykil\u00fe\u00e1ttur \u00ed sorg. <\/span><span style=\"font-weight: 300;\">G\u00e6ti \u00feessi villa leitt til ofgreiningar \u00e1 sorg hj\u00e1 eldri aldursh\u00f3pum?<\/span><span style=\"font-weight: 300;\"><br \/><\/span><\/li><li style=\"font-weight: 300;\" aria-level=\"1\"><span style=\"font-weight: 300;\">Hva\u00f0 me\u00f0 a\u00f0rar h\u00f3pa sem einkennast af ni\u00f0url\u00e6gum hornum varanna?<\/span><span style=\"font-weight: 300;\"> Munu \u00feau ver\u00f0a rangt t\u00falku\u00f0 sem \u201csorgm\u00e6dd\u201d?<\/span><\/li><\/ul>\t\t\t\t\t\t\t\t<\/div>\n\t\t\t\t<div class=\"elementor-element elementor-element-b2dddf7 elementor-widget elementor-widget-image\" data-id=\"b2dddf7\" data-element_type=\"widget\" data-e-type=\"widget\" data-widget_type=\"image.default\">\n\t\t\t\t\t\t\t\t\t\t\t\t\t\t\t<img loading=\"lazy\" decoding=\"async\" width=\"900\" height=\"506\" src=\"https:\/\/i0.wp.com\/melindaozel.com\/wp-content\/uploads\/2020\/10\/racial-cultural-age-related-bias-in-face-and-emotion-tracking-cover-FACS-expression-labeling-job-candidates.png?fit=900%2C506&amp;ssl=1\" class=\"attachment-large size-large wp-image-8301\" alt=\"Ras\u00edsk, menningarleg og aldursbundin for\u00fa\u00f0 \u00ed andlits- og tilfinningagreiningu: for\u00fa\u00f0 gagnvart lip corner depressor og eldri einstaklingum\" srcset=\"https:\/\/i0.wp.com\/melindaozel.com\/wp-content\/uploads\/2020\/10\/racial-cultural-age-related-bias-in-face-and-emotion-tracking-cover-FACS-expression-labeling-job-candidates.png?w=960&amp;ssl=1 960w, https:\/\/i0.wp.com\/melindaozel.com\/wp-content\/uploads\/2020\/10\/racial-cultural-age-related-bias-in-face-and-emotion-tracking-cover-FACS-expression-labeling-job-candidates.png?resize=300%2C169&amp;ssl=1 300w, https:\/\/i0.wp.com\/melindaozel.com\/wp-content\/uploads\/2020\/10\/racial-cultural-age-related-bias-in-face-and-emotion-tracking-cover-FACS-expression-labeling-job-candidates.png?resize=768%2C432&amp;ssl=1 768w, https:\/\/i0.wp.com\/melindaozel.com\/wp-content\/uploads\/2020\/10\/racial-cultural-age-related-bias-in-face-and-emotion-tracking-cover-FACS-expression-labeling-job-candidates.png?resize=18%2C10&amp;ssl=1 18w, https:\/\/i0.wp.com\/melindaozel.com\/wp-content\/uploads\/2020\/10\/racial-cultural-age-related-bias-in-face-and-emotion-tracking-cover-FACS-expression-labeling-job-candidates.png?resize=889%2C500&amp;ssl=1 889w\" sizes=\"(max-width: 900px) 100vw, 900px\" \/>\t\t\t\t\t\t\t\t\t\t\t\t\t\t\t<\/div>\n\t\t\t\t<div class=\"elementor-element elementor-element-592b3dc elementor-widget elementor-widget-text-editor\" data-id=\"592b3dc\" data-element_type=\"widget\" data-e-type=\"widget\" data-widget_type=\"text-editor.default\">\n\t\t\t\t\t\t\t\t\t<p><span style=\"font-weight: 300;\"><span style=\"font-weight: 500;\"><span style=\"text-decoration: underline;\">Texti<\/span>: <strong>hlutdr\u00e6g merking (kyn\u00fe\u00e1ttaleg, menningarleg, aldurstengd o.s.frv.)<\/strong><br \/><\/span><\/span><\/p><ul><li style=\"font-weight: 300;\" aria-level=\"1\"><span style=\"font-weight: 300;\">\u00dea\u00f0 kann a\u00f0 vir\u00f0ast ekki vera st\u00f3rt m\u00e1l fyrir rakningart\u00e6ki a\u00f0 greina rangt <\/span><span style=\"font-weight: 300;\">L\u00e6bhorns\u00fer\u00fdstari <\/span><span style=\"font-weight: 300;\">e\u00f0a<\/span><span style=\"font-weight: 300;\"> sorg<\/span><span style=\"font-weight: 300;\">, en: <\/span><span style=\"font-weight: 300;\">Hva\u00f0 gerist \u00feegar andlitsrekning er notu\u00f0 vi\u00f0 st\u00e6rri verkefni, eins og mat \u00e1 ge\u00f0heilbrig\u00f0i e\u00f0a mat \u00e1 hugsanlegum ums\u00e6kjendum um st\u00f6rf?<\/span><\/li><\/ul>\t\t\t\t\t\t\t\t<\/div>\n\t\t\t\t<div class=\"elementor-element elementor-element-c794a1f elementor-widget elementor-widget-image\" data-id=\"c794a1f\" data-element_type=\"widget\" data-e-type=\"widget\" data-widget_type=\"image.default\">\n\t\t\t\t\t\t\t\t\t\t\t\t\t\t\t<img loading=\"lazy\" decoding=\"async\" width=\"900\" height=\"506\" src=\"https:\/\/i0.wp.com\/melindaozel.com\/wp-content\/uploads\/2020\/10\/racial-cultural-age-related-bias-in-face-and-emotion-tracking-cover-FACS-emotion-tech-failure.png?fit=900%2C506&amp;ssl=1\" class=\"attachment-large size-large wp-image-8303\" alt=\"Ras\u00edsk, menningarleg og aldurstengd for\u00fa\u00f0 \u00ed andlits- og tilfinningagreiningu:\" srcset=\"https:\/\/i0.wp.com\/melindaozel.com\/wp-content\/uploads\/2020\/10\/racial-cultural-age-related-bias-in-face-and-emotion-tracking-cover-FACS-emotion-tech-failure.png?w=960&amp;ssl=1 960w, https:\/\/i0.wp.com\/melindaozel.com\/wp-content\/uploads\/2020\/10\/racial-cultural-age-related-bias-in-face-and-emotion-tracking-cover-FACS-emotion-tech-failure.png?resize=300%2C169&amp;ssl=1 300w, https:\/\/i0.wp.com\/melindaozel.com\/wp-content\/uploads\/2020\/10\/racial-cultural-age-related-bias-in-face-and-emotion-tracking-cover-FACS-emotion-tech-failure.png?resize=768%2C432&amp;ssl=1 768w, https:\/\/i0.wp.com\/melindaozel.com\/wp-content\/uploads\/2020\/10\/racial-cultural-age-related-bias-in-face-and-emotion-tracking-cover-FACS-emotion-tech-failure.png?resize=18%2C10&amp;ssl=1 18w, https:\/\/i0.wp.com\/melindaozel.com\/wp-content\/uploads\/2020\/10\/racial-cultural-age-related-bias-in-face-and-emotion-tracking-cover-FACS-emotion-tech-failure.png?resize=889%2C500&amp;ssl=1 889w\" sizes=\"(max-width: 900px) 100vw, 900px\" \/>\t\t\t\t\t\t\t\t\t\t\t\t\t\t\t<\/div>\n\t\t\t\t<div class=\"elementor-element elementor-element-6fee9bc elementor-widget elementor-widget-text-editor\" data-id=\"6fee9bc\" data-element_type=\"widget\" data-e-type=\"widget\" data-widget_type=\"text-editor.default\">\n\t\t\t\t\t\t\t\t\t<p><span style=\"font-weight: 300;\"><span style=\"font-weight: 500;\"><span style=\"text-decoration: underline;\">Texti<\/span>: <strong>hlutdr\u00e6g merking (kyn\u00fe\u00e1ttaleg, menningarleg, aldurstengd o.s.frv.)<\/strong><br \/><\/span><\/span><\/p><ul><li style=\"font-weight: 400;\" aria-level=\"1\"><span style=\"font-weight: 400;\">Gervigreind greinir n\u00fa andlitsdr\u00e6tti ums\u00e6kjenda \u00ed myndbandsvi\u00f0t\u00f6lum vegna starfsums\u00f3kna \u2013 Unilever, IBM, Dunkin Donuts og margir a\u00f0rir eru \u00feegar a\u00f0 nota \u00feessa t\u00e6kni<\/span><\/li><li style=\"font-weight: 400;\" aria-level=\"1\"><span style=\"font-weight: 400;\">T\u00e6kni til a\u00f0 greina tilfinningar virkar ekki, en sumir nota hana engu a\u00f0 s\u00ed\u00f0ur \u00fer\u00e1tt fyrir a\u00f0 atvinnumenn s\u00e9u r\u00e1\u00f0nir til verksins: sk\u00fdrsla<\/span><\/li><li style=\"font-weight: 400;\" aria-level=\"1\"><span style=\"font-weight: 400;\">\u2018Gervigreind sem \u2019greinir tilfinningar\" er $20 milljar\u00f0a atvinnugrein. N\u00fdjar ranns\u00f3knir segja a\u00f0 h\u00fan geti ekki gert \u00fea\u00f0 sem h\u00fan heldur fram.<\/span><\/li><\/ul>\t\t\t\t\t\t\t\t<\/div>\n\t\t\t\t<div class=\"elementor-element elementor-element-004d1c6 elementor-widget elementor-widget-image\" data-id=\"004d1c6\" data-element_type=\"widget\" data-e-type=\"widget\" data-widget_type=\"image.default\">\n\t\t\t\t\t\t\t\t\t\t\t\t\t\t\t<img loading=\"lazy\" decoding=\"async\" width=\"900\" height=\"506\" src=\"https:\/\/i0.wp.com\/melindaozel.com\/wp-content\/uploads\/2020\/10\/racial-cultural-age-related-bias-in-face-and-emotion-tracking-cover-FACS-facial-features.png?fit=900%2C506&amp;ssl=1\" class=\"attachment-large size-large wp-image-8305\" alt=\"Rass\u00edsk, menningarleg og aldurstengd for\u00fa\u00f0 \u00ed andlits- og tilfinningagreiningu: Eiginleikami\u00f0u\u00f0 for\u00fa\u00f0\" srcset=\"https:\/\/i0.wp.com\/melindaozel.com\/wp-content\/uploads\/2020\/10\/racial-cultural-age-related-bias-in-face-and-emotion-tracking-cover-FACS-facial-features.png?w=960&amp;ssl=1 960w, https:\/\/i0.wp.com\/melindaozel.com\/wp-content\/uploads\/2020\/10\/racial-cultural-age-related-bias-in-face-and-emotion-tracking-cover-FACS-facial-features.png?resize=300%2C169&amp;ssl=1 300w, https:\/\/i0.wp.com\/melindaozel.com\/wp-content\/uploads\/2020\/10\/racial-cultural-age-related-bias-in-face-and-emotion-tracking-cover-FACS-facial-features.png?resize=768%2C432&amp;ssl=1 768w, https:\/\/i0.wp.com\/melindaozel.com\/wp-content\/uploads\/2020\/10\/racial-cultural-age-related-bias-in-face-and-emotion-tracking-cover-FACS-facial-features.png?resize=18%2C10&amp;ssl=1 18w, https:\/\/i0.wp.com\/melindaozel.com\/wp-content\/uploads\/2020\/10\/racial-cultural-age-related-bias-in-face-and-emotion-tracking-cover-FACS-facial-features.png?resize=889%2C500&amp;ssl=1 889w\" sizes=\"(max-width: 900px) 100vw, 900px\" \/>\t\t\t\t\t\t\t\t\t\t\t\t\t\t\t<\/div>\n\t\t\t\t<div class=\"elementor-element elementor-element-a94e207 elementor-widget elementor-widget-text-editor\" data-id=\"a94e207\" data-element_type=\"widget\" data-e-type=\"widget\" data-widget_type=\"text-editor.default\">\n\t\t\t\t\t\t\t\t\t<p><span style=\"font-weight: 300;\"><span style=\"font-weight: 500;\"><span style=\"text-decoration: underline;\">Texti<\/span>: <strong>hlutdr\u00e6g merking (kyn\u00fe\u00e1ttaleg, menningarleg, aldurstengd o.s.frv.)<\/strong><br \/><\/span><\/span><\/p><p><span style=\"font-weight: 300;\">Vi\u00f0 r\u00e6ddum hvernig rangar merkingar geta \u00fdtt undir ford\u00f3ma gegn eldri \u00edb\u00faum . . .\u00a0<\/span><b>En hva\u00f0 me\u00f0 a\u00f0ra hlutdr\u00e6gni gagnvart f\u00f3lki me\u00f0 \u00e1kve\u00f0in andlitsdr\u00e6tti?<\/b><\/p>\t\t\t\t\t\t\t\t<\/div>\n\t\t\t\t<div class=\"elementor-element elementor-element-b7ee468 elementor-widget elementor-widget-image\" data-id=\"b7ee468\" data-element_type=\"widget\" data-e-type=\"widget\" data-widget_type=\"image.default\">\n\t\t\t\t\t\t\t\t\t\t\t\t\t\t\t<img loading=\"lazy\" decoding=\"async\" width=\"900\" height=\"506\" src=\"https:\/\/i0.wp.com\/melindaozel.com\/wp-content\/uploads\/2020\/10\/racial-cultural-age-related-bias-in-face-and-emotion-tracking-cover-FACS-facial-features-angry-smiles.png?fit=900%2C506&amp;ssl=1\" class=\"attachment-large size-large wp-image-8307\" alt=\"Rass\u00edsk, menningarleg og aldurstengd for\u00fa\u00f0 \u00ed andlits- og tilfinningagreiningu: Eiginleikami\u00f0u\u00f0 for\u00fa\u00f0\" srcset=\"https:\/\/i0.wp.com\/melindaozel.com\/wp-content\/uploads\/2020\/10\/racial-cultural-age-related-bias-in-face-and-emotion-tracking-cover-FACS-facial-features-angry-smiles.png?w=960&amp;ssl=1 960w, https:\/\/i0.wp.com\/melindaozel.com\/wp-content\/uploads\/2020\/10\/racial-cultural-age-related-bias-in-face-and-emotion-tracking-cover-FACS-facial-features-angry-smiles.png?resize=300%2C169&amp;ssl=1 300w, https:\/\/i0.wp.com\/melindaozel.com\/wp-content\/uploads\/2020\/10\/racial-cultural-age-related-bias-in-face-and-emotion-tracking-cover-FACS-facial-features-angry-smiles.png?resize=768%2C432&amp;ssl=1 768w, https:\/\/i0.wp.com\/melindaozel.com\/wp-content\/uploads\/2020\/10\/racial-cultural-age-related-bias-in-face-and-emotion-tracking-cover-FACS-facial-features-angry-smiles.png?resize=18%2C10&amp;ssl=1 18w, https:\/\/i0.wp.com\/melindaozel.com\/wp-content\/uploads\/2020\/10\/racial-cultural-age-related-bias-in-face-and-emotion-tracking-cover-FACS-facial-features-angry-smiles.png?resize=889%2C500&amp;ssl=1 889w\" sizes=\"(max-width: 900px) 100vw, 900px\" \/>\t\t\t\t\t\t\t\t\t\t\t\t\t\t\t<\/div>\n\t\t\t\t<div class=\"elementor-element elementor-element-f2d049c elementor-widget elementor-widget-text-editor\" data-id=\"f2d049c\" data-element_type=\"widget\" data-e-type=\"widget\" data-widget_type=\"text-editor.default\">\n\t\t\t\t\t\t\t\t\t<p><span style=\"font-weight: 300;\"><span style=\"font-weight: 500;\"><span style=\"text-decoration: underline;\">Texti<\/span>: <strong>hlutdr\u00e6g merking (kyn\u00fe\u00e1ttaleg, menningarleg, aldurstengd o.s.frv.)<\/strong><br \/><\/span><\/span><\/p><p><span style=\"font-weight: 300;\">\u201c. . . andlitsgreiningarforrit s\u00fdna tv\u00e6r a\u00f0greindar tegundir hlutdr\u00e6gni.<\/span><\/p><p><span style=\"font-weight: 300;\">Fyrst, <\/span><b>Svartir andlitsdr\u00e6ttir voru \u00ed \u00f6llum tilfellum metnir sem rei\u00f0ari en hv\u00edtir andlitsdr\u00e6ttir fyrir hvert bros. <\/b><span style=\"font-weight: 300;\">Face++ s\u00fdndi \u00feessa tegund hlutdr\u00e6gni.<\/span> <span style=\"font-weight: 300;\">\u00cd \u00f6\u00f0ru lagi, <\/span><b>Svartir andlitsdr\u00e6ttir voru alltaf metnir sem rei\u00f0ari <\/b><span style=\"font-weight: 300;\">ef einhver \u00f3vissa var um andlitsdr\u00e6tti \u00feeirra. Face API s\u00fdndi \u00feennan mismun. Jafnvel \u00fe\u00f3tt sv\u00f6rtu andlitin v\u00e6ru a\u00f0 hluta til brosandi, s\u00fdndi greining m\u00edn a\u00f0<\/span><span style=\"font-weight: 300;\"> Kerfin ger\u00f0u r\u00e1\u00f0 fyrir neikv\u00e6\u00f0ari tilfinningum hj\u00e1 f\u00f3lki me\u00f0 dekkri h\u00fa\u00f0lit en hj\u00e1 hv\u00edtum einstaklingum me\u00f0 svipbrig\u00f0i \u00e1 svipa\u00f0an h\u00e1tt. <\/span><span style=\"font-weight: 300;\">Me\u00f0altal tilfinningaeinkanna var mun n\u00e6r saman milli kyn\u00fe\u00e1tta, en samt voru enn \u00e1berandi munur \u00e1 sv\u00f6rtum og hv\u00edtum andlitum.\u201d<\/span><\/p><p><a href=\"https:\/\/singularityhub.com\/2019\/01\/11\/understanding-the-hidden-bias-in-emotion-reading-ais\/\" target=\"_blank\" rel=\"noopener\"><b>A\u00f0 skilja falna hlutdr\u00e6gni \u00ed tilfinningalestrar gervigreindum<br \/><\/b><\/a><span style=\"font-weight: 300;\">-Lauren Rhue<\/span><br \/><br \/><\/p>\t\t\t\t\t\t\t\t<\/div>\n\t\t\t\t<div class=\"elementor-element elementor-element-7794822 elementor-widget elementor-widget-image\" data-id=\"7794822\" data-element_type=\"widget\" data-e-type=\"widget\" data-widget_type=\"image.default\">\n\t\t\t\t\t\t\t\t\t\t\t\t\t\t\t<img loading=\"lazy\" decoding=\"async\" width=\"900\" height=\"506\" src=\"https:\/\/i0.wp.com\/melindaozel.com\/wp-content\/uploads\/2020\/10\/racial-cultural-age-related-bias-in-face-and-emotion-tracking-cover-FACS-facial-features-invest-in-data.png?fit=900%2C506&amp;ssl=1\" class=\"attachment-large size-large wp-image-8308\" alt=\"Rass\u00edsk, menningarleg og aldurstengd for\u00fa\u00f0l \u00ed andlits- og tilfinningagreiningu: Hvernig g\u00e6ti \u00feetta gerst? Skulum rifja upp hvers vegna \u00fea\u00f0 er mikilv\u00e6gt a\u00f0 fj\u00e1rfesta meira \u00ed g\u00f6gnum.\" srcset=\"https:\/\/i0.wp.com\/melindaozel.com\/wp-content\/uploads\/2020\/10\/racial-cultural-age-related-bias-in-face-and-emotion-tracking-cover-FACS-facial-features-invest-in-data.png?w=960&amp;ssl=1 960w, https:\/\/i0.wp.com\/melindaozel.com\/wp-content\/uploads\/2020\/10\/racial-cultural-age-related-bias-in-face-and-emotion-tracking-cover-FACS-facial-features-invest-in-data.png?resize=300%2C169&amp;ssl=1 300w, https:\/\/i0.wp.com\/melindaozel.com\/wp-content\/uploads\/2020\/10\/racial-cultural-age-related-bias-in-face-and-emotion-tracking-cover-FACS-facial-features-invest-in-data.png?resize=768%2C432&amp;ssl=1 768w, https:\/\/i0.wp.com\/melindaozel.com\/wp-content\/uploads\/2020\/10\/racial-cultural-age-related-bias-in-face-and-emotion-tracking-cover-FACS-facial-features-invest-in-data.png?resize=18%2C10&amp;ssl=1 18w, https:\/\/i0.wp.com\/melindaozel.com\/wp-content\/uploads\/2020\/10\/racial-cultural-age-related-bias-in-face-and-emotion-tracking-cover-FACS-facial-features-invest-in-data.png?resize=889%2C500&amp;ssl=1 889w\" sizes=\"(max-width: 900px) 100vw, 900px\" \/>\t\t\t\t\t\t\t\t\t\t\t\t\t\t\t<\/div>\n\t\t\t\t<div class=\"elementor-element elementor-element-6a037a2 elementor-widget elementor-widget-text-editor\" data-id=\"6a037a2\" data-element_type=\"widget\" data-e-type=\"widget\" data-widget_type=\"text-editor.default\">\n\t\t\t\t\t\t\t\t\t<p><span style=\"font-weight: 300;\"><span style=\"font-weight: 500;\"><span style=\"text-decoration: underline;\">Texti<\/span>: <strong>hlutdr\u00e6g merking (kyn\u00fe\u00e1ttaleg, menningarleg, aldurstengd o.s.frv.)<\/strong><br \/><\/span><\/span><\/p><p><span style=\"font-weight: 300;\">Hvernig<\/span><span style=\"font-weight: 300;\"> G\u00e6ti \u00feetta gerst?\u00a0<\/span><\/p><p><span style=\"font-weight: 300;\">Sko\u00f0um aftur hvers vegna \u00fea\u00f0 er mikilv\u00e6gt a\u00f0 fj\u00e1rfesta meira \u00ed g\u00f6gnum.<\/span><\/p>\t\t\t\t\t\t\t\t<\/div>\n\t\t\t\t<div class=\"elementor-element elementor-element-8aba51c elementor-widget elementor-widget-image\" data-id=\"8aba51c\" data-element_type=\"widget\" data-e-type=\"widget\" data-widget_type=\"image.default\">\n\t\t\t\t\t\t\t\t\t\t\t\t\t\t\t<img loading=\"lazy\" decoding=\"async\" width=\"900\" height=\"506\" src=\"https:\/\/i0.wp.com\/melindaozel.com\/wp-content\/uploads\/2020\/10\/racial-cultural-age-related-bias-in-face-and-emotion-tracking-cover-FACS-facial-features-upper-lip-raiser.png?fit=900%2C506&amp;ssl=1\" class=\"attachment-large size-large wp-image-8311\" alt=\"Rass\u00edsk, menningarleg og aldurstengd for\u00fa\u00f0 \u00ed andlits- og tilfinningagreiningu: upplyftari efri varar\" srcset=\"https:\/\/i0.wp.com\/melindaozel.com\/wp-content\/uploads\/2020\/10\/racial-cultural-age-related-bias-in-face-and-emotion-tracking-cover-FACS-facial-features-upper-lip-raiser.png?w=960&amp;ssl=1 960w, https:\/\/i0.wp.com\/melindaozel.com\/wp-content\/uploads\/2020\/10\/racial-cultural-age-related-bias-in-face-and-emotion-tracking-cover-FACS-facial-features-upper-lip-raiser.png?resize=300%2C169&amp;ssl=1 300w, https:\/\/i0.wp.com\/melindaozel.com\/wp-content\/uploads\/2020\/10\/racial-cultural-age-related-bias-in-face-and-emotion-tracking-cover-FACS-facial-features-upper-lip-raiser.png?resize=768%2C432&amp;ssl=1 768w, https:\/\/i0.wp.com\/melindaozel.com\/wp-content\/uploads\/2020\/10\/racial-cultural-age-related-bias-in-face-and-emotion-tracking-cover-FACS-facial-features-upper-lip-raiser.png?resize=18%2C10&amp;ssl=1 18w, https:\/\/i0.wp.com\/melindaozel.com\/wp-content\/uploads\/2020\/10\/racial-cultural-age-related-bias-in-face-and-emotion-tracking-cover-FACS-facial-features-upper-lip-raiser.png?resize=889%2C500&amp;ssl=1 889w\" sizes=\"(max-width: 900px) 100vw, 900px\" \/>\t\t\t\t\t\t\t\t\t\t\t\t\t\t\t<\/div>\n\t\t\t\t<div class=\"elementor-element elementor-element-6f206db elementor-widget elementor-widget-text-editor\" data-id=\"6f206db\" data-element_type=\"widget\" data-e-type=\"widget\" data-widget_type=\"text-editor.default\">\n\t\t\t\t\t\t\t\t\t<p><span style=\"font-weight: 300;\"><span style=\"font-weight: 500;\"><span style=\"text-decoration: underline;\">Texti<\/span>: <strong>hlutdr\u00e6g merking (kyn\u00fe\u00e1ttaleg, menningarleg, aldurstengd o.s.frv.)<\/strong><br \/><\/span><\/span><\/p><p><span style=\"font-weight: 300;\">\u00cdhuga\u00f0u FACS-lagaformi\u00f0 \u201c<\/span><span style=\"font-weight: 300;\">efri varah\u00e6kkari<\/span><span style=\"font-weight: 300;\">.\u201d <\/span><span style=\"font-weight: 300;\">Efri varah\u00e6kkari<\/span><span style=\"font-weight: 300;\"> er lykil\u00fe\u00e1ttur \u00ed tilfinningum eins og <\/span><b>andstygg\u00f0<\/b><span style=\"font-weight: 300;\">, <\/span><b>rei\u00f0i<\/b><span style=\"font-weight: 300;\">,\u00a0<\/span><span style=\"font-weight: 300;\">og <\/span><b>fyrirlitning<\/b><span style=\"font-weight: 300;\">. <\/span><span style=\"font-weight: 300;\"><br \/><\/span><\/p><p><span style=\"font-weight: 300;\">Eiginleikar efri varalyftara eru me\u00f0al annars:<\/span><span style=\"font-weight: 300;\"><br \/><\/span><\/p><ul><li style=\"font-weight: 300;\" aria-level=\"1\"><span style=\"font-weight: 300;\">lyft efri varir<\/span><\/li><li style=\"font-weight: 300;\" aria-level=\"1\"><span style=\"font-weight: 300;\">hringlaga efri sv\u00e6\u00f0i nef-varaskorunnar <\/span><span style=\"font-weight: 300;\"><br \/><\/span><span style=\"font-weight: 300;\">(hl\u00e1turl\u00edna \u2013 sj\u00e1 mynd)<\/span><\/li><\/ul><p><strong>Athugi\u00f0<\/strong>Auk hugsanlegra hlutdr\u00e6gni \u00ed merkingu andlitshreyfinga er einnig veruleg deila um kenningu um grunntilfinningar (t.d. grunntilfinningager\u00f0ir eins og fyrirlitningu, rei\u00f0i o.s.frv.) almennt. Sj\u00e1 \u201c\u2018<a href=\"https:\/\/melindaozel.com\/its-all-in-the-eyes-and-other-lies\/\" target=\"_blank\" rel=\"noopener\">\u00dea\u00f0 er allt \u00ed augunum og a\u00f0rar lygar.<\/a>\u201c<\/p>\t\t\t\t\t\t\t\t<\/div>\n\t\t\t\t<div class=\"elementor-element elementor-element-d7a4aff elementor-widget elementor-widget-image\" data-id=\"d7a4aff\" data-element_type=\"widget\" data-e-type=\"widget\" data-widget_type=\"image.default\">\n\t\t\t\t\t\t\t\t\t\t\t\t\t\t\t<img loading=\"lazy\" decoding=\"async\" width=\"900\" height=\"506\" src=\"https:\/\/i0.wp.com\/melindaozel.com\/wp-content\/uploads\/2020\/10\/racial-cultural-age-related-bias-in-face-and-emotion-tracking-cover-FACS-facial-features-nasolabial-furrow-lines.png?fit=900%2C506&amp;ssl=1\" class=\"attachment-large size-large wp-image-8315\" alt=\"Rass\u00edsk, menningarleg og aldurstengd for\u00fa\u00f0 \u00ed andlits- og tilfinningagreiningu: nasolabial br\u00fan\" srcset=\"https:\/\/i0.wp.com\/melindaozel.com\/wp-content\/uploads\/2020\/10\/racial-cultural-age-related-bias-in-face-and-emotion-tracking-cover-FACS-facial-features-nasolabial-furrow-lines.png?w=960&amp;ssl=1 960w, https:\/\/i0.wp.com\/melindaozel.com\/wp-content\/uploads\/2020\/10\/racial-cultural-age-related-bias-in-face-and-emotion-tracking-cover-FACS-facial-features-nasolabial-furrow-lines.png?resize=300%2C169&amp;ssl=1 300w, https:\/\/i0.wp.com\/melindaozel.com\/wp-content\/uploads\/2020\/10\/racial-cultural-age-related-bias-in-face-and-emotion-tracking-cover-FACS-facial-features-nasolabial-furrow-lines.png?resize=768%2C432&amp;ssl=1 768w, https:\/\/i0.wp.com\/melindaozel.com\/wp-content\/uploads\/2020\/10\/racial-cultural-age-related-bias-in-face-and-emotion-tracking-cover-FACS-facial-features-nasolabial-furrow-lines.png?resize=18%2C10&amp;ssl=1 18w, https:\/\/i0.wp.com\/melindaozel.com\/wp-content\/uploads\/2020\/10\/racial-cultural-age-related-bias-in-face-and-emotion-tracking-cover-FACS-facial-features-nasolabial-furrow-lines.png?resize=889%2C500&amp;ssl=1 889w\" sizes=\"(max-width: 900px) 100vw, 900px\" \/>\t\t\t\t\t\t\t\t\t\t\t\t\t\t\t<\/div>\n\t\t\t\t<div class=\"elementor-element elementor-element-1c10953 elementor-widget elementor-widget-text-editor\" data-id=\"1c10953\" data-element_type=\"widget\" data-e-type=\"widget\" data-widget_type=\"text-editor.default\">\n\t\t\t\t\t\t\t\t\t<p><span style=\"font-weight: 300;\"><span style=\"font-weight: 500;\"><span style=\"text-decoration: underline;\">Texti<\/span>: <strong>hlutdr\u00e6g merking (kyn\u00fe\u00e1ttaleg, menningarleg, aldurstengd o.s.frv.)<\/strong><br \/><\/span><\/span><\/p><p><span style=\"font-weight: 300;\">Sumir hafa meiri k\u00falu \u00ed nasolab\u00edalbr\u00faninni.<\/span><\/p><p><span style=\"font-weight: 300;\">\u00deetta er einfaldlega afur\u00f0 af e\u00f0lisl\u00e6gum andlitsuppbyggingu \u00feeirra.<\/span><\/p>\t\t\t\t\t\t\t\t<\/div>\n\t\t\t\t<div class=\"elementor-element elementor-element-8383fe1 elementor-widget elementor-widget-image\" data-id=\"8383fe1\" data-element_type=\"widget\" data-e-type=\"widget\" data-widget_type=\"image.default\">\n\t\t\t\t\t\t\t\t\t\t\t\t\t\t\t<img loading=\"lazy\" decoding=\"async\" width=\"900\" height=\"506\" src=\"https:\/\/i0.wp.com\/melindaozel.com\/wp-content\/uploads\/2020\/10\/racial-cultural-age-related-bias-in-face-and-emotion-tracking-cover-FACS-facial-features-diverse-data.png?fit=900%2C506&amp;ssl=1\" class=\"attachment-large size-large wp-image-8317\" alt=\"Rass\u00edsk, menningarleg og aldurstengd for\u00fa\u00f0 \u00ed andlits- og tilfinningagreiningu: nasolabial br\u00fan\" srcset=\"https:\/\/i0.wp.com\/melindaozel.com\/wp-content\/uploads\/2020\/10\/racial-cultural-age-related-bias-in-face-and-emotion-tracking-cover-FACS-facial-features-diverse-data.png?w=960&amp;ssl=1 960w, https:\/\/i0.wp.com\/melindaozel.com\/wp-content\/uploads\/2020\/10\/racial-cultural-age-related-bias-in-face-and-emotion-tracking-cover-FACS-facial-features-diverse-data.png?resize=300%2C169&amp;ssl=1 300w, https:\/\/i0.wp.com\/melindaozel.com\/wp-content\/uploads\/2020\/10\/racial-cultural-age-related-bias-in-face-and-emotion-tracking-cover-FACS-facial-features-diverse-data.png?resize=768%2C432&amp;ssl=1 768w, https:\/\/i0.wp.com\/melindaozel.com\/wp-content\/uploads\/2020\/10\/racial-cultural-age-related-bias-in-face-and-emotion-tracking-cover-FACS-facial-features-diverse-data.png?resize=18%2C10&amp;ssl=1 18w, https:\/\/i0.wp.com\/melindaozel.com\/wp-content\/uploads\/2020\/10\/racial-cultural-age-related-bias-in-face-and-emotion-tracking-cover-FACS-facial-features-diverse-data.png?resize=889%2C500&amp;ssl=1 889w\" sizes=\"(max-width: 900px) 100vw, 900px\" \/>\t\t\t\t\t\t\t\t\t\t\t\t\t\t\t<\/div>\n\t\t\t\t<div class=\"elementor-element elementor-element-47a96ac elementor-widget elementor-widget-text-editor\" data-id=\"47a96ac\" data-element_type=\"widget\" data-e-type=\"widget\" data-widget_type=\"text-editor.default\">\n\t\t\t\t\t\t\t\t\t<p><span style=\"font-weight: 300;\"><span style=\"font-weight: 500;\"><span style=\"text-decoration: underline;\">Texti<\/span>: <strong>hlutdr\u00e6g merking (kyn\u00fe\u00e1ttaleg, menningarleg, aldurstengd o.s.frv.)<\/strong><br \/><\/span><\/span><\/p><p><span style=\"font-weight: 300;\">Merki sem ekki er n\u00e6gilega kunnugt um Facial Action Coding System getur au\u00f0veldlega merkt f\u00f3lk sem hefur \u00f3\u00fatfylltar nasolab\u00edalbr\u00fanir vegna skorts \u00e1 andlitshreyfingum sem a\u00f0 hafa <\/span><span style=\"font-weight: 300;\">efri varah\u00e6kkari<\/span><span style=\"font-weight: 300;\">.<\/span><\/p><p><span style=\"font-weight: 300;\">\u00deessir rangir merkimi\u00f0ar f\u00e6\u00f0a rakara sem er \u00fej\u00e1lfa\u00f0ur til a\u00f0 greina andlit me\u00f0 \u00e1kve\u00f0na uppbyggingu sem tj\u00e1 <\/span><span style=\"font-weight: 300;\">efri varah\u00e6kkari<\/span><span style=\"font-weight: 300;\"> \u2013 jafnvel \u00feegar \u00feau eru hlutlaus e\u00f0a brosa.<\/span><span style=\"font-weight: 300;\"><br \/><\/span><\/p><p><span style=\"font-weight: 300;\">A\u00f0 afla s\u00e9r \u201cfj\u00f6lbreytts gagnasafns\u201d skiptir engu m\u00e1li ef merkimi\u00f0ar \u00fe\u00ednir eru \u00f3n\u00e1kv\u00e6mir.<\/span><\/p><p><span style=\"font-weight: 300;\">Sl\u00edk \u00fej\u00e1lfun sk\u00fdrir ni\u00f0urst\u00f6\u00f0ur Lauren Rhue fr\u00e1<\/span> <b>A\u00f0 skilja falna hlutdr\u00e6gni \u00ed tilfinningalestrar gervigreindum<\/b><span style=\"font-weight: 300;\">.<\/span><\/p>\t\t\t\t\t\t\t\t<\/div>\n\t\t\t\t<div class=\"elementor-element elementor-element-b2351a7 elementor-widget elementor-widget-image\" data-id=\"b2351a7\" data-element_type=\"widget\" data-e-type=\"widget\" data-widget_type=\"image.default\">\n\t\t\t\t\t\t\t\t\t\t\t\t\t\t\t<img loading=\"lazy\" decoding=\"async\" width=\"900\" height=\"506\" src=\"https:\/\/i0.wp.com\/melindaozel.com\/wp-content\/uploads\/2020\/10\/racial-cultural-age-related-bias-in-face-and-emotion-tracking-cover-FACS-holistic-emotion-labeling..png?fit=900%2C506&amp;ssl=1\" class=\"attachment-large size-large wp-image-8319\" alt=\"Rass\u00edsk, menningarleg og aldurstengd for\u00fa\u00f0 \u00ed andlits- og tilfinningagreiningu: Heildr\u00e6n tilfinningamerking\" srcset=\"https:\/\/i0.wp.com\/melindaozel.com\/wp-content\/uploads\/2020\/10\/racial-cultural-age-related-bias-in-face-and-emotion-tracking-cover-FACS-holistic-emotion-labeling..png?w=960&amp;ssl=1 960w, https:\/\/i0.wp.com\/melindaozel.com\/wp-content\/uploads\/2020\/10\/racial-cultural-age-related-bias-in-face-and-emotion-tracking-cover-FACS-holistic-emotion-labeling..png?resize=300%2C169&amp;ssl=1 300w, https:\/\/i0.wp.com\/melindaozel.com\/wp-content\/uploads\/2020\/10\/racial-cultural-age-related-bias-in-face-and-emotion-tracking-cover-FACS-holistic-emotion-labeling..png?resize=768%2C432&amp;ssl=1 768w, https:\/\/i0.wp.com\/melindaozel.com\/wp-content\/uploads\/2020\/10\/racial-cultural-age-related-bias-in-face-and-emotion-tracking-cover-FACS-holistic-emotion-labeling..png?resize=18%2C10&amp;ssl=1 18w, https:\/\/i0.wp.com\/melindaozel.com\/wp-content\/uploads\/2020\/10\/racial-cultural-age-related-bias-in-face-and-emotion-tracking-cover-FACS-holistic-emotion-labeling..png?resize=889%2C500&amp;ssl=1 889w\" sizes=\"(max-width: 900px) 100vw, 900px\" \/>\t\t\t\t\t\t\t\t\t\t\t\t\t\t\t<\/div>\n\t\t\t\t<div class=\"elementor-element elementor-element-1ab8979 elementor-widget elementor-widget-text-editor\" data-id=\"1ab8979\" data-element_type=\"widget\" data-e-type=\"widget\" data-widget_type=\"text-editor.default\">\n\t\t\t\t\t\t\t\t\t<p><span style=\"font-weight: 300;\"><span style=\"font-weight: 500;\"><span style=\"text-decoration: underline;\">Texti<\/span>: <strong>hlutdr\u00e6g merking (kyn\u00fe\u00e1ttaleg, menningarleg, aldurstengd o.s.frv.)<\/strong><br \/><\/span><\/span><\/p><p><span style=\"font-weight: 300;\">Vi\u00f0vera hlutdr\u00e6gra tilfinningamerkinga mun halda \u00e1fram jafnvel \u00fe\u00f3tt \u00fe\u00fa v\u00edkist fr\u00e1 FACS-mi\u00f0a\u00f0ri n\u00e1lgun og reynir a\u00f0 l\u00e1ta merkjendur flokka tilfinningar heildst\u00e6tt.<\/span><\/p>\t\t\t\t\t\t\t\t<\/div>\n\t\t\t\t<div class=\"elementor-element elementor-element-56fa2de elementor-widget elementor-widget-image\" data-id=\"56fa2de\" data-element_type=\"widget\" data-e-type=\"widget\" data-widget_type=\"image.default\">\n\t\t\t\t\t\t\t\t\t\t\t\t\t\t\t<img loading=\"lazy\" decoding=\"async\" width=\"900\" height=\"506\" src=\"https:\/\/i0.wp.com\/melindaozel.com\/wp-content\/uploads\/2020\/10\/racial-cultural-age-related-bias-in-face-and-emotion-tracking-cover-FACS-east-asian-western.png?fit=900%2C506&amp;ssl=1\" class=\"attachment-large size-large wp-image-8321\" alt=\"Rass\u00edsk, menningarleg og aldurstengd for\u00fa\u00f0 \u00ed andlits- og tilfinningagreiningu\" srcset=\"https:\/\/i0.wp.com\/melindaozel.com\/wp-content\/uploads\/2020\/10\/racial-cultural-age-related-bias-in-face-and-emotion-tracking-cover-FACS-east-asian-western.png?w=960&amp;ssl=1 960w, https:\/\/i0.wp.com\/melindaozel.com\/wp-content\/uploads\/2020\/10\/racial-cultural-age-related-bias-in-face-and-emotion-tracking-cover-FACS-east-asian-western.png?resize=300%2C169&amp;ssl=1 300w, https:\/\/i0.wp.com\/melindaozel.com\/wp-content\/uploads\/2020\/10\/racial-cultural-age-related-bias-in-face-and-emotion-tracking-cover-FACS-east-asian-western.png?resize=768%2C432&amp;ssl=1 768w, https:\/\/i0.wp.com\/melindaozel.com\/wp-content\/uploads\/2020\/10\/racial-cultural-age-related-bias-in-face-and-emotion-tracking-cover-FACS-east-asian-western.png?resize=18%2C10&amp;ssl=1 18w, https:\/\/i0.wp.com\/melindaozel.com\/wp-content\/uploads\/2020\/10\/racial-cultural-age-related-bias-in-face-and-emotion-tracking-cover-FACS-east-asian-western.png?resize=889%2C500&amp;ssl=1 889w\" sizes=\"(max-width: 900px) 100vw, 900px\" \/>\t\t\t\t\t\t\t\t\t\t\t\t\t\t\t<\/div>\n\t\t\t\t<div class=\"elementor-element elementor-element-95f5002 elementor-widget elementor-widget-text-editor\" data-id=\"95f5002\" data-element_type=\"widget\" data-e-type=\"widget\" data-widget_type=\"text-editor.default\">\n\t\t\t\t\t\t\t\t\t<p><span style=\"font-weight: 300;\"><span style=\"font-weight: 500;\"><span style=\"text-decoration: underline;\">Texti<\/span>: <strong>hlutdr\u00e6g merking (kyn\u00fe\u00e1ttaleg, menningarleg, aldurstengd o.s.frv.)<\/strong><br \/><\/span><\/span><\/p><p><span style=\"font-weight: 500;\">Ef \u00fea\u00f0 er ekki lj\u00f3st hvers vegna heildr\u00e6n tilfinningamerking er jafn l\u00edkleg til a\u00f0 mistakast (ef ekki meira) \u2013 <\/span><b>H\u00e9r er endurmenntun<\/b><b>:<\/b><\/p><ul><li style=\"font-weight: 300;\" aria-level=\"1\"><span style=\"font-weight: 300;\">F\u00f3lk dregur mismunandi uppl\u00fdsingar \u00fat \u00feegar \u00fea\u00f0 horfir \u00e1 andlit og leitar a\u00f0 \u00f3l\u00edkum v\u00edsbendingum \u00feegar \u00fea\u00f0 t\u00falkar tilfinningar.\u00a0<\/span><\/li><li style=\"font-weight: 300;\" aria-level=\"1\"><span style=\"font-weight: 300;\">Menning hefur dj\u00fapst\u00e6\u00f0 \u00e1hrif \u00e1 \u00fea\u00f0 sem vi\u00f0 teljum ver\u00f0m\u00e6tar uppl\u00fdsingar og v\u00edsbendingar.<\/span><span style=\"font-weight: 300;\"><br \/><\/span><\/li><\/ul><p><span style=\"font-weight: 300;\">Ranns\u00f3knir hafa s\u00fdnt:<\/span><\/p><ul><li style=\"font-weight: 300;\" aria-level=\"2\"><b>Austur-as\u00edskur<\/b><span style=\"font-weight: 300;\"> \u00de\u00e1tttakendur hafa tilhneigingu til a\u00f0 einbeita s\u00e9r a\u00f0 mi\u00f0ju andlitsins, \u00ed kringum nefi\u00f0, og leggja meiri \u00e1herslu \u00e1 augun og augnsvipinn.\u00a0<\/span><\/li><li style=\"font-weight: 400;\" aria-level=\"2\"><b>Vesturkaukas\u00edskur <\/b><span style=\"font-weight: 300;\">\u00de\u00e1tttakendur hafa tilhneigingu til a\u00f0 leita a\u00f0 tilfinninga\u00adtj\u00e1ningum \u00ed augabr\u00fanum og munni.<\/span><\/li><li style=\"font-weight: 500;\" aria-level=\"2\"><span style=\"font-weight: 500;\">\u00deessar athyglisbreytingar skapa hlutdr\u00e6gni \u00feegar \u00fe\u00e1tttakendur horfa \u00e1 andlit me\u00f0 m\u00f3tsagnakenndum svipbrig\u00f0um.<br \/><\/span><span style=\"font-weight: 300;\">t.d. \u00feegar augun eru sorgm\u00e6dd en munnurinn gla\u00f0ur:<br \/><\/span><span style=\"font-weight: 300;\">\u2013 Japanskir \u00fe\u00e1tttakendur leggja meiri \u00e1herslu \u00e1 tilfinningu sem s\u00e9st \u00ed augunum.<br \/><\/span><span style=\"font-weight: 300;\">\u2013 Bandar\u00edskir \u00fe\u00e1tttakendur hafa meiri \u00e1huga \u00e1 munnholunni.<\/span><\/li><\/ul>\t\t\t\t\t\t\t\t<\/div>\n\t\t\t\t<div class=\"elementor-element elementor-element-360d312 elementor-widget elementor-widget-image\" data-id=\"360d312\" data-element_type=\"widget\" data-e-type=\"widget\" data-widget_type=\"image.default\">\n\t\t\t\t\t\t\t\t\t\t\t\t\t\t\t<img loading=\"lazy\" decoding=\"async\" width=\"900\" height=\"506\" src=\"https:\/\/i0.wp.com\/melindaozel.com\/wp-content\/uploads\/2020\/10\/racial-cultural-age-related-bias-in-face-and-emotion-tracking-cover-FACS-anarchy.png?fit=900%2C506&amp;ssl=1\" class=\"attachment-large size-large wp-image-8323\" alt=\"Rass\u00edsk, menningarleg og aldurstengd for\u00fa\u00f0 \u00ed andlits- og tilfinningagreiningu\" srcset=\"https:\/\/i0.wp.com\/melindaozel.com\/wp-content\/uploads\/2020\/10\/racial-cultural-age-related-bias-in-face-and-emotion-tracking-cover-FACS-anarchy.png?w=960&amp;ssl=1 960w, https:\/\/i0.wp.com\/melindaozel.com\/wp-content\/uploads\/2020\/10\/racial-cultural-age-related-bias-in-face-and-emotion-tracking-cover-FACS-anarchy.png?resize=300%2C169&amp;ssl=1 300w, https:\/\/i0.wp.com\/melindaozel.com\/wp-content\/uploads\/2020\/10\/racial-cultural-age-related-bias-in-face-and-emotion-tracking-cover-FACS-anarchy.png?resize=768%2C432&amp;ssl=1 768w, https:\/\/i0.wp.com\/melindaozel.com\/wp-content\/uploads\/2020\/10\/racial-cultural-age-related-bias-in-face-and-emotion-tracking-cover-FACS-anarchy.png?resize=18%2C10&amp;ssl=1 18w, https:\/\/i0.wp.com\/melindaozel.com\/wp-content\/uploads\/2020\/10\/racial-cultural-age-related-bias-in-face-and-emotion-tracking-cover-FACS-anarchy.png?resize=889%2C500&amp;ssl=1 889w\" sizes=\"(max-width: 900px) 100vw, 900px\" \/>\t\t\t\t\t\t\t\t\t\t\t\t\t\t\t<\/div>\n\t\t\t\t<div class=\"elementor-element elementor-element-d540e16 elementor-widget elementor-widget-text-editor\" data-id=\"d540e16\" data-element_type=\"widget\" data-e-type=\"widget\" data-widget_type=\"text-editor.default\">\n\t\t\t\t\t\t\t\t\t<p><span style=\"font-weight: 300;\"><span style=\"font-weight: 500;\"><span style=\"text-decoration: underline;\">Texti<\/span>Hva\u00f0 gerist \u00feegar \u00fe\u00fa notar FACS ekki r\u00e9tt?<\/span><\/span><\/p><ul><li style=\"list-style-type: none;\"><ul><li style=\"font-weight: 300;\" aria-level=\"1\"><span style=\"font-weight: 300;\">\u00d3r\u00e9tt flokkun tj\u00e1ninga<\/span><\/li><li style=\"font-weight: 300;\" aria-level=\"1\"><span style=\"font-weight: 300;\">\u00d3samr\u00e6mdar flokkanir tj\u00e1ninga<\/span><\/li><li style=\"font-weight: 300;\" aria-level=\"1\"><span style=\"font-weight: 300;\">hlutdr\u00e6g merking (kyn\u00fe\u00e1ttaleg, menningarleg, aldurstengd o.s.frv.)<\/span><\/li><li style=\"font-weight: 300;\" aria-level=\"1\"><span style=\"text-decoration: underline;\"><span style=\"font-weight: 300;\">\u00f3rei\u00f0a<\/span><\/span><ul><li style=\"list-style-type: none;\">\u00a0<\/li><\/ul><\/li><\/ul><\/li><\/ul><p><span style=\"font-weight: 300;\">Jafnvel \u00fe\u00f3tt \u00fe\u00fa notir FACS r\u00e9tt, mun alltaf vera hlutdr\u00e6gni og \u00f3regluleiki \u2013 en me\u00f0 \u00fev\u00ed a\u00f0 gr\u00edpa til varf\u00e6rinna a\u00f0ger\u00f0a m\u00e1 draga \u00far \u00feessum vandam\u00e1lum verulega.<\/span><\/p>\t\t\t\t\t\t\t\t<\/div>\n\t\t\t\t<div class=\"elementor-element elementor-element-89156e7 elementor-widget elementor-widget-image\" data-id=\"89156e7\" data-element_type=\"widget\" data-e-type=\"widget\" data-widget_type=\"image.default\">\n\t\t\t\t\t\t\t\t\t\t\t\t\t\t\t<img loading=\"lazy\" decoding=\"async\" width=\"900\" height=\"506\" src=\"https:\/\/i0.wp.com\/melindaozel.com\/wp-content\/uploads\/2020\/10\/racial-cultural-age-related-bias-in-face-and-emotion-tracking-cover-mitigating-bias.png?fit=900%2C506&amp;ssl=1\" class=\"attachment-large size-large wp-image-8327\" alt=\"Rass\u00edsk, menningarleg og aldurstengd ford\u00f3mar \u00ed andlits- og tilfinningagreiningu: A\u00f0 draga \u00far ford\u00f3mum\" srcset=\"https:\/\/i0.wp.com\/melindaozel.com\/wp-content\/uploads\/2020\/10\/racial-cultural-age-related-bias-in-face-and-emotion-tracking-cover-mitigating-bias.png?w=960&amp;ssl=1 960w, https:\/\/i0.wp.com\/melindaozel.com\/wp-content\/uploads\/2020\/10\/racial-cultural-age-related-bias-in-face-and-emotion-tracking-cover-mitigating-bias.png?resize=300%2C169&amp;ssl=1 300w, https:\/\/i0.wp.com\/melindaozel.com\/wp-content\/uploads\/2020\/10\/racial-cultural-age-related-bias-in-face-and-emotion-tracking-cover-mitigating-bias.png?resize=768%2C432&amp;ssl=1 768w, https:\/\/i0.wp.com\/melindaozel.com\/wp-content\/uploads\/2020\/10\/racial-cultural-age-related-bias-in-face-and-emotion-tracking-cover-mitigating-bias.png?resize=18%2C10&amp;ssl=1 18w, https:\/\/i0.wp.com\/melindaozel.com\/wp-content\/uploads\/2020\/10\/racial-cultural-age-related-bias-in-face-and-emotion-tracking-cover-mitigating-bias.png?resize=889%2C500&amp;ssl=1 889w\" sizes=\"(max-width: 900px) 100vw, 900px\" \/>\t\t\t\t\t\t\t\t\t\t\t\t\t\t\t<\/div>\n\t\t\t\t<div class=\"elementor-element elementor-element-7d9da2f elementor-widget elementor-widget-text-editor\" data-id=\"7d9da2f\" data-element_type=\"widget\" data-e-type=\"widget\" data-widget_type=\"text-editor.default\">\n\t\t\t\t\t\t\t\t\t<p><span style=\"font-weight: 300;\"><span style=\"font-weight: 500;\"><span style=\"text-decoration: underline;\">Texti<\/span>: <strong>\u00f3rei\u00f0a<\/strong><br \/><\/span><\/span><\/p><p><span style=\"font-weight: 300;\">Ef . . .\u00a0<\/span><\/p><ul><li style=\"font-weight: 300;\" aria-level=\"1\"><span style=\"font-weight: 300;\">Menning hefur \u00e1hrif \u00e1 hvernig vi\u00f0 t\u00falkum tj\u00e1ningar og tilfinningar.<\/span><\/li><li style=\"font-weight: 300;\" aria-level=\"1\"><span style=\"font-weight: 300;\">Umhverfis\u00e1reiti hafa \u00e1hrif \u00e1 hva\u00f0a v\u00edsbendingar vi\u00f0 sko\u00f0um til a\u00f0 meta andlit.<\/span><\/li><li style=\"font-weight: 300;\" aria-level=\"1\"><span style=\"font-weight: 300;\">\u00deekking \u00e1 andlitshreyfingum hefur \u00e1hrif \u00e1 hvernig vi\u00f0 nefnum tilfinninga\u00fatlit.<\/span><\/li><\/ul><p><span style=\"font-weight: 300;\">. . . Hva\u00f0 geta t\u00e6knifyrirt\u00e6ki gert til a\u00f0 draga \u00far \u00feessum mannlegum mist\u00f6kum og koma \u00ed veg fyrir a\u00f0 \u00feau leki\u00a0<\/span><span style=\"font-weight: 300;\">\u00ed reiknirit?<\/span><\/p>\t\t\t\t\t\t\t\t<\/div>\n\t\t\t\t<div class=\"elementor-element elementor-element-52e5215 elementor-widget elementor-widget-image\" data-id=\"52e5215\" data-element_type=\"widget\" data-e-type=\"widget\" data-widget_type=\"image.default\">\n\t\t\t\t\t\t\t\t\t\t\t\t\t\t\t<img loading=\"lazy\" decoding=\"async\" width=\"900\" height=\"506\" src=\"https:\/\/i0.wp.com\/melindaozel.com\/wp-content\/uploads\/2020\/10\/racial-cultural-age-related-bias-in-face-and-emotion-tracking-cover-reducing-bias.png?fit=900%2C506&amp;ssl=1\" class=\"attachment-large size-large wp-image-8330\" alt=\"Rass\u00edsk, menningarleg og aldurstengd ford\u00f3mar \u00ed andlits- og tilfinningagreiningu: A\u00f0 draga \u00far ford\u00f3mum\" srcset=\"https:\/\/i0.wp.com\/melindaozel.com\/wp-content\/uploads\/2020\/10\/racial-cultural-age-related-bias-in-face-and-emotion-tracking-cover-reducing-bias.png?w=960&amp;ssl=1 960w, https:\/\/i0.wp.com\/melindaozel.com\/wp-content\/uploads\/2020\/10\/racial-cultural-age-related-bias-in-face-and-emotion-tracking-cover-reducing-bias.png?resize=300%2C169&amp;ssl=1 300w, https:\/\/i0.wp.com\/melindaozel.com\/wp-content\/uploads\/2020\/10\/racial-cultural-age-related-bias-in-face-and-emotion-tracking-cover-reducing-bias.png?resize=768%2C432&amp;ssl=1 768w, https:\/\/i0.wp.com\/melindaozel.com\/wp-content\/uploads\/2020\/10\/racial-cultural-age-related-bias-in-face-and-emotion-tracking-cover-reducing-bias.png?resize=18%2C10&amp;ssl=1 18w, https:\/\/i0.wp.com\/melindaozel.com\/wp-content\/uploads\/2020\/10\/racial-cultural-age-related-bias-in-face-and-emotion-tracking-cover-reducing-bias.png?resize=889%2C500&amp;ssl=1 889w\" sizes=\"(max-width: 900px) 100vw, 900px\" \/>\t\t\t\t\t\t\t\t\t\t\t\t\t\t\t<\/div>\n\t\t\t\t<div class=\"elementor-element elementor-element-78f36ff elementor-widget elementor-widget-text-editor\" data-id=\"78f36ff\" data-element_type=\"widget\" data-e-type=\"widget\" data-widget_type=\"text-editor.default\">\n\t\t\t\t\t\t\t\t\t<p><span style=\"font-weight: 300;\"><span style=\"font-weight: 500;\"><span style=\"text-decoration: underline;\">Texti<\/span>: <\/span><\/span><span style=\"font-weight: 300;\">Hva\u00f0 geta t\u00e6knifyrirt\u00e6ki gert til a\u00f0 draga \u00far hlutdr\u00e6gni \u00ed andlitsrekningu?<\/span><span style=\"font-weight: 300;\"><br \/><\/span><\/p><ul><li style=\"font-weight: 500;\" aria-level=\"1\"><span style=\"font-weight: 500;\">T\u00e6knifyrirt\u00e6ki ver\u00f0a a\u00f0 gera s\u00e9r grein fyrir \u00fev\u00ed a\u00f0 <\/span><span style=\"font-weight: 500;\">Andlitsrekning hefur \u00fer\u00f3ast \u00fat fyrir verkfr\u00e6\u00f0ilegan ramma.<\/span><\/li><li style=\"font-weight: 500;\" aria-level=\"1\"><span style=\"font-weight: 500;\">T\u00e6knifyrirt\u00e6ki ver\u00f0a a\u00f0 <\/span><span style=\"font-weight: 500;\">Vi\u00f0urkenna t\u00e6knihli\u00f0 veikleika gagnvart hlutdr\u00e6gni og fr\u00e6\u00f0a starfsmenn um \u00feessa veikleika.<\/span><\/li><li style=\"font-weight: 500;\" aria-level=\"1\"><span style=\"font-weight: 500;\">T\u00e6knifyrirt\u00e6ki ver\u00f0a a\u00f0 <\/span><span style=\"font-weight: 500;\">Fj\u00e1rfesta meira \u00ed g\u00e6\u00f0um gagna.<\/span><\/li><\/ul>\t\t\t\t\t\t\t\t<\/div>\n\t\t\t\t<div class=\"elementor-element elementor-element-bc64a58 elementor-widget elementor-widget-image\" data-id=\"bc64a58\" data-element_type=\"widget\" data-e-type=\"widget\" data-widget_type=\"image.default\">\n\t\t\t\t\t\t\t\t\t\t\t\t\t\t\t<img loading=\"lazy\" decoding=\"async\" width=\"900\" height=\"506\" src=\"https:\/\/i0.wp.com\/melindaozel.com\/wp-content\/uploads\/2020\/10\/racial-cultural-age-related-bias-in-face-and-emotion-tracking-cover-investing-in-labelers.png?fit=900%2C506&amp;ssl=1\" class=\"attachment-large size-large wp-image-8331\" alt=\"Rass\u00edsk, menningarleg og aldurstengd ford\u00f3mar \u00ed andlits- og tilfinningagreiningu: A\u00f0 draga \u00far ford\u00f3mum\" srcset=\"https:\/\/i0.wp.com\/melindaozel.com\/wp-content\/uploads\/2020\/10\/racial-cultural-age-related-bias-in-face-and-emotion-tracking-cover-investing-in-labelers.png?w=960&amp;ssl=1 960w, https:\/\/i0.wp.com\/melindaozel.com\/wp-content\/uploads\/2020\/10\/racial-cultural-age-related-bias-in-face-and-emotion-tracking-cover-investing-in-labelers.png?resize=300%2C169&amp;ssl=1 300w, https:\/\/i0.wp.com\/melindaozel.com\/wp-content\/uploads\/2020\/10\/racial-cultural-age-related-bias-in-face-and-emotion-tracking-cover-investing-in-labelers.png?resize=768%2C432&amp;ssl=1 768w, https:\/\/i0.wp.com\/melindaozel.com\/wp-content\/uploads\/2020\/10\/racial-cultural-age-related-bias-in-face-and-emotion-tracking-cover-investing-in-labelers.png?resize=18%2C10&amp;ssl=1 18w, https:\/\/i0.wp.com\/melindaozel.com\/wp-content\/uploads\/2020\/10\/racial-cultural-age-related-bias-in-face-and-emotion-tracking-cover-investing-in-labelers.png?resize=889%2C500&amp;ssl=1 889w\" sizes=\"(max-width: 900px) 100vw, 900px\" \/>\t\t\t\t\t\t\t\t\t\t\t\t\t\t\t<\/div>\n\t\t\t\t<div class=\"elementor-element elementor-element-cfaaff2 elementor-widget elementor-widget-text-editor\" data-id=\"cfaaff2\" data-element_type=\"widget\" data-e-type=\"widget\" data-widget_type=\"text-editor.default\">\n\t\t\t\t\t\t\t\t\t<p><span style=\"font-weight: 300;\"><span style=\"font-weight: 500;\"><span style=\"text-decoration: underline;\">Texti<\/span>: <\/span><\/span><span style=\"font-weight: 500;\">A\u00f0 vi\u00f0urkenna framfarir \u00ed andlitsrekningart\u00e6kni, skilja veikleika hennar og fj\u00e1rfesta meira \u00ed g\u00e6\u00f0um gagna \u00fe\u00fd\u00f0ir . . .\u00a0<\/span><\/p><ul><li style=\"font-weight: 300;\" aria-level=\"1\"><span style=\"font-weight: 300;\">Reyndar <\/span><span style=\"font-weight: 300;\">\u00fathlutun starfsf\u00f3lks<\/span><span style=\"font-weight: 300;\"> \u00cd \u00e1tt a\u00f0 hlutverkum sem beinast a\u00f0 g\u00e6\u00f0um gagna \u2013 jafnvel \u00fe\u00f3 \u00fea\u00f0 krefjist \u00feess a\u00f0 draga \u00far fj\u00f6lda verkfr\u00e6\u00f0inga.<\/span><span style=\"font-weight: 300;\"><br \/><\/span><\/li><li style=\"font-weight: 300;\" aria-level=\"1\"><span style=\"font-weight: 300;\">A\u00f0 ey\u00f0a t\u00edma, orku, <\/span><span style=\"font-weight: 300;\">og<\/span><span style=\"font-weight: 300;\"> au\u00f0lindir<\/span><span style=\"font-weight: 300;\"> til <\/span><span style=\"font-weight: 300;\">Finndu gagnas\u00e9rfr\u00e6\u00f0inga. <\/span><span style=\"font-weight: 300;\">Ef \u00feetta er ekki m\u00f6gulegt, er \u00fea\u00f0 samt verkefni fyrirt\u00e6kisins a\u00f0 verja t\u00edma, orku og au\u00f0lindir til a\u00f0 \u00fej\u00e1lfa gagnas\u00e9rfr\u00e6\u00f0inga. <\/span><b>Flokkun andlitsdr\u00e6tti er mun fl\u00f3knari en flokkun grunnhluta eins og umfer\u00f0arlj\u00f3sa og \u00e6tti a\u00f0 me\u00f0h\u00f6ndla sem sl\u00edkt.<\/b><\/li><\/ul>\t\t\t\t\t\t\t\t<\/div>\n\t\t\t\t<div class=\"elementor-element elementor-element-0c81476 elementor-widget elementor-widget-image\" data-id=\"0c81476\" data-element_type=\"widget\" data-e-type=\"widget\" data-widget_type=\"image.default\">\n\t\t\t\t\t\t\t\t\t\t\t\t\t\t\t<img loading=\"lazy\" decoding=\"async\" width=\"900\" height=\"506\" src=\"https:\/\/i0.wp.com\/melindaozel.com\/wp-content\/uploads\/2020\/10\/racial-cultural-age-related-bias-in-face-and-emotion-tracking-reducing-biases-in-face-tracking.png?fit=900%2C506&amp;ssl=1\" class=\"attachment-large size-large wp-image-8333\" alt=\"Ras\u00edsk, menningarleg og aldurstengd for\u00fa\u00f0 \u00ed andlits- og tilfinningaeftirliti: A\u00f0 draga \u00far for\u00fa\u00f0 \u00ed andlitseftirliti\" srcset=\"https:\/\/i0.wp.com\/melindaozel.com\/wp-content\/uploads\/2020\/10\/racial-cultural-age-related-bias-in-face-and-emotion-tracking-reducing-biases-in-face-tracking.png?w=960&amp;ssl=1 960w, https:\/\/i0.wp.com\/melindaozel.com\/wp-content\/uploads\/2020\/10\/racial-cultural-age-related-bias-in-face-and-emotion-tracking-reducing-biases-in-face-tracking.png?resize=300%2C169&amp;ssl=1 300w, https:\/\/i0.wp.com\/melindaozel.com\/wp-content\/uploads\/2020\/10\/racial-cultural-age-related-bias-in-face-and-emotion-tracking-reducing-biases-in-face-tracking.png?resize=768%2C432&amp;ssl=1 768w, https:\/\/i0.wp.com\/melindaozel.com\/wp-content\/uploads\/2020\/10\/racial-cultural-age-related-bias-in-face-and-emotion-tracking-reducing-biases-in-face-tracking.png?resize=18%2C10&amp;ssl=1 18w, https:\/\/i0.wp.com\/melindaozel.com\/wp-content\/uploads\/2020\/10\/racial-cultural-age-related-bias-in-face-and-emotion-tracking-reducing-biases-in-face-tracking.png?resize=889%2C500&amp;ssl=1 889w\" sizes=\"(max-width: 900px) 100vw, 900px\" \/>\t\t\t\t\t\t\t\t\t\t\t\t\t\t\t<\/div>\n\t\t\t\t<div class=\"elementor-element elementor-element-8e8d0b8 elementor-widget elementor-widget-text-editor\" data-id=\"8e8d0b8\" data-element_type=\"widget\" data-e-type=\"widget\" data-widget_type=\"text-editor.default\">\n\t\t\t\t\t\t\t\t\t<p><span style=\"font-weight: 300;\"><span style=\"font-weight: 500;\"><span style=\"text-decoration: underline;\">Texti<\/span>: <\/span><\/span><span style=\"font-weight: 500;\">A\u00f0 draga \u00far hlutdr\u00e6gni \u00ed andlitsrekningu<\/span><\/p><p><span style=\"font-weight: 500;\">A\u00f0 vi\u00f0urkenna framfarir \u00ed andlitsrekningart\u00e6kni, skilja veikleika hennar og fj\u00e1rfesta meira \u00ed g\u00e6\u00f0um gagna \u00fe\u00fd\u00f0ir . . .\u00a0<\/span><span style=\"font-weight: 300;\"><br \/><\/span><\/p><ul><li><span style=\"font-weight: 300;\">Verkfr\u00e6\u00f0i, ranns\u00f3knir og v\u00f6rur \u00e6ttu ekki einfaldlega a\u00f0 segja g\u00f6gnum hva\u00f0 \u00feau \u00feurfa \u2013 heldur hlusta. <\/span><span style=\"font-weight: 300;\">a\u00f0 \u00fev\u00ed sem gagnateymin \u00feurfa. Gagnateymin hafa mestan skilning \u00e1 bak vi\u00f0 tj\u00f6ldin vinnu sem \u00fearf til a\u00f0 reiknirit virki. <\/span><b>H\u00e9r mistakast m\u00f6rg fyrirt\u00e6ki.<\/b><\/li><li style=\"font-weight: 300;\" aria-level=\"1\"><span style=\"font-weight: 300;\">Krefjast \u00feess a\u00f0 starfsmenn \u00ed gagnami\u00f0u\u00f0um hlutverkum komi reglulega \u00ed snertingu vi\u00f0 verkfr\u00e6\u00f0iteymi, ranns\u00f3knarteymi og v\u00f6ruteymi.<\/span><\/li><\/ul>\t\t\t\t\t\t\t\t<\/div>\n\t\t\t\t<div class=\"elementor-element elementor-element-d5f5260 elementor-widget elementor-widget-image\" data-id=\"d5f5260\" data-element_type=\"widget\" data-e-type=\"widget\" data-widget_type=\"image.default\">\n\t\t\t\t\t\t\t\t\t\t\t\t\t\t\t<img loading=\"lazy\" decoding=\"async\" width=\"900\" height=\"506\" src=\"https:\/\/i0.wp.com\/melindaozel.com\/wp-content\/uploads\/2020\/10\/racial-cultural-age-related-bias-in-face-and-emotion-tracking-proper-training.png?fit=900%2C506&amp;ssl=1\" class=\"attachment-large size-large wp-image-8335\" alt=\"Ras\u00edsk, menningarleg og aldurstengd for\u00fa\u00f0 \u00ed andlits- og tilfinningagreiningu: r\u00e9tt \u00fej\u00e1lfun\" srcset=\"https:\/\/i0.wp.com\/melindaozel.com\/wp-content\/uploads\/2020\/10\/racial-cultural-age-related-bias-in-face-and-emotion-tracking-proper-training.png?w=960&amp;ssl=1 960w, https:\/\/i0.wp.com\/melindaozel.com\/wp-content\/uploads\/2020\/10\/racial-cultural-age-related-bias-in-face-and-emotion-tracking-proper-training.png?resize=300%2C169&amp;ssl=1 300w, https:\/\/i0.wp.com\/melindaozel.com\/wp-content\/uploads\/2020\/10\/racial-cultural-age-related-bias-in-face-and-emotion-tracking-proper-training.png?resize=768%2C432&amp;ssl=1 768w, https:\/\/i0.wp.com\/melindaozel.com\/wp-content\/uploads\/2020\/10\/racial-cultural-age-related-bias-in-face-and-emotion-tracking-proper-training.png?resize=18%2C10&amp;ssl=1 18w, https:\/\/i0.wp.com\/melindaozel.com\/wp-content\/uploads\/2020\/10\/racial-cultural-age-related-bias-in-face-and-emotion-tracking-proper-training.png?resize=889%2C500&amp;ssl=1 889w\" sizes=\"(max-width: 900px) 100vw, 900px\" \/>\t\t\t\t\t\t\t\t\t\t\t\t\t\t\t<\/div>\n\t\t\t\t<div class=\"elementor-element elementor-element-857bf73 elementor-widget elementor-widget-text-editor\" data-id=\"857bf73\" data-element_type=\"widget\" data-e-type=\"widget\" data-widget_type=\"text-editor.default\">\n\t\t\t\t\t\t\t\t\t<p><span style=\"font-weight: 300;\"><span style=\"font-weight: 500;\"><span style=\"text-decoration: underline;\">Texti<\/span>: <\/span><\/span><span style=\"font-weight: 500;\">A\u00f0 draga \u00far hlutdr\u00e6gni \u00ed andlitsrekningu<\/span><\/p><p><span style=\"font-weight: 500;\">A\u00f0 vi\u00f0urkenna framfarir \u00ed andlitsrekningart\u00e6kni, skilja veikleika hennar og fj\u00e1rfesta meira \u00ed g\u00e6\u00f0um gagna \u00fe\u00fd\u00f0ir . . .\u00a0<\/span><\/p><ul><li style=\"font-weight: 300;\" aria-level=\"1\"><span style=\"font-weight: 300;\">Fr\u00e6\u00f0a starfsmenn um raunveruleika hlutdr\u00e6gni \u00ed t\u00e6kni.<\/span><\/li><li style=\"font-weight: 300;\" aria-level=\"1\"><span style=\"font-weight: 300;\">A\u00f0 gr\u00edpa til vi\u00f0eigandi var\u00fa\u00f0arr\u00e1\u00f0stafana til <\/span><span style=\"font-weight: 300;\">Sta\u00f0la og skilgreina merkingu.<\/span><\/li><li style=\"font-weight: 300;\" aria-level=\"1\"><span style=\"font-weight: 300;\">Alltaf <\/span><span style=\"font-weight: 300;\">\u00cdhuga hven\u00e6r og hvar hlutdr\u00e6gni getur komi\u00f0 fram.<br \/><\/span><span style=\"font-weight: 300;\">\u2013 Hver er a\u00f0 merkja?<br \/><\/span><span style=\"font-weight: 300;\">\u2013 Hva\u00f0 eru \u00feeir a\u00f0 merkja?<br \/><\/span><span style=\"font-weight: 300;\">\u2013 Hva\u00f0a \u00fe\u00e6ttir g\u00e6tu haft \u00e1hrif \u00e1 merkingu \u00feeirra?<br \/>* <\/span><span style=\"font-weight: 300;\"><strong>skapi <\/strong>* <\/span><span style=\"font-weight: 300;\"><strong>menning<\/strong> * <\/span><strong>reynsla<\/strong><\/li><\/ul>\t\t\t\t\t\t\t\t<\/div>\n\t\t\t\t<div class=\"elementor-element elementor-element-97bcf25 elementor-widget elementor-widget-image\" data-id=\"97bcf25\" data-element_type=\"widget\" data-e-type=\"widget\" data-widget_type=\"image.default\">\n\t\t\t\t\t\t\t\t\t\t\t\t\t\t\t<img loading=\"lazy\" decoding=\"async\" width=\"900\" height=\"506\" src=\"https:\/\/i0.wp.com\/melindaozel.com\/wp-content\/uploads\/2020\/10\/racial-cultural-age-related-bias-in-face-and-emotion-tracking-static-images.png?fit=900%2C506&amp;ssl=1\" class=\"attachment-large size-large wp-image-8337\" alt=\"Ras\u00edsk, menningarleg og aldursbundin for\u00fa\u00f0l \u00ed andlits- og tilfinningagreiningu: kyrrmyndir\" srcset=\"https:\/\/i0.wp.com\/melindaozel.com\/wp-content\/uploads\/2020\/10\/racial-cultural-age-related-bias-in-face-and-emotion-tracking-static-images.png?w=960&amp;ssl=1 960w, https:\/\/i0.wp.com\/melindaozel.com\/wp-content\/uploads\/2020\/10\/racial-cultural-age-related-bias-in-face-and-emotion-tracking-static-images.png?resize=300%2C169&amp;ssl=1 300w, https:\/\/i0.wp.com\/melindaozel.com\/wp-content\/uploads\/2020\/10\/racial-cultural-age-related-bias-in-face-and-emotion-tracking-static-images.png?resize=768%2C432&amp;ssl=1 768w, https:\/\/i0.wp.com\/melindaozel.com\/wp-content\/uploads\/2020\/10\/racial-cultural-age-related-bias-in-face-and-emotion-tracking-static-images.png?resize=18%2C10&amp;ssl=1 18w, https:\/\/i0.wp.com\/melindaozel.com\/wp-content\/uploads\/2020\/10\/racial-cultural-age-related-bias-in-face-and-emotion-tracking-static-images.png?resize=889%2C500&amp;ssl=1 889w\" sizes=\"(max-width: 900px) 100vw, 900px\" \/>\t\t\t\t\t\t\t\t\t\t\t\t\t\t\t<\/div>\n\t\t\t\t<div class=\"elementor-element elementor-element-e7df231 elementor-widget elementor-widget-text-editor\" data-id=\"e7df231\" data-element_type=\"widget\" data-e-type=\"widget\" data-widget_type=\"text-editor.default\">\n\t\t\t\t\t\t\t\t\t<p><span style=\"font-weight: 300;\"><span style=\"font-weight: 500;\"><span style=\"text-decoration: underline;\">Texti<\/span>: <\/span><\/span><span style=\"font-weight: 500;\">A\u00f0 draga \u00far hlutdr\u00e6gni \u00ed andlitsrekningu<\/span><\/p><p><span style=\"font-weight: 500;\">A\u00f0 vi\u00f0urkenna framfarir \u00ed andlitsrekningart\u00e6kni, skilja veikleika hennar og fj\u00e1rfesta meira \u00ed g\u00e6\u00f0um gagna \u00fe\u00fd\u00f0ir . . .\u00a0<\/span><\/p><p><b>Hli\u00f0art\u00f3ni:<\/b> <span style=\"font-weight: 300;\">H\u00e6ttu a\u00f0 merkja tj\u00e1ningar \u00far kyrrmyndum.<\/span><span style=\"font-weight: 300;\"><br \/><\/span><\/p><ul><li><span style=\"font-weight: 300;\">N\u00e1kv\u00e6m FACS og tilfinningamerking byggist a\u00f0 miklu leyti \u00e1 \u00fev\u00ed a\u00f0 sj\u00e1 hreyfingu.<\/span><span style=\"font-weight: 300;\"><br \/><\/span><\/li><li><span style=\"font-weight: 300;\">Ef hreyfing v\u00e6ri l\u00f6g\u00f0 meiri \u00e1hersla \u00e1, v\u00e6ru kyrrst\u00e6\u00f0ir andlitsdr\u00e6ttir eins og ni\u00f0url\u00fate horn varanna og bogadregin nasolabial br\u00fan \u00f3l\u00edklegri til a\u00f0 virkja skynjun \u00e1 <\/span><span style=\"font-weight: 300;\">L\u00e6bhorns\u00fer\u00fdstari<\/span><span style=\"font-weight: 300;\"> og <\/span><span style=\"font-weight: 300;\">efri varah\u00e6kkari <\/span><span style=\"font-weight: 300;\">(\u00ed s\u00f6mu r\u00f6\u00f0).<\/span><\/li><\/ul>\t\t\t\t\t\t\t\t<\/div>\n\t\t\t\t<div class=\"elementor-element elementor-element-ed512e7 elementor-widget elementor-widget-image\" data-id=\"ed512e7\" data-element_type=\"widget\" data-e-type=\"widget\" data-widget_type=\"image.default\">\n\t\t\t\t\t\t\t\t\t\t\t\t\t\t\t<img loading=\"lazy\" decoding=\"async\" width=\"900\" height=\"506\" src=\"https:\/\/i0.wp.com\/melindaozel.com\/wp-content\/uploads\/2020\/10\/racial-cultural-age-related-bias-in-face-and-emotion-tracking-closing.png?fit=900%2C506&amp;ssl=1\" class=\"attachment-large size-large wp-image-8339\" alt=\"Rass\u00edskir, menningarlegir og aldurstengdir ford\u00f3mar \u00ed andlits- og tilfinningagreiningu: Lokaeinkunnir\" srcset=\"https:\/\/i0.wp.com\/melindaozel.com\/wp-content\/uploads\/2020\/10\/racial-cultural-age-related-bias-in-face-and-emotion-tracking-closing.png?w=960&amp;ssl=1 960w, https:\/\/i0.wp.com\/melindaozel.com\/wp-content\/uploads\/2020\/10\/racial-cultural-age-related-bias-in-face-and-emotion-tracking-closing.png?resize=300%2C169&amp;ssl=1 300w, https:\/\/i0.wp.com\/melindaozel.com\/wp-content\/uploads\/2020\/10\/racial-cultural-age-related-bias-in-face-and-emotion-tracking-closing.png?resize=768%2C432&amp;ssl=1 768w, https:\/\/i0.wp.com\/melindaozel.com\/wp-content\/uploads\/2020\/10\/racial-cultural-age-related-bias-in-face-and-emotion-tracking-closing.png?resize=18%2C10&amp;ssl=1 18w, https:\/\/i0.wp.com\/melindaozel.com\/wp-content\/uploads\/2020\/10\/racial-cultural-age-related-bias-in-face-and-emotion-tracking-closing.png?resize=889%2C500&amp;ssl=1 889w\" sizes=\"(max-width: 900px) 100vw, 900px\" \/>\t\t\t\t\t\t\t\t\t\t\t\t\t\t\t<\/div>\n\t\t\t\t<div class=\"elementor-element elementor-element-69ade8a elementor-widget elementor-widget-text-editor\" data-id=\"69ade8a\" data-element_type=\"widget\" data-e-type=\"widget\" data-widget_type=\"text-editor.default\">\n\t\t\t\t\t\t\t\t\t<p><span style=\"font-weight: 300;\"><span style=\"font-weight: 500;\"><span style=\"text-decoration: underline;\">Texti<\/span>: <\/span><\/span><span style=\"font-weight: 500;\">A\u00f0 draga \u00far hlutdr\u00e6gni \u00ed andlitsrekningu<\/span><\/p><p><span style=\"font-weight: 300;\">Lokunottur . . .\u00a0<\/span><\/p>\t\t\t\t\t\t\t\t<\/div>\n\t\t\t\t<div class=\"elementor-element elementor-element-1991a67 elementor-widget elementor-widget-image\" data-id=\"1991a67\" data-element_type=\"widget\" data-e-type=\"widget\" data-widget_type=\"image.default\">\n\t\t\t\t\t\t\t\t\t\t\t\t\t\t\t<img loading=\"lazy\" decoding=\"async\" width=\"900\" height=\"506\" src=\"https:\/\/i0.wp.com\/melindaozel.com\/wp-content\/uploads\/2020\/10\/racial-cultural-age-related-bias-in-face-and-emotion-tracking-ramifications.png?fit=900%2C506&amp;ssl=1\" class=\"attachment-large size-large wp-image-8340\" alt=\"Rass\u00edsk, menningarleg og aldurstengd fordomar \u00ed andlits- og tilfinningagreiningu: Aflei\u00f0ingar\" srcset=\"https:\/\/i0.wp.com\/melindaozel.com\/wp-content\/uploads\/2020\/10\/racial-cultural-age-related-bias-in-face-and-emotion-tracking-ramifications.png?w=960&amp;ssl=1 960w, https:\/\/i0.wp.com\/melindaozel.com\/wp-content\/uploads\/2020\/10\/racial-cultural-age-related-bias-in-face-and-emotion-tracking-ramifications.png?resize=300%2C169&amp;ssl=1 300w, https:\/\/i0.wp.com\/melindaozel.com\/wp-content\/uploads\/2020\/10\/racial-cultural-age-related-bias-in-face-and-emotion-tracking-ramifications.png?resize=768%2C432&amp;ssl=1 768w, https:\/\/i0.wp.com\/melindaozel.com\/wp-content\/uploads\/2020\/10\/racial-cultural-age-related-bias-in-face-and-emotion-tracking-ramifications.png?resize=18%2C10&amp;ssl=1 18w, https:\/\/i0.wp.com\/melindaozel.com\/wp-content\/uploads\/2020\/10\/racial-cultural-age-related-bias-in-face-and-emotion-tracking-ramifications.png?resize=889%2C500&amp;ssl=1 889w\" sizes=\"(max-width: 900px) 100vw, 900px\" \/>\t\t\t\t\t\t\t\t\t\t\t\t\t\t\t<\/div>\n\t\t\t\t<div class=\"elementor-element elementor-element-5df366e elementor-widget elementor-widget-text-editor\" data-id=\"5df366e\" data-element_type=\"widget\" data-e-type=\"widget\" data-widget_type=\"text-editor.default\">\n\t\t\t\t\t\t\t\t\t<p><span style=\"font-weight: 300;\"><span style=\"font-weight: 500;\"><span style=\"text-decoration: underline;\">Texti<\/span>: <\/span><\/span><span style=\"font-weight: 500;\">A\u00f0 draga \u00far hlutdr\u00e6gni \u00ed andlitsrekningu<\/span><\/p><p><span style=\"font-weight: 300;\">\u00dev\u00ed meira sem vi\u00f0 tr\u00faum \u00e1 t\u00e6kni og treystum \u00e1 hana,\u00a0<\/span><span style=\"font-weight: 300;\">\u00dev\u00ed fleiri aflei\u00f0ingar munu \u00feessi hlutdr\u00e6gni hafa.<\/span><\/p>\t\t\t\t\t\t\t\t<\/div>\n\t\t\t\t<div class=\"elementor-element elementor-element-955dbf4 elementor-widget elementor-widget-image\" data-id=\"955dbf4\" data-element_type=\"widget\" data-e-type=\"widget\" data-widget_type=\"image.default\">\n\t\t\t\t\t\t\t\t\t\t\t\t\t\t\t<img loading=\"lazy\" decoding=\"async\" width=\"900\" height=\"506\" src=\"https:\/\/i0.wp.com\/melindaozel.com\/wp-content\/uploads\/2020\/10\/racial-cultural-age-related-bias-in-face-and-emotion-tracking-AI.png?fit=900%2C506&amp;ssl=1\" class=\"attachment-large size-large wp-image-8343\" alt=\"Ras\u00edsk, menningarleg og aldurstengd for\u00fa\u00f0 \u00ed andlits- og tilfinningagreiningu: Aflei\u00f0ingar fyrir gervigreind\" srcset=\"https:\/\/i0.wp.com\/melindaozel.com\/wp-content\/uploads\/2020\/10\/racial-cultural-age-related-bias-in-face-and-emotion-tracking-AI.png?w=960&amp;ssl=1 960w, https:\/\/i0.wp.com\/melindaozel.com\/wp-content\/uploads\/2020\/10\/racial-cultural-age-related-bias-in-face-and-emotion-tracking-AI.png?resize=300%2C169&amp;ssl=1 300w, https:\/\/i0.wp.com\/melindaozel.com\/wp-content\/uploads\/2020\/10\/racial-cultural-age-related-bias-in-face-and-emotion-tracking-AI.png?resize=768%2C432&amp;ssl=1 768w, https:\/\/i0.wp.com\/melindaozel.com\/wp-content\/uploads\/2020\/10\/racial-cultural-age-related-bias-in-face-and-emotion-tracking-AI.png?resize=18%2C10&amp;ssl=1 18w, https:\/\/i0.wp.com\/melindaozel.com\/wp-content\/uploads\/2020\/10\/racial-cultural-age-related-bias-in-face-and-emotion-tracking-AI.png?resize=889%2C500&amp;ssl=1 889w\" sizes=\"(max-width: 900px) 100vw, 900px\" \/>\t\t\t\t\t\t\t\t\t\t\t\t\t\t\t<\/div>\n\t\t\t\t<div class=\"elementor-element elementor-element-b3a568a elementor-widget elementor-widget-text-editor\" data-id=\"b3a568a\" data-element_type=\"widget\" data-e-type=\"widget\" data-widget_type=\"text-editor.default\">\n\t\t\t\t\t\t\t\t\t<p><span style=\"font-weight: 300;\"><span style=\"font-weight: 500;\"><span style=\"text-decoration: underline;\">Texti<\/span>: <\/span><\/span><span style=\"font-weight: 500;\">A\u00f0 draga \u00far hlutdr\u00e6gni \u00ed andlitsrekningu<\/span><\/p><p><span style=\"font-weight: 300;\">\u201c\u2026 andlitsgreiningarhugb\u00fana\u00f0ur t\u00falkar tilfinningar \u00e1 mismunandi h\u00e1tt eftir kyn\u00fe\u00e6tti einstaklingsins. \u2026 \u00deessi ni\u00f0ursta\u00f0a hefur aflei\u00f0ingar fyrir einstaklinga, stofnanir og samf\u00e9lagi\u00f0, og h\u00fan b\u00e6tir vi\u00f0 vaxandi fr\u00e6\u00f0irit um hlutdr\u00e6gni og\/e\u00f0a mismunandi \u00e1hrif \u00ed gervigreind.\u201d<\/span><\/p><p><span style=\"font-weight: 300;\">Rhue, Lauren, <\/span><b>Ras \u00e1hrif \u00e1 sj\u00e1lfvirkar skynjanir tilfinninga\u00a0<\/b><span style=\"font-weight: 300;\">(9. n\u00f3vember 2018).\u00a0<\/span><span style=\"font-weight: 300;\">F\u00e1anlegt \u00e1 SSRN: <\/span><span style=\"font-weight: 300;\"><a href=\"https:\/\/ssrn.com\/abstract=3281765\" rel=\"nofollow\">https:\/\/ssrn.com\/abstract=3281765<\/a> e\u00f0a <a href=\"http:\/\/dx.doi.org\/10.2139\/ssrn.3281765\" rel=\"nofollow\">http:\/\/dx.doi.org\/10.2139\/ssrn.3281765<\/a><\/span><\/p>\t\t\t\t\t\t\t\t<\/div>\n\t\t\t\t<div class=\"elementor-element elementor-element-7a8268e elementor-widget elementor-widget-image\" data-id=\"7a8268e\" data-element_type=\"widget\" data-e-type=\"widget\" data-widget_type=\"image.default\">\n\t\t\t\t\t\t\t\t\t\t\t\t\t\t\t<img loading=\"lazy\" decoding=\"async\" width=\"900\" height=\"506\" src=\"https:\/\/i0.wp.com\/melindaozel.com\/wp-content\/uploads\/2020\/10\/racial-cultural-age-related-bias-in-face-and-emotion-tracking-responsibility.png?fit=900%2C506&amp;ssl=1\" class=\"attachment-large size-large wp-image-8344\" alt=\"Ras\u00edsk, menningarleg og aldurstengd for\u00fa\u00f0 \u00ed andlits- og tilfinningagreiningu: \u00c1byrg\u00f0 gagnanna\" srcset=\"https:\/\/i0.wp.com\/melindaozel.com\/wp-content\/uploads\/2020\/10\/racial-cultural-age-related-bias-in-face-and-emotion-tracking-responsibility.png?w=960&amp;ssl=1 960w, https:\/\/i0.wp.com\/melindaozel.com\/wp-content\/uploads\/2020\/10\/racial-cultural-age-related-bias-in-face-and-emotion-tracking-responsibility.png?resize=300%2C169&amp;ssl=1 300w, https:\/\/i0.wp.com\/melindaozel.com\/wp-content\/uploads\/2020\/10\/racial-cultural-age-related-bias-in-face-and-emotion-tracking-responsibility.png?resize=768%2C432&amp;ssl=1 768w, https:\/\/i0.wp.com\/melindaozel.com\/wp-content\/uploads\/2020\/10\/racial-cultural-age-related-bias-in-face-and-emotion-tracking-responsibility.png?resize=18%2C10&amp;ssl=1 18w, https:\/\/i0.wp.com\/melindaozel.com\/wp-content\/uploads\/2020\/10\/racial-cultural-age-related-bias-in-face-and-emotion-tracking-responsibility.png?resize=889%2C500&amp;ssl=1 889w\" sizes=\"(max-width: 900px) 100vw, 900px\" \/>\t\t\t\t\t\t\t\t\t\t\t\t\t\t\t<\/div>\n\t\t\t\t<div class=\"elementor-element elementor-element-d0bee76 elementor-widget elementor-widget-text-editor\" data-id=\"d0bee76\" data-element_type=\"widget\" data-e-type=\"widget\" data-widget_type=\"text-editor.default\">\n\t\t\t\t\t\t\t\t\t<p><span style=\"font-weight: 300;\"><span style=\"font-weight: 500;\"><span style=\"text-decoration: underline;\">Texti<\/span>: <\/span><\/span><span style=\"font-weight: 500;\">A\u00f0 draga \u00far hlutdr\u00e6gni \u00ed andlitsrekningu<\/span><\/p><p><span style=\"font-weight: 300;\">Taktu \u00e1byrg\u00f0.<\/span><span style=\"font-weight: 300;\"><br \/><\/span><span style=\"font-weight: 300;\">Legg\u00f0u vinnu \u00ed a\u00f0 draga \u00far hlutdr\u00e6gni.<br \/><\/span><span style=\"font-weight: 300;\">Fj\u00e1rfestu meira \u00ed g\u00f6gnum.<\/span><\/p>\t\t\t\t\t\t\t\t<\/div>\n\t\t\t\t<div class=\"elementor-element elementor-element-009a084 elementor-widget elementor-widget-image\" data-id=\"009a084\" data-element_type=\"widget\" data-e-type=\"widget\" data-widget_type=\"image.default\">\n\t\t\t\t\t\t\t\t\t\t\t\t\t\t\t<img loading=\"lazy\" decoding=\"async\" width=\"900\" height=\"506\" src=\"https:\/\/i0.wp.com\/melindaozel.com\/wp-content\/uploads\/2020\/10\/racial-cultural-age-related-bias-in-face-and-emotion-facs-cheat-sheet.png?fit=900%2C506&amp;ssl=1\" class=\"attachment-large size-large wp-image-8346\" alt=\"Kyn\u00fe\u00e1ttaleg, menningarleg og aldurstengd for\u00fa\u00f0 \u00ed andlits- og tilfinningagreiningu: FACS yfirlitsbla\u00f0\" srcset=\"https:\/\/i0.wp.com\/melindaozel.com\/wp-content\/uploads\/2020\/10\/racial-cultural-age-related-bias-in-face-and-emotion-facs-cheat-sheet.png?w=960&amp;ssl=1 960w, https:\/\/i0.wp.com\/melindaozel.com\/wp-content\/uploads\/2020\/10\/racial-cultural-age-related-bias-in-face-and-emotion-facs-cheat-sheet.png?resize=300%2C169&amp;ssl=1 300w, https:\/\/i0.wp.com\/melindaozel.com\/wp-content\/uploads\/2020\/10\/racial-cultural-age-related-bias-in-face-and-emotion-facs-cheat-sheet.png?resize=768%2C432&amp;ssl=1 768w, https:\/\/i0.wp.com\/melindaozel.com\/wp-content\/uploads\/2020\/10\/racial-cultural-age-related-bias-in-face-and-emotion-facs-cheat-sheet.png?resize=18%2C10&amp;ssl=1 18w, https:\/\/i0.wp.com\/melindaozel.com\/wp-content\/uploads\/2020\/10\/racial-cultural-age-related-bias-in-face-and-emotion-facs-cheat-sheet.png?resize=889%2C500&amp;ssl=1 889w\" sizes=\"(max-width: 900px) 100vw, 900px\" \/>\t\t\t\t\t\t\t\t\t\t\t\t\t\t\t<\/div>\n\t\t\t\t<div class=\"elementor-element elementor-element-1b0ffd1 elementor-widget elementor-widget-text-editor\" data-id=\"1b0ffd1\" data-element_type=\"widget\" data-e-type=\"widget\" data-widget_type=\"text-editor.default\">\n\t\t\t\t\t\t\t\t\t<p><span style=\"font-weight: 300;\"><span style=\"font-weight: 500;\"><span style=\"text-decoration: underline;\">Texti<\/span>:<\/span><\/span><\/p><p><span style=\"font-weight: 300;\">\u00cd kj\u00f6lfar \u00fatbrei\u00f0slu l\u00e1g\u00adg\u00e6\u00f0a og \u00f3n\u00e1kv\u00e6mra FACS-heimilda, <\/span><span style=\"font-weight: 300;\">\u00c9g hef b\u00fai\u00f0 til \u00f3keypis FACS-yfirlitsbla\u00f0.\u201c <\/span><span style=\"font-weight: 300;\">til a\u00f0 \u00fej\u00f3na sem lei\u00f0arv\u00edsir fyrir listamenn, rannsakendur og verkfr\u00e6\u00f0inga. Hann er a\u00f0gengilegur \u00e1 FACS au\u00f0lindas\u00ed\u00f0u minni, <\/span><b><i>Andsp\u00e6nis FACS<\/i><\/b><span style=\"font-weight: 300;\">. \u00c9g er einnig opinn fyrir r\u00e1\u00f0gj\u00f6f.<\/span><\/p><p><a href=\"https:\/\/melindaozel.com\/facs-cheat-sheet\/\" target=\"_blank\" rel=\"noopener\"><b>melindaozel.com\/facs-cheat-sheet\/<\/b><\/a><\/p>\t\t\t\t\t\t\t\t<\/div>\n\t\t\t\t\t<\/div>\n\t\t<\/div>\n\t\t\t\t\t<\/div>\n\t\t<\/section>\n\t\t\t\t<\/div>","protected":false},"excerpt":{"rendered":"<p>Vi\u00f0 vir\u00f0umst tr\u00faa hinni vins\u00e6lu einf\u00f6ldun a\u00f0 v\u00e9lar s\u00e9u minna hlutdr\u00e6gar en menn; en ef \u00fe\u00fa \u00feekkir hvernig v\u00e9lar eru \u00fej\u00e1lfa\u00f0ar til a\u00f0 lesa og einbeita s\u00e9r a\u00f0 mismunandi \u00fe\u00e1ttum gagna, \u00fe\u00e1 veist \u00fe\u00fa: \u00feetta er einfaldlega ekki svona einfalt.<\/p>","protected":false},"author":60486633,"featured_media":3610,"comment_status":"closed","ping_status":"closed","sticky":false,"template":"","format":"standard","meta":{"_jetpack_memberships_contains_paid_content":false,"footnotes":""},"categories":[676756913,676756994,676757020,676757042,676757021,676757036,676757039,676756997,676757037,676756991,676756915,676756914,676757008,676757022,676757023,676757038,676757024,676756993,676757043,676756992],"tags":[],"class_list":["post-3601","post","type-post","status-publish","format-standard","has-post-thumbnail","hentry","category-action-units","category-ar-vr","category-au1","category-au10","category-au2","category-au6","category-au7","category-behavior","category-cheek-raiser","category-anatomy","category-facial-expressions","category-muscles","category-free","category-frontalis","category-inner-brow-raiser","category-lid-tightener","category-outer-brow-raiser","category-tech","category-upper-lip-raiser","category-wrinkles","generate-columns","tablet-grid-50","mobile-grid-100","grid-parent","grid-50"],"yoast_head":"<!-- This site is optimized with the Yoast SEO Premium plugin v27.4 (Yoast SEO v27.4) - https:\/\/yoast.com\/product\/yoast-seo-premium-wordpress\/ -->\n<title>Bias In Emotion Tracking - Face the FACS | Facial Expressions in Animation, AI, &amp; Behavior<\/title>\n<meta name=\"robots\" content=\"index, follow, max-snippet:-1, max-image-preview:large, max-video-preview:-1\" \/>\n<link rel=\"canonical\" href=\"https:\/\/melindaozel.com\/is\/bias-in-emotion-tracking\/\" \/>\n<meta property=\"og:locale\" content=\"is_IS\" \/>\n<meta property=\"og:type\" content=\"article\" \/>\n<meta property=\"og:title\" content=\"Bias In Emotion Tracking\" \/>\n<meta property=\"og:description\" content=\"We seem to subscribe to the popular oversimplification that machines are less biased than humans; however, if you are familiar with the ways in which machines are trained to read and focus on different aspects of data, you will know: It&#039;s just not that simple.\" \/>\n<meta property=\"og:url\" content=\"https:\/\/melindaozel.com\/is\/bias-in-emotion-tracking\/\" \/>\n<meta property=\"og:site_name\" content=\"Face the FACS | Facial Expressions in Animation, AI, &amp; Behavior\" \/>\n<meta property=\"article:publisher\" content=\"https:\/\/facebook.com\/facetheFACS\/\" \/>\n<meta property=\"article:author\" content=\"https:\/\/facebook.com\/facetheFACS\/\" \/>\n<meta property=\"article:published_time\" content=\"2020-10-18T16:12:40+00:00\" \/>\n<meta property=\"article:modified_time\" content=\"2025-02-21T04:34:06+00:00\" \/>\n<meta property=\"og:image\" content=\"https:\/\/melindaozel.com\/wp-content\/uploads\/2020\/10\/Screen-Shot-2020-10-24-at-2.00.37-PM.png\" \/>\n\t<meta property=\"og:image:width\" content=\"1686\" \/>\n\t<meta property=\"og:image:height\" content=\"976\" \/>\n\t<meta property=\"og:image:type\" content=\"image\/png\" \/>\n<meta name=\"author\" content=\"Melinda Ozel\" \/>\n<meta name=\"twitter:card\" content=\"summary_large_image\" \/>\n<meta name=\"twitter:creator\" content=\"@melindaozel\" \/>\n<meta name=\"twitter:site\" content=\"@melindaozel\" \/>\n<meta name=\"twitter:label1\" content=\"Written by\" \/>\n\t<meta name=\"twitter:data1\" content=\"Melinda Ozel\" \/>\n\t<meta name=\"twitter:label2\" content=\"Est. reading time\" \/>\n\t<meta name=\"twitter:data2\" content=\"12 minutes\" \/>\n<script type=\"application\/ld+json\" class=\"yoast-schema-graph\">{\"@context\":\"https:\\\/\\\/schema.org\",\"@graph\":[{\"@type\":\"Article\",\"@id\":\"https:\\\/\\\/melindaozel.com\\\/bias-in-emotion-tracking\\\/#article\",\"isPartOf\":{\"@id\":\"https:\\\/\\\/melindaozel.com\\\/bias-in-emotion-tracking\\\/\"},\"author\":{\"name\":\"Melinda Ozel\",\"@id\":\"https:\\\/\\\/melindaozel.com\\\/zh\\\/#\\\/schema\\\/person\\\/81c6262e1bfca3c71960db5aee204e3f\"},\"headline\":\"Bias In Emotion Tracking\",\"datePublished\":\"2020-10-18T16:12:40+00:00\",\"dateModified\":\"2025-02-21T04:34:06+00:00\",\"mainEntityOfPage\":{\"@id\":\"https:\\\/\\\/melindaozel.com\\\/bias-in-emotion-tracking\\\/\"},\"wordCount\":2400,\"publisher\":{\"@id\":\"https:\\\/\\\/melindaozel.com\\\/zh\\\/#\\\/schema\\\/person\\\/81c6262e1bfca3c71960db5aee204e3f\"},\"image\":{\"@id\":\"https:\\\/\\\/melindaozel.com\\\/bias-in-emotion-tracking\\\/#primaryimage\"},\"thumbnailUrl\":\"https:\\\/\\\/i0.wp.com\\\/melindaozel.com\\\/wp-content\\\/uploads\\\/2020\\\/10\\\/Screen-Shot-2020-10-24-at-2.00.37-PM.png?fit=1686%2C976&ssl=1\",\"articleSection\":[\"action units (FACS AUs)\",\"AR\\\/VR\",\"AU1\",\"AU10\",\"AU2\",\"AU6\",\"AU7\",\"behavior\",\"cheek raiser\",\"facial anatomy\",\"facial expressions\",\"facial muscles\",\"free content\",\"frontalis\",\"inner brow raiser\",\"lid tightener\",\"outer brow raiser\",\"tech\",\"upper lip raiser\",\"wrinkles\"],\"inLanguage\":\"is\"},{\"@type\":\"WebPage\",\"@id\":\"https:\\\/\\\/melindaozel.com\\\/bias-in-emotion-tracking\\\/\",\"url\":\"https:\\\/\\\/melindaozel.com\\\/bias-in-emotion-tracking\\\/\",\"name\":\"Bias In Emotion Tracking - Face the FACS | Facial Expressions in Animation, AI, &amp; Behavior\",\"isPartOf\":{\"@id\":\"https:\\\/\\\/melindaozel.com\\\/zh\\\/#website\"},\"primaryImageOfPage\":{\"@id\":\"https:\\\/\\\/melindaozel.com\\\/bias-in-emotion-tracking\\\/#primaryimage\"},\"image\":{\"@id\":\"https:\\\/\\\/melindaozel.com\\\/bias-in-emotion-tracking\\\/#primaryimage\"},\"thumbnailUrl\":\"https:\\\/\\\/i0.wp.com\\\/melindaozel.com\\\/wp-content\\\/uploads\\\/2020\\\/10\\\/Screen-Shot-2020-10-24-at-2.00.37-PM.png?fit=1686%2C976&ssl=1\",\"datePublished\":\"2020-10-18T16:12:40+00:00\",\"dateModified\":\"2025-02-21T04:34:06+00:00\",\"breadcrumb\":{\"@id\":\"https:\\\/\\\/melindaozel.com\\\/bias-in-emotion-tracking\\\/#breadcrumb\"},\"inLanguage\":\"is\",\"potentialAction\":[{\"@type\":\"ReadAction\",\"target\":[\"https:\\\/\\\/melindaozel.com\\\/bias-in-emotion-tracking\\\/\"]}]},{\"@type\":\"ImageObject\",\"inLanguage\":\"is\",\"@id\":\"https:\\\/\\\/melindaozel.com\\\/bias-in-emotion-tracking\\\/#primaryimage\",\"url\":\"https:\\\/\\\/i0.wp.com\\\/melindaozel.com\\\/wp-content\\\/uploads\\\/2020\\\/10\\\/Screen-Shot-2020-10-24-at-2.00.37-PM.png?fit=1686%2C976&ssl=1\",\"contentUrl\":\"https:\\\/\\\/i0.wp.com\\\/melindaozel.com\\\/wp-content\\\/uploads\\\/2020\\\/10\\\/Screen-Shot-2020-10-24-at-2.00.37-PM.png?fit=1686%2C976&ssl=1\",\"width\":1686,\"height\":976,\"caption\":\"AU23 - lip tightener - Facial Action Coding System - FACS\"},{\"@type\":\"BreadcrumbList\",\"@id\":\"https:\\\/\\\/melindaozel.com\\\/bias-in-emotion-tracking\\\/#breadcrumb\",\"itemListElement\":[{\"@type\":\"ListItem\",\"position\":1,\"name\":\"Home\",\"item\":\"https:\\\/\\\/melindaozel.com\\\/\"},{\"@type\":\"ListItem\",\"position\":2,\"name\":\"Bias In Emotion Tracking\"}]},{\"@type\":\"WebSite\",\"@id\":\"https:\\\/\\\/melindaozel.com\\\/zh\\\/#website\",\"url\":\"https:\\\/\\\/melindaozel.com\\\/zh\\\/\",\"name\":\"Face the FACS\",\"description\":\"Facial Expressions in Art, Science, &amp; Technology\",\"publisher\":{\"@id\":\"https:\\\/\\\/melindaozel.com\\\/zh\\\/#\\\/schema\\\/person\\\/81c6262e1bfca3c71960db5aee204e3f\"},\"potentialAction\":[{\"@type\":\"SearchAction\",\"target\":{\"@type\":\"EntryPoint\",\"urlTemplate\":\"https:\\\/\\\/melindaozel.com\\\/zh\\\/?s={search_term_string}\"},\"query-input\":{\"@type\":\"PropertyValueSpecification\",\"valueRequired\":true,\"valueName\":\"search_term_string\"}}],\"inLanguage\":\"is\"},{\"@type\":[\"Person\",\"Organization\"],\"@id\":\"https:\\\/\\\/melindaozel.com\\\/zh\\\/#\\\/schema\\\/person\\\/81c6262e1bfca3c71960db5aee204e3f\",\"name\":\"Melinda Ozel\",\"image\":{\"@type\":\"ImageObject\",\"inLanguage\":\"is\",\"@id\":\"https:\\\/\\\/i0.wp.com\\\/melindaozel.com\\\/wp-content\\\/uploads\\\/2025\\\/02\\\/face-the-FACS-eye-mouth-logo-pixel.webp?fit=225%2C225&ssl=1\",\"url\":\"https:\\\/\\\/i0.wp.com\\\/melindaozel.com\\\/wp-content\\\/uploads\\\/2025\\\/02\\\/face-the-FACS-eye-mouth-logo-pixel.webp?fit=225%2C225&ssl=1\",\"contentUrl\":\"https:\\\/\\\/i0.wp.com\\\/melindaozel.com\\\/wp-content\\\/uploads\\\/2025\\\/02\\\/face-the-FACS-eye-mouth-logo-pixel.webp?fit=225%2C225&ssl=1\",\"width\":225,\"height\":225,\"caption\":\"Melinda Ozel\"},\"logo\":{\"@id\":\"https:\\\/\\\/i0.wp.com\\\/melindaozel.com\\\/wp-content\\\/uploads\\\/2025\\\/02\\\/face-the-FACS-eye-mouth-logo-pixel.webp?fit=225%2C225&ssl=1\"},\"sameAs\":[\"https:\\\/\\\/melindaozel.com\",\"https:\\\/\\\/facebook.com\\\/facetheFACS\\\/\",\"https:\\\/\\\/instagram.com\\\/manicexpression\",\"https:\\\/\\\/linkedin.com\\\/in\\\/melindaozel\",\"https:\\\/\\\/pinterest.com\\\/melindaozel\\\/\",\"https:\\\/\\\/x.com\\\/melindaozel\",\"https:\\\/\\\/youtube.com\\\/@facetheFACS\"],\"knowsAbout\":[\"Facial Action Coding System (FACS)\",\"Facial Expression Tracking\",\"Facial Anatomy\",\"Facial Animation\",\"Digital Humans\",\"Audio-to-Expression\",\"Audio-to-Face\",\"Visemes\",\"Lipsync\"],\"jobTitle\":\"Facial Systems Expert, Expression Scientist\",\"url\":\"https:\\\/\\\/melindaozel.com\\\/is\\\/author\\\/melindaozel\\\/\",\"numberOfEmployees\":{\"@type\":\"QuantitativeValue\",\"minValue\":\"1\",\"maxValue\":\"10\"}}]}<\/script>\n<!-- \/ Yoast SEO Premium plugin. -->","yoast_head_json":{"title":"Halla \u00ed tilfinningaeftirliti \u2013 takast \u00e1 vi\u00f0 FACS | andlitssvipbrig\u00f0i \u00ed teiknimyndum, gervigreind og heg\u00f0un","robots":{"index":"index","follow":"follow","max-snippet":"max-snippet:-1","max-image-preview":"max-image-preview:large","max-video-preview":"max-video-preview:-1"},"canonical":"https:\/\/melindaozel.com\/is\/bias-in-emotion-tracking\/","og_locale":"is_IS","og_type":"article","og_title":"Bias In Emotion Tracking","og_description":"We seem to subscribe to the popular oversimplification that machines are less biased than humans; however, if you are familiar with the ways in which machines are trained to read and focus on different aspects of data, you will know: It's just not that simple.","og_url":"https:\/\/melindaozel.com\/is\/bias-in-emotion-tracking\/","og_site_name":"Face the FACS | Facial Expressions in Animation, AI, &amp; Behavior","article_publisher":"https:\/\/facebook.com\/facetheFACS\/","article_author":"https:\/\/facebook.com\/facetheFACS\/","article_published_time":"2020-10-18T16:12:40+00:00","article_modified_time":"2025-02-21T04:34:06+00:00","og_image":[{"width":1686,"height":976,"url":"https:\/\/melindaozel.com\/wp-content\/uploads\/2020\/10\/Screen-Shot-2020-10-24-at-2.00.37-PM.png","type":"image\/png"}],"author":"Melinda Ozel","twitter_card":"summary_large_image","twitter_creator":"@melindaozel","twitter_site":"@melindaozel","twitter_misc":{"Written by":"Melinda Ozel","Est. reading time":"12 minutes"},"schema":{"@context":"https:\/\/schema.org","@graph":[{"@type":"Article","@id":"https:\/\/melindaozel.com\/bias-in-emotion-tracking\/#article","isPartOf":{"@id":"https:\/\/melindaozel.com\/bias-in-emotion-tracking\/"},"author":{"name":"Melinda Ozel","@id":"https:\/\/melindaozel.com\/zh\/#\/schema\/person\/81c6262e1bfca3c71960db5aee204e3f"},"headline":"Bias In Emotion Tracking","datePublished":"2020-10-18T16:12:40+00:00","dateModified":"2025-02-21T04:34:06+00:00","mainEntityOfPage":{"@id":"https:\/\/melindaozel.com\/bias-in-emotion-tracking\/"},"wordCount":2400,"publisher":{"@id":"https:\/\/melindaozel.com\/zh\/#\/schema\/person\/81c6262e1bfca3c71960db5aee204e3f"},"image":{"@id":"https:\/\/melindaozel.com\/bias-in-emotion-tracking\/#primaryimage"},"thumbnailUrl":"https:\/\/i0.wp.com\/melindaozel.com\/wp-content\/uploads\/2020\/10\/Screen-Shot-2020-10-24-at-2.00.37-PM.png?fit=1686%2C976&ssl=1","articleSection":["action units (FACS AUs)","AR\/VR","AU1","AU10","AU2","AU6","AU7","behavior","cheek raiser","facial anatomy","facial expressions","facial muscles","free content","frontalis","inner brow raiser","lid tightener","outer brow raiser","tech","upper lip raiser","wrinkles"],"inLanguage":"is"},{"@type":"WebPage","@id":"https:\/\/melindaozel.com\/bias-in-emotion-tracking\/","url":"https:\/\/melindaozel.com\/bias-in-emotion-tracking\/","name":"Halla \u00ed tilfinningaeftirliti \u2013 takast \u00e1 vi\u00f0 FACS | andlitssvipbrig\u00f0i \u00ed teiknimyndum, gervigreind og heg\u00f0un","isPartOf":{"@id":"https:\/\/melindaozel.com\/zh\/#website"},"primaryImageOfPage":{"@id":"https:\/\/melindaozel.com\/bias-in-emotion-tracking\/#primaryimage"},"image":{"@id":"https:\/\/melindaozel.com\/bias-in-emotion-tracking\/#primaryimage"},"thumbnailUrl":"https:\/\/i0.wp.com\/melindaozel.com\/wp-content\/uploads\/2020\/10\/Screen-Shot-2020-10-24-at-2.00.37-PM.png?fit=1686%2C976&ssl=1","datePublished":"2020-10-18T16:12:40+00:00","dateModified":"2025-02-21T04:34:06+00:00","breadcrumb":{"@id":"https:\/\/melindaozel.com\/bias-in-emotion-tracking\/#breadcrumb"},"inLanguage":"is","potentialAction":[{"@type":"ReadAction","target":["https:\/\/melindaozel.com\/bias-in-emotion-tracking\/"]}]},{"@type":"ImageObject","inLanguage":"is","@id":"https:\/\/melindaozel.com\/bias-in-emotion-tracking\/#primaryimage","url":"https:\/\/i0.wp.com\/melindaozel.com\/wp-content\/uploads\/2020\/10\/Screen-Shot-2020-10-24-at-2.00.37-PM.png?fit=1686%2C976&ssl=1","contentUrl":"https:\/\/i0.wp.com\/melindaozel.com\/wp-content\/uploads\/2020\/10\/Screen-Shot-2020-10-24-at-2.00.37-PM.png?fit=1686%2C976&ssl=1","width":1686,"height":976,"caption":"AU23 - lip tightener - Facial Action Coding System - FACS"},{"@type":"BreadcrumbList","@id":"https:\/\/melindaozel.com\/bias-in-emotion-tracking\/#breadcrumb","itemListElement":[{"@type":"ListItem","position":1,"name":"Home","item":"https:\/\/melindaozel.com\/"},{"@type":"ListItem","position":2,"name":"Bias In Emotion Tracking"}]},{"@type":"WebSite","@id":"https:\/\/melindaozel.com\/zh\/#website","url":"https:\/\/melindaozel.com\/zh\/","name":"Andsp\u00e6nis FACS","description":"Andlitsdr\u00e6ttir \u00ed list, v\u00edsindum og t\u00e6kni","publisher":{"@id":"https:\/\/melindaozel.com\/zh\/#\/schema\/person\/81c6262e1bfca3c71960db5aee204e3f"},"potentialAction":[{"@type":"SearchAction","target":{"@type":"EntryPoint","urlTemplate":"https:\/\/melindaozel.com\/zh\/?s={search_term_string}"},"query-input":{"@type":"PropertyValueSpecification","valueRequired":true,"valueName":"search_term_string"}}],"inLanguage":"is"},{"@type":["Person","Organization"],"@id":"https:\/\/melindaozel.com\/zh\/#\/schema\/person\/81c6262e1bfca3c71960db5aee204e3f","name":"Melinda Ozel","image":{"@type":"ImageObject","inLanguage":"is","@id":"https:\/\/i0.wp.com\/melindaozel.com\/wp-content\/uploads\/2025\/02\/face-the-FACS-eye-mouth-logo-pixel.webp?fit=225%2C225&ssl=1","url":"https:\/\/i0.wp.com\/melindaozel.com\/wp-content\/uploads\/2025\/02\/face-the-FACS-eye-mouth-logo-pixel.webp?fit=225%2C225&ssl=1","contentUrl":"https:\/\/i0.wp.com\/melindaozel.com\/wp-content\/uploads\/2025\/02\/face-the-FACS-eye-mouth-logo-pixel.webp?fit=225%2C225&ssl=1","width":225,"height":225,"caption":"Melinda Ozel"},"logo":{"@id":"https:\/\/i0.wp.com\/melindaozel.com\/wp-content\/uploads\/2025\/02\/face-the-FACS-eye-mouth-logo-pixel.webp?fit=225%2C225&ssl=1"},"sameAs":["https:\/\/melindaozel.com","https:\/\/facebook.com\/facetheFACS\/","https:\/\/instagram.com\/manicexpression","https:\/\/linkedin.com\/in\/melindaozel","https:\/\/pinterest.com\/melindaozel\/","https:\/\/x.com\/melindaozel","https:\/\/youtube.com\/@facetheFACS"],"knowsAbout":["Facial Action Coding System (FACS)","Facial Expression Tracking","Facial Anatomy","Facial Animation","Digital Humans","Audio-to-Expression","Audio-to-Face","Visemes","Lipsync"],"jobTitle":"Facial Systems Expert, Expression Scientist","url":"https:\/\/melindaozel.com\/is\/author\/melindaozel\/","numberOfEmployees":{"@type":"QuantitativeValue","minValue":"1","maxValue":"10"}}]}},"jetpack_featured_media_url":"https:\/\/i0.wp.com\/melindaozel.com\/wp-content\/uploads\/2020\/10\/Screen-Shot-2020-10-24-at-2.00.37-PM.png?fit=1686%2C976&ssl=1","jetpack_sharing_enabled":true,"_links":{"self":[{"href":"https:\/\/melindaozel.com\/is\/wp-json\/wp\/v2\/posts\/3601","targetHints":{"allow":["GET"]}}],"collection":[{"href":"https:\/\/melindaozel.com\/is\/wp-json\/wp\/v2\/posts"}],"about":[{"href":"https:\/\/melindaozel.com\/is\/wp-json\/wp\/v2\/types\/post"}],"author":[{"embeddable":true,"href":"https:\/\/melindaozel.com\/is\/wp-json\/wp\/v2\/users\/60486633"}],"replies":[{"embeddable":true,"href":"https:\/\/melindaozel.com\/is\/wp-json\/wp\/v2\/comments?post=3601"}],"version-history":[{"count":61,"href":"https:\/\/melindaozel.com\/is\/wp-json\/wp\/v2\/posts\/3601\/revisions"}],"predecessor-version":[{"id":11278,"href":"https:\/\/melindaozel.com\/is\/wp-json\/wp\/v2\/posts\/3601\/revisions\/11278"}],"wp:featuredmedia":[{"embeddable":true,"href":"https:\/\/melindaozel.com\/is\/wp-json\/wp\/v2\/media\/3610"}],"wp:attachment":[{"href":"https:\/\/melindaozel.com\/is\/wp-json\/wp\/v2\/media?parent=3601"}],"wp:term":[{"taxonomy":"category","embeddable":true,"href":"https:\/\/melindaozel.com\/is\/wp-json\/wp\/v2\/categories?post=3601"},{"taxonomy":"post_tag","embeddable":true,"href":"https:\/\/melindaozel.com\/is\/wp-json\/wp\/v2\/tags?post=3601"}],"curies":[{"name":"vp","href":"https:\/\/api.w.org\/{rel}","templated":true}]}}