{"id":1895,"date":"2020-02-23T17:16:34","date_gmt":"2020-02-23T22:16:34","guid":{"rendered":"https:\/\/melindaozel.com\/?p=1895"},"modified":"2026-07-08T18:25:43","modified_gmt":"2026-07-08T22:25:43","slug":"cheek-raiser-vs-lid-tightener","status":"publish","type":"post","link":"https:\/\/melindaozel.com\/is\/cheek-raiser-vs-lid-tightener\/","title":{"rendered":"Kinnarh\u00e6kkari vs. Lokstraffari"},"content":{"rendered":"<div data-elementor-type=\"wp-post\" data-elementor-id=\"1895\" class=\"elementor elementor-1895\" data-elementor-post-type=\"post\">\n\t\t\t\t<div class=\"elementor-element elementor-element-07eba8d e-flex e-con-boxed e-con e-parent\" data-id=\"07eba8d\" data-element_type=\"container\" data-e-type=\"container\">\n\t\t\t\t\t<div class=\"e-con-inner\">\n\t\t\t\t<div class=\"elementor-element elementor-element-9f23a1f elementor-widget elementor-widget-video\" data-id=\"9f23a1f\" data-element_type=\"widget\" data-e-type=\"widget\" data-settings=\"{&quot;youtube_url&quot;:&quot;https:\\\/\\\/youtu.be\\\/6w6LL4EMIqo&quot;,&quot;video_type&quot;:&quot;youtube&quot;,&quot;controls&quot;:&quot;yes&quot;}\" data-widget_type=\"video.default\">\n\t\t\t\t\t\t\t<div class=\"elementor-wrapper elementor-open-inline\">\n\t\t\t<div class=\"elementor-video\"><\/div>\t\t<\/div>\n\t\t\t\t\t\t<\/div>\n\t\t\t\t<div class=\"elementor-element elementor-element-4f3bcdd elementor-widget elementor-widget-heading\" data-id=\"4f3bcdd\" data-element_type=\"widget\" data-e-type=\"widget\" data-widget_type=\"heading.default\">\n\t\t\t\t\t<h2 class=\"elementor-heading-title elementor-size-default\">Orbicularis oculi: V\u00f6\u00f0vinn \u00e1 bak vi\u00f0 AU6 og AU7<\/h2>\t\t\t\t<\/div>\n\t\t\t\t\t<\/div>\n\t\t\t\t<\/div>\n\t\t\t\t<section class=\"elementor-section elementor-top-section elementor-element elementor-element-6d0c86f4 elementor-section-boxed elementor-section-height-default elementor-section-height-default\" data-id=\"6d0c86f4\" data-element_type=\"section\" data-e-type=\"section\">\n\t\t\t\t\t\t<div class=\"elementor-container elementor-column-gap-default\">\n\t\t\t\t\t<div class=\"elementor-column elementor-col-100 elementor-top-column elementor-element elementor-element-2b7a0c35\" data-id=\"2b7a0c35\" data-element_type=\"column\" data-e-type=\"column\">\n\t\t\t<div class=\"elementor-widget-wrap elementor-element-populated\">\n\t\t\t\t\t\t<div class=\"elementor-element elementor-element-45cce4c0 elementor-widget elementor-widget-text-editor\" data-id=\"45cce4c0\" data-element_type=\"widget\" data-e-type=\"widget\" data-widget_type=\"text-editor.default\">\n\t\t\t\t\t\t\t\t\t<p>Orbicularis oculi er v\u00f6\u00f0vi sem umlykur auga\u00f0. \u00de\u00f3 a\u00f0 hann s\u00e9 einn v\u00f6\u00f0vi getur orbicularis samdregist \u00ed a\u00f0skildum hlutum. Tveir hlutir sem skipta m\u00e1li \u00ed \u00feessari umr\u00e6\u00f0u eru:<\/p><ul><li>brautarflatarm\u00e1l \u2013 e\u00f0a <em>Kinnarh\u00e6kkari<\/em> \/<a href=\"https:\/\/en.wikipedia.org\/wiki\/Facial_Action_Coding_System#Codes_for_action_units\" target=\"_blank\" rel=\"noopener\">AU 6\u00a0<\/a><\/li><li>Augnlokasv\u00e6\u00f0i \u2013 e\u00f0a<em> Lokunar\u00fej\u00f6ppari<\/em> \/ <a href=\"https:\/\/en.wikipedia.org\/wiki\/Facial_Action_Coding_System#Codes_for_action_units\" target=\"_blank\" rel=\"noopener\">AU7<\/a><\/li><\/ul><p>\u00cd FACS <a href=\"https:\/\/en.wikipedia.org\/wiki\/Facial_Action_Coding_System\" target=\"_blank\" rel=\"noopener\">Kerfi til k\u00f3\u00f0unar andlitshreyfinga<\/a>), sv\u00e6\u00f0i\u00f0 \u00ed kringum augnholuna er kalla\u00f0 kinnlyfti, e\u00f0a AU6; og sv\u00e6\u00f0i\u00f0 \u00e1 augnlokanu er kalla\u00f0 <em>lokstraxari, <\/em>e\u00f0a AU7.\u00a0<\/p><p>Ef \u00fe\u00fa fylgir tilfinningapr\u00f3t\u00f3t\u00fdpum bygg\u00f0um \u00e1 Paul Ekman, <em>c<\/em>heek<em> upph\u00e6kkun<\/em>er lykilatri\u00f0i fyrir sorg og hamingju (sj\u00e1 \u201c<a href=\"https:\/\/www.paulekman.com\/blog\/fake-smile-or-genuine-smile\/\" target=\"_blank\" rel=\"noopener\">Duchenne-bros<\/a>\u201d).** \u00dea\u00f0 kemur einnig fram \u00ed s\u00e1rsauka og er algengt \u00ed m\u00f6rgum \u00f6\u00f0rum tj\u00e1ningum og tilefnum.<\/p><p><strong><span style=\"text-decoration: underline;\">Athugi\u00f0<\/span><\/strong>:<em>**<a href=\"https:\/\/melindaozel.com\/its-all-in-the-eyes-and-other-lies\/\" target=\"_blank\" rel=\"noopener\">N\u00fdleg f\u00e6rsla \u2013 \u201cAllt er \u00ed augunum og a\u00f0rar lygar\u201d greinir \u00e1 einf\u00f6ldun meinstr\u00edmsins \u00e1 hugt\u00f6kum eins og Duchenne-brosi.<\/a><\/em><\/p><p>Lokunarher\u00f0ari er einn af AU-unum sem taldir eru upp \u00ed rei\u00f0ipr\u00f3t\u00f3t\u00fdpum; hann er \u00fe\u00f3 alls ekki eing\u00f6ngu bundinn vi\u00f0 rei\u00f0i. <em>Lokunar\u00fej\u00f6ppari\u00a0<\/em>getur einnig veri\u00f0 nota\u00f0 til a\u00f0 l\u00fdsa \u00fdmsum \u00e1standi, svo sem syfju, einbeitingu, pirringi, erfi\u00f0leikum me\u00f0 sj\u00f3n o.s.frv.\u00a0<\/p><p><strong><span style=\"text-decoration: underline;\">Athugi\u00f0<\/span><\/strong>: <em>Almennt s\u00e9\u00f0 \u00fe\u00fd\u00f0a AU-einingar \u00ed eint\u00f6lu ekki endilega a\u00f0 \u00fe\u00e6r skilgreini e\u00f0a t\u00e1kni tilfinningu. Andliti\u00f0 er fl\u00f3ki\u00f0 og merkingunni skal afla\u00f0 \u00far frekari samhengi.\u00a0<\/em><\/p><hr \/><h2>Tilv\u00edsanir og d\u00e6mi um GIF-myndir<\/h2><ul><li><em>Kinnarh\u00e6kkari\u00a0<\/em><\/li><li><em>Lokunar\u00fej\u00f6ppari<\/em><\/li><li><em>Kinnarh\u00e6kkari + lokatryggjari<\/em> samsett<\/li><\/ul><p><strong><span style=\"text-decoration: underline;\">\u00c1byrg\u00f0arskjal<\/span>:<\/strong><em> \u00c9g ger\u00f0i \u00fea\u00f0 sem \u00e9g gat til a\u00f0 einangra svipbrig\u00f0in \u2013 en vertu alltaf vark\u00e1r gagnvart mengun fr\u00e1 hreyfieiningum.\u00a0<\/em><\/p><h3>Kinnah\u00e6kkari \/ AU 6 \/ augnkringlaga v\u00f6\u00f0vinn, augnk\u00faluhluti<\/h3><p><img fetchpriority=\"high\" decoding=\"async\" data-recalc-dims=\"1\" class=\"wp-image-1933 aligncenter\" src=\"https:\/\/i0.wp.com\/melindaozel.com\/wp-content\/uploads\/2020\/02\/6part2.gif?resize=407%2C296&#038;ssl=1\" alt=\"6hluti 2\" width=\"407\" height=\"296\" \/><\/p><p><div id='gallery-1' class='gallery galleryid-1895 gallery-columns-3 gallery-size-thumbnail'><figure class='gallery-item'>\n\t\t\t<div class='gallery-icon landscape'>\n\t\t\t\t<a href='https:\/\/melindaozel.com\/is\/cheek-raiser-vs-lid-tightener\/au6_7neutral\/#main'><img decoding=\"async\" width=\"150\" height=\"150\" src=\"https:\/\/i0.wp.com\/melindaozel.com\/wp-content\/uploads\/2020\/02\/au6_7neutral.png?resize=150%2C150&amp;ssl=1\" class=\"attachment-thumbnail size-thumbnail\" alt=\"\" aria-describedby=\"gallery-1-1908\" srcset=\"https:\/\/i0.wp.com\/melindaozel.com\/wp-content\/uploads\/2020\/02\/au6_7neutral.png?resize=150%2C150&amp;ssl=1 150w, https:\/\/i0.wp.com\/melindaozel.com\/wp-content\/uploads\/2020\/02\/au6_7neutral.png?zoom=2&amp;resize=150%2C150&amp;ssl=1 300w, https:\/\/i0.wp.com\/melindaozel.com\/wp-content\/uploads\/2020\/02\/au6_7neutral.png?zoom=3&amp;resize=150%2C150&amp;ssl=1 450w\" sizes=\"(max-width: 150px) 100vw, 150px\" \/><\/a>\n\t\t\t<\/div>\n\t\t\t\t<figcaption class='wp-caption-text gallery-caption' id='gallery-1-1908'>\n\t\t\t\thlutlaus\n\t\t\t\t<\/figcaption><\/figure><figure class='gallery-item'>\n\t\t\t<div class='gallery-icon landscape'>\n\t\t\t\t<a href='https:\/\/melindaozel.com\/is\/cheek-raiser-vs-lid-tightener\/6a\/#main'><img decoding=\"async\" width=\"150\" height=\"150\" src=\"https:\/\/i0.wp.com\/melindaozel.com\/wp-content\/uploads\/2020\/02\/6a.png?resize=150%2C150&amp;ssl=1\" class=\"attachment-thumbnail size-thumbnail\" alt=\"\" aria-describedby=\"gallery-1-1909\" srcset=\"https:\/\/i0.wp.com\/melindaozel.com\/wp-content\/uploads\/2020\/02\/6a.png?resize=150%2C150&amp;ssl=1 150w, https:\/\/i0.wp.com\/melindaozel.com\/wp-content\/uploads\/2020\/02\/6a.png?zoom=2&amp;resize=150%2C150&amp;ssl=1 300w, https:\/\/i0.wp.com\/melindaozel.com\/wp-content\/uploads\/2020\/02\/6a.png?zoom=3&amp;resize=150%2C150&amp;ssl=1 450w\" sizes=\"(max-width: 150px) 100vw, 150px\" \/><\/a>\n\t\t\t<\/div>\n\t\t\t\t<figcaption class='wp-caption-text gallery-caption' id='gallery-1-1909'>\n\t\t\t\trekja AU 6\n\t\t\t\t<\/figcaption><\/figure><figure class='gallery-item'>\n\t\t\t<div class='gallery-icon landscape'>\n\t\t\t\t<a href='https:\/\/melindaozel.com\/is\/cheek-raiser-vs-lid-tightener\/6mid\/#main'><img loading=\"lazy\" decoding=\"async\" width=\"150\" height=\"150\" src=\"https:\/\/i0.wp.com\/melindaozel.com\/wp-content\/uploads\/2020\/02\/6mid.png?resize=150%2C150&amp;ssl=1\" class=\"attachment-thumbnail size-thumbnail\" alt=\"AU 6\" aria-describedby=\"gallery-1-1910\" srcset=\"https:\/\/i0.wp.com\/melindaozel.com\/wp-content\/uploads\/2020\/02\/6mid.png?resize=150%2C150&amp;ssl=1 150w, https:\/\/i0.wp.com\/melindaozel.com\/wp-content\/uploads\/2020\/02\/6mid.png?zoom=2&amp;resize=150%2C150&amp;ssl=1 300w, https:\/\/i0.wp.com\/melindaozel.com\/wp-content\/uploads\/2020\/02\/6mid.png?zoom=3&amp;resize=150%2C150&amp;ssl=1 450w\" sizes=\"(max-width: 150px) 100vw, 150px\" \/><\/a>\n\t\t\t<\/div>\n\t\t\t\t<figcaption class='wp-caption-text gallery-caption' id='gallery-1-1910'>\n\t\t\t\th\u00e1mark AU 6 s\u00fdnt \u00ed GIF\n\t\t\t\t<\/figcaption><\/figure>\n\t\t<\/div>\n<\/p><p style=\"text-align: center;\"><em>(1) hlutlaust, (2) snemma spor AU 6, (3) h\u00e1marksstyrkur 6 s\u00fdndur \u00ed \u00feessu GIF\u00a0<\/em><\/p><p>\u00deegar <em>Kinnarh\u00e6kkari<\/em> \u00fer\u00f6ngvar:<\/p><ul><li>H\u00fa\u00f0in \u00ed kringum augun hreyfist me\u00f0 klemmandi hreyfingu og \u00ferengir ytri horn augnanna.<\/li><li>Ytri og efri sv\u00e6\u00f0i kinnanna eru dregin upp<\/li><li>Mi\u00f0- og innri hlutar ne\u00f0ri augnlokans geta or\u00f0i\u00f0 \u00f6rl\u00edti\u00f0 fyrir \u00e1hrifum \u2013 en a\u00f0allega eru \u00fea\u00f0 ytri horn augans sem \u00ferengjast og kreppast.<\/li><li>kr\u00e1kuf\u00e6tur (hrukkur vi\u00f0 ytri horn augna) geta komi\u00f0 fram<\/li><li>hringir um auga\u00f0 safnast saman og \u00ferengjast \u2013 sem getur dregi\u00f0 \u00fat ytri horn augabr\u00fananna<\/li><li>Pokar undir augunum geta safnast saman og hrukkast.<\/li><\/ul><p>AU-9 (<em>nefrukkur<\/em>), 10 (<em>efri varah\u00e6kkari<\/em>), og 12 (<em>V\u00f6rturykkjarahorn<\/em>) hafa einnig \u00e1hrif \u00e1 kinnarsv\u00e6\u00f0in, en \u00feau hafa \u00e1hrif \u00e1 kinnarsv\u00e6\u00f0in \u00e1 mj\u00f6g mismunandi h\u00e1tt (um \u00fea\u00f0 ver\u00f0ur r\u00e6tt s\u00ed\u00f0ar).<\/p><p><span style=\"text-decoration: underline;\"><strong>Athugi\u00f0<\/strong><\/span>: <em>\u00datliti\u00f0 af <\/em>Kinnarh\u00e6kkari <em>mun breytast verulega me\u00f0 aldrinum og \u00feyngdinni. Hj\u00e1 sumum eru augnhrukkur s\u00fdnilegar, hj\u00e1 \u00f6\u00f0rum ekki. <\/em><em>Eldri einstaklingar s\u00fdna oft hrukk\u00f3ttara og b\u00f3lgnara \u00fatlit undir augunum. B\u00f6rn og einstaklingar me\u00f0 meira andlitsfitu s\u00fdna yfirleitt minna hrukk\u00f3ttar og b\u00f3lgnari poka undir augunum.<\/em><\/p><h4>Fleiri d\u00e6mi um kinnarh\u00e6kkun<\/h4><h3><img loading=\"lazy\" decoding=\"async\" data-recalc-dims=\"1\" class=\"alignnone wp-image-1937 aligncenter\" src=\"https:\/\/i0.wp.com\/melindaozel.com\/wp-content\/uploads\/2020\/02\/6gifcropped.gif?resize=350%2C252&#038;ssl=1\" alt=\"6gifcropped\" width=\"350\" height=\"252\" \/><\/h3><h3><img loading=\"lazy\" decoding=\"async\" data-recalc-dims=\"1\" class=\"alignnone wp-image-1939 aligncenter\" src=\"https:\/\/i0.wp.com\/melindaozel.com\/wp-content\/uploads\/2020\/02\/6GIFdiffsides-copy-1.gif?resize=346%2C358&#038;ssl=1\" alt=\"6GIFdiffsides afrit\" width=\"346\" height=\"358\" \/><\/h3><hr \/><h3>Augnlokunarv\u00f6\u00f0vi \/ AU 7 \/ augnkringl\u00f3ttuv\u00f6\u00f0vi, augnlokuhluti<\/h3><p><img loading=\"lazy\" decoding=\"async\" data-recalc-dims=\"1\" class=\"wp-image-1918 aligncenter\" src=\"https:\/\/i0.wp.com\/melindaozel.com\/wp-content\/uploads\/2020\/02\/only7slow.gif?resize=383%2C406&#038;ssl=1\" alt=\"a\u00f0eins sj\u00f6 h\u00e6gt\" width=\"383\" height=\"406\" \/><\/p><p><div id='gallery-2' class='gallery galleryid-1895 gallery-columns-3 gallery-size-thumbnail'><figure class='gallery-item'>\n\t\t\t<div class='gallery-icon portrait'>\n\t\t\t\t<a href=\"https:\/\/i0.wp.com\/melindaozel.com\/wp-content\/uploads\/2020\/02\/Screenshot-2020-02-23-16.27.34.png?ssl=1\"><img loading=\"lazy\" decoding=\"async\" width=\"150\" height=\"150\" src=\"https:\/\/i0.wp.com\/melindaozel.com\/wp-content\/uploads\/2020\/02\/Screenshot-2020-02-23-16.27.34.png?resize=150%2C150&amp;ssl=1\" class=\"attachment-thumbnail size-thumbnail\" alt=\"\" aria-describedby=\"gallery-2-1924\" srcset=\"https:\/\/i0.wp.com\/melindaozel.com\/wp-content\/uploads\/2020\/02\/Screenshot-2020-02-23-16.27.34.png?resize=150%2C150&amp;ssl=1 150w, https:\/\/i0.wp.com\/melindaozel.com\/wp-content\/uploads\/2020\/02\/Screenshot-2020-02-23-16.27.34.png?zoom=2&amp;resize=150%2C150&amp;ssl=1 300w, https:\/\/i0.wp.com\/melindaozel.com\/wp-content\/uploads\/2020\/02\/Screenshot-2020-02-23-16.27.34.png?zoom=3&amp;resize=150%2C150&amp;ssl=1 450w\" sizes=\"(max-width: 150px) 100vw, 150px\" \/><\/a>\n\t\t\t<\/div>\n\t\t\t\t<figcaption class='wp-caption-text gallery-caption' id='gallery-2-1924'>\n\t\t\t\thlutlaus sta\u00f0a\n\t\t\t\t<\/figcaption><\/figure><figure class='gallery-item'>\n\t\t\t<div class='gallery-icon landscape'>\n\t\t\t\t<a href=\"https:\/\/i0.wp.com\/melindaozel.com\/wp-content\/uploads\/2020\/02\/Screenshot-2020-02-23-16.28.31.png?ssl=1\"><img loading=\"lazy\" decoding=\"async\" width=\"150\" height=\"150\" src=\"https:\/\/i0.wp.com\/melindaozel.com\/wp-content\/uploads\/2020\/02\/Screenshot-2020-02-23-16.28.31.png?resize=150%2C150&amp;ssl=1\" class=\"attachment-thumbnail size-thumbnail\" alt=\"\" aria-describedby=\"gallery-2-1925\" srcset=\"https:\/\/i0.wp.com\/melindaozel.com\/wp-content\/uploads\/2020\/02\/Screenshot-2020-02-23-16.28.31.png?resize=150%2C150&amp;ssl=1 150w, https:\/\/i0.wp.com\/melindaozel.com\/wp-content\/uploads\/2020\/02\/Screenshot-2020-02-23-16.28.31.png?zoom=2&amp;resize=150%2C150&amp;ssl=1 300w, https:\/\/i0.wp.com\/melindaozel.com\/wp-content\/uploads\/2020\/02\/Screenshot-2020-02-23-16.28.31.png?zoom=3&amp;resize=150%2C150&amp;ssl=1 450w\" sizes=\"(max-width: 150px) 100vw, 150px\" \/><\/a>\n\t\t\t<\/div>\n\t\t\t\t<figcaption class='wp-caption-text gallery-caption' id='gallery-2-1925'>\n\t\t\t\trekja AU 7\n\t\t\t\t<\/figcaption><\/figure><figure class='gallery-item'>\n\t\t\t<div class='gallery-icon landscape'>\n\t\t\t\t<a href=\"https:\/\/i0.wp.com\/melindaozel.com\/wp-content\/uploads\/2020\/02\/Screenshot-2020-02-23-16.29.02.png?ssl=1\"><img loading=\"lazy\" decoding=\"async\" width=\"150\" height=\"150\" src=\"https:\/\/i0.wp.com\/melindaozel.com\/wp-content\/uploads\/2020\/02\/Screenshot-2020-02-23-16.29.02.png?resize=150%2C150&amp;ssl=1\" class=\"attachment-thumbnail size-thumbnail\" alt=\"\" aria-describedby=\"gallery-2-1926\" srcset=\"https:\/\/i0.wp.com\/melindaozel.com\/wp-content\/uploads\/2020\/02\/Screenshot-2020-02-23-16.29.02.png?resize=150%2C150&amp;ssl=1 150w, https:\/\/i0.wp.com\/melindaozel.com\/wp-content\/uploads\/2020\/02\/Screenshot-2020-02-23-16.29.02.png?zoom=2&amp;resize=150%2C150&amp;ssl=1 300w, https:\/\/i0.wp.com\/melindaozel.com\/wp-content\/uploads\/2020\/02\/Screenshot-2020-02-23-16.29.02.png?zoom=3&amp;resize=150%2C150&amp;ssl=1 450w\" sizes=\"(max-width: 150px) 100vw, 150px\" \/><\/a>\n\t\t\t<\/div>\n\t\t\t\t<figcaption class='wp-caption-text gallery-caption' id='gallery-2-1926'>\n\t\t\t\tH\u00e1marksstyrkur 7 s\u00fdndur \u00ed GIF\n\t\t\t\t<\/figcaption><\/figure>\n\t\t<\/div>\n<\/p><p style=\"text-align: center;\"><em>(1) hlutlaust, (2) snemma spor AU 7, (3) h\u00e1marksstyrkur 7 s\u00fdndur \u00ed \u00feessu GIF\u00a0<\/em><\/p><p>\u00cd <em>Lokunar\u00fej\u00f6ppari<\/em>:<\/p><ul><li>H\u00fa\u00f0in undir ne\u00f0ri augnlokunum hefur tilhneigingu til a\u00f0 \u00fer\u00fdsta \u00e1 auga\u00f0 og a\u00f0 nefinu \/ t\u00e1rag\u00f6ngunum.<\/li><li>hreyfing er mun \u00f3l\u00edk \u00feeirri af <em>Kinnarh\u00e6kkari<\/em> \u2013 eins og <em>Kinnarh\u00e6kkari<\/em> beinist a\u00f0 ytri hornum augnanna og kinnar sv\u00e6\u00f0inu \u2013 og <em>Lokunar\u00fej\u00f6ppari<\/em> gerir ekki<\/li><li>Hreyfingar einbl\u00edna \u00e1 innri augnkr\u00f3kana og \u00ferengja t\u00e1rag\u00f6ngin eftir \u00fev\u00ed sem \u00e1kef\u00f0in eykst.<\/li><\/ul><p>Athuga\u00f0u hrukkubrautina \u00ed GIF-myndunum h\u00e9r a\u00f0 ofan og \u00ed myndinni h\u00e9r a\u00f0 ne\u00f0an.<\/p><p><img loading=\"lazy\" decoding=\"async\" data-recalc-dims=\"1\" class=\"wp-image-1907 aligncenter\" src=\"https:\/\/i0.wp.com\/melindaozel.com\/wp-content\/uploads\/2020\/02\/Screenshot-2020-02-23-15.47.45.png?resize=465%2C486&#038;ssl=1\" alt=\"Skj\u00e1mynd-2020-02-23-15.47.45\" width=\"465\" height=\"486\" srcset=\"https:\/\/i0.wp.com\/melindaozel.com\/wp-content\/uploads\/2020\/02\/Screenshot-2020-02-23-15.47.45.png?w=1220&amp;ssl=1 1220w, https:\/\/i0.wp.com\/melindaozel.com\/wp-content\/uploads\/2020\/02\/Screenshot-2020-02-23-15.47.45.png?resize=287%2C300&amp;ssl=1 287w, https:\/\/i0.wp.com\/melindaozel.com\/wp-content\/uploads\/2020\/02\/Screenshot-2020-02-23-15.47.45.png?resize=979%2C1024&amp;ssl=1 979w, https:\/\/i0.wp.com\/melindaozel.com\/wp-content\/uploads\/2020\/02\/Screenshot-2020-02-23-15.47.45.png?resize=768%2C803&amp;ssl=1 768w, https:\/\/i0.wp.com\/melindaozel.com\/wp-content\/uploads\/2020\/02\/Screenshot-2020-02-23-15.47.45.png?resize=1088%2C1138&amp;ssl=1 1088w\" sizes=\"(max-width: 465px) 100vw, 465px\" \/><\/p><hr \/><h3>Kinnah\u00e6kkari + lokatryggjari \/ AU 6 + 7 samsetning<\/h3><p><img loading=\"lazy\" decoding=\"async\" data-recalc-dims=\"1\" class=\"wp-image-1906 aligncenter\" src=\"https:\/\/i0.wp.com\/melindaozel.com\/wp-content\/uploads\/2020\/02\/6_7_67_closeup-2.gif?resize=495%2C360&#038;ssl=1\" alt=\"6_7_67_n\u00e1l\u00e6gmynd-2\" width=\"495\" height=\"360\" \/><\/p><p>GIF byrjar me\u00f0 <em>Kinnarh\u00e6kkari<\/em> einn \u00fe\u00e1 <em>Lokunar\u00fej\u00f6ppari<\/em> er b\u00e6tt vi\u00f0 \u2013 sem myndar 6+7 samsetningu.<\/p><p><div id='gallery-3' class='gallery galleryid-1895 gallery-columns-3 gallery-size-thumbnail'><figure class='gallery-item'>\n\t\t\t<div class='gallery-icon landscape'>\n\t\t\t\t<a href='https:\/\/melindaozel.com\/is\/cheek-raiser-vs-lid-tightener\/6a\/#main'><img loading=\"lazy\" decoding=\"async\" width=\"150\" height=\"150\" src=\"https:\/\/i0.wp.com\/melindaozel.com\/wp-content\/uploads\/2020\/02\/6a.png?resize=150%2C150&amp;ssl=1\" class=\"attachment-thumbnail size-thumbnail\" alt=\"\" aria-describedby=\"gallery-3-1909\" srcset=\"https:\/\/i0.wp.com\/melindaozel.com\/wp-content\/uploads\/2020\/02\/6a.png?resize=150%2C150&amp;ssl=1 150w, https:\/\/i0.wp.com\/melindaozel.com\/wp-content\/uploads\/2020\/02\/6a.png?zoom=2&amp;resize=150%2C150&amp;ssl=1 300w, https:\/\/i0.wp.com\/melindaozel.com\/wp-content\/uploads\/2020\/02\/6a.png?zoom=3&amp;resize=150%2C150&amp;ssl=1 450w\" sizes=\"(max-width: 150px) 100vw, 150px\" \/><\/a>\n\t\t\t<\/div>\n\t\t\t\t<figcaption class='wp-caption-text gallery-caption' id='gallery-3-1909'>\n\t\t\t\trekja AU 6\n\t\t\t\t<\/figcaption><\/figure><figure class='gallery-item'>\n\t\t\t<div class='gallery-icon landscape'>\n\t\t\t\t<a href='https:\/\/melindaozel.com\/is\/cheek-raiser-vs-lid-tightener\/6mid\/#main'><img loading=\"lazy\" decoding=\"async\" width=\"150\" height=\"150\" src=\"https:\/\/i0.wp.com\/melindaozel.com\/wp-content\/uploads\/2020\/02\/6mid.png?resize=150%2C150&amp;ssl=1\" class=\"attachment-thumbnail size-thumbnail\" alt=\"AU 6\" aria-describedby=\"gallery-3-1910\" srcset=\"https:\/\/i0.wp.com\/melindaozel.com\/wp-content\/uploads\/2020\/02\/6mid.png?resize=150%2C150&amp;ssl=1 150w, https:\/\/i0.wp.com\/melindaozel.com\/wp-content\/uploads\/2020\/02\/6mid.png?zoom=2&amp;resize=150%2C150&amp;ssl=1 300w, https:\/\/i0.wp.com\/melindaozel.com\/wp-content\/uploads\/2020\/02\/6mid.png?zoom=3&amp;resize=150%2C150&amp;ssl=1 450w\" sizes=\"(max-width: 150px) 100vw, 150px\" \/><\/a>\n\t\t\t<\/div>\n\t\t\t\t<figcaption class='wp-caption-text gallery-caption' id='gallery-3-1910'>\n\t\t\t\th\u00e1mark AU 6 s\u00fdnt \u00ed GIF\n\t\t\t\t<\/figcaption><\/figure><figure class='gallery-item'>\n\t\t\t<div class='gallery-icon landscape'>\n\t\t\t\t<a href='https:\/\/melindaozel.com\/is\/cheek-raiser-vs-lid-tightener\/6_7sitestrong\/#main'><img loading=\"lazy\" decoding=\"async\" width=\"150\" height=\"150\" src=\"https:\/\/i0.wp.com\/melindaozel.com\/wp-content\/uploads\/2020\/02\/6_7sitestrong.png?resize=150%2C150&amp;ssl=1\" class=\"attachment-thumbnail size-thumbnail\" alt=\"\" aria-describedby=\"gallery-3-1928\" srcset=\"https:\/\/i0.wp.com\/melindaozel.com\/wp-content\/uploads\/2020\/02\/6_7sitestrong.png?resize=150%2C150&amp;ssl=1 150w, https:\/\/i0.wp.com\/melindaozel.com\/wp-content\/uploads\/2020\/02\/6_7sitestrong.png?zoom=2&amp;resize=150%2C150&amp;ssl=1 300w, https:\/\/i0.wp.com\/melindaozel.com\/wp-content\/uploads\/2020\/02\/6_7sitestrong.png?zoom=3&amp;resize=150%2C150&amp;ssl=1 450w\" sizes=\"(max-width: 150px) 100vw, 150px\" \/><\/a>\n\t\t\t<\/div>\n\t\t\t\t<figcaption class='wp-caption-text gallery-caption' id='gallery-3-1928'>\n\t\t\t\tH\u00e1marksstyrkur 6+7 s\u00fdndur \u00ed GIF\n\t\t\t\t<\/figcaption><\/figure>\n\t\t<\/div>\n<\/p><p style=\"text-align: center;\"><em>(1) hlutlaust, (2) snemma spor AU 6 + 7, (3) h\u00e1marksstyrkur 6+7 s\u00fdndur \u00ed \u00feessu GIF<\/em><em>\u00a0<\/em><\/p><p>\u00dea\u00f0 er au\u00f0veldara a\u00f0 greina. <em>Kinnarh\u00e6kkari<\/em> og <em>Lokunar\u00fej\u00f6ppari<\/em> \u00deegar \u00fe\u00fa getur s\u00e9\u00f0 umbreytinguna fr\u00e1 \u00f6\u00f0ru \u00ed hitt. GIF-i\u00f0 h\u00e9r a\u00f0 ofan s\u00fdnir<em> kinnah\u00e6kkari,<\/em> en um mi\u00f0jan veginn <em>Lokunar\u00fej\u00f6ppari<\/em> kemur inn \u00ed j\u00f6fnuna og myndar samsetta l\u00f6gun.<\/p><p>Augnabliki\u00f0<em> Lokunar\u00fej\u00f6ppari<\/em> \u00deegar kemur \u00e6tti a\u00f0 vera auglj\u00f3st. \u00deegar <em>Lokunar\u00fej\u00f6ppari<\/em> \u00deegar virkjun hefst \u00fdtir ne\u00f0ri augnloki enn frekar upp \u00ed innri hluta augans og alla lei\u00f0 a\u00f0 t\u00e1rag\u00f6ngunum, sem veldur \u00fev\u00ed a\u00f0 t\u00e1rag\u00f6ngin minnka verulega.<\/p><p>\u00c1 me\u00f0an <em>Kinnarh\u00e6kkari<\/em> getur haft \u00e1hrif \u00e1 \u00fatlit t\u00e1ragangsins \u00ed \u00f6fgakenndum stellingum, innra sv\u00e6\u00f0i augans er a\u00f0allega fyrir \u00e1hrifum af<em> Lokunar\u00fej\u00f6ppari<\/em>.<\/p>\t\t\t\t\t\t\t\t<\/div>\n\t\t\t\t\t<\/div>\n\t\t<\/div>\n\t\t\t\t\t<\/div>\n\t\t<\/section>\n\t\t<div class=\"elementor-element elementor-element-6de0091 e-flex e-con-boxed e-con e-parent\" data-id=\"6de0091\" data-element_type=\"container\" data-e-type=\"container\">\n\t\t\t\t\t<div class=\"e-con-inner\">\n\t\t\t\t<div class=\"elementor-element elementor-element-8a0e52e elementor-widget elementor-widget-text-editor\" data-id=\"8a0e52e\" data-element_type=\"widget\" data-e-type=\"widget\" data-widget_type=\"text-editor.default\">\n\t\t\t\t\t\t\t\t\t<h2><strong><em>Hva\u00f0 \u00e1 a\u00f0 gera \u00feegar l\u00edkani\u00f0 \u00feitt e\u00f0a gagnataki\u00f0 getur ekki framkv\u00e6mt markmi\u00f0s-AU<\/em><\/strong><\/h2><p>Hvort sem \u00fe\u00fa ert a\u00f0 nota tj\u00e1ningarl\u00edkan til a\u00f0 stilla AUs fyrir tilv\u00edsanir \u00ed pers\u00f3nuteiknimyndalist, g\u00f6gn fyrir v\u00e9lan\u00e1m e\u00f0a fr\u00e6\u00f0iranns\u00f3knir, munt \u00fe\u00fa m\u00e6ta \u00e1skorunum vi\u00f0 a\u00f0 afla hreina d\u00e6ma um <em>Kinnarh\u00e6kkari<\/em> og <em>Lokunar\u00fej\u00f6ppari<\/em>. \u00de\u00fa munt l\u00edklega rekast \u00e1 leifar hvers AU \u00ed hvorri tilraun til l\u00edkamsst\u00f6\u00f0u. Oft mun m\u00f3deli\u00f0 dragast saman <em>Lokunar\u00fej\u00f6ppari<\/em> \u00e1 me\u00f0an <em>Kinnarh\u00e6kkari<\/em>. Og \u00ed tilfellum mikillar \u00e1kef\u00f0ar <em>Lokunar\u00fej\u00f6ppari<\/em>, \u00dea\u00f0 er miklar l\u00edkur \u00e1 a\u00f0 m\u00f3deli\u00f0 muni einnig minnka. <em>kinnarh\u00e6kkari.<\/em><\/p><p>Anna\u00f0 algengt villumerki sem \u00fearf a\u00f0 hafa \u00ed huga \u00feegar expression-l\u00edk\u00f6n eru notu\u00f0 \u2013 s\u00e9rstaklega fyrir <em>Kinnarh\u00e6kkari<\/em> \u2013 er r\u00f6ng vi\u00f0b\u00f3t \u00e1 zygomaticus major, e\u00f0a <em>V\u00f6rturykkjarahorn<\/em> \/ AU12. Vegna \u00feess a\u00f0 f\u00f3lk tengir <em>Kinnarh\u00e6kkari<\/em> me\u00f0 hamingju, og vegna \u00feess a\u00f0 <em>Kinnarh\u00e6kkari<\/em> er erfitt a\u00f0 einangra, margir b\u00e6ta \u00f3viljandi vi\u00f0 bros.<\/p><p>AU-einingar t\u00e1kna byggingareiningarnar sem vi\u00f0 notum til a\u00f0 mi\u00f0la tilfinningum, tali og \u00f6\u00f0rum ver\u00f0m\u00e6tum f\u00e9lagslegum uppl\u00fdsingum. Mikilv\u00e6gt er a\u00f0 vera me\u00f0vita\u00f0ur um \u00f3hreinindi \u00ed AU-tilv\u00edsunum \u00fe\u00ednum, \u00f3h\u00e1\u00f0 \u00fev\u00ed hva\u00f0 \u00fe\u00fa ert a\u00f0 fylgjast me\u00f0 \u00feeim fyrir. Fyrir v\u00e9lan\u00e1mskerfi \u00ed t\u00f6lvusj\u00f3n er mikilv\u00e6gt a\u00f0 taka tillit til \u00f3hreininda \u00ed AU-einingum til a\u00f0 tryggja gagnainnihald, s\u00e9rstaklega \u00feegar kemur a\u00f0 notkun tilfinningagreiningar. Fyrir list er skilningur \u00e1 AU-tilv\u00edsunum \u00fe\u00ednum grundvallaratri\u00f0i til a\u00f0 var\u00f0veita kjarna mannlegrar heg\u00f0unar, samskipta og tilfinninga. Jafnvel \u00fe\u00f3tt \u00fe\u00fa notir st\u00edlf\u00e6r\u00f0ar pers\u00f3nur ver\u00f0ur \u00fe\u00fa samt a\u00f0 skilja tilv\u00edsanir \u00fe\u00ednar og hvernig \u00fe\u00e6r haga s\u00e9r \u00ed upprunalegu mynd sinni.<\/p><p>\u00dear <em>eru<\/em> Nokkrar lei\u00f0ir til a\u00f0 milda \u00e1hrif samvirkra A\u00da ef \u00fe\u00fa ert a\u00f0 reyna a\u00f0 einangra <em>Kinnarh\u00e6kkari<\/em> e\u00f0a <em>Lokunar\u00fej\u00f6ppari<\/em>:<\/p><ul><li><span style=\"text-decoration: underline;\"><strong>fyrir pers\u00f3nulist<\/strong><\/span>:<ul><li>Ef \u00fe\u00fa getur greint s\u00e9rkenni hvers a\u00f0ger\u00f0ar, getur\u00f0u dregi\u00f0 fr\u00e1 \u00f3\u00e6skileg \u00e1hrif samvirkra AUs \u00feegar \u00fe\u00fa ert a\u00f0 b\u00faa til 2D-ramma e\u00f0a blanda formum. Sl\u00edk einkenni m\u00e1 greina me\u00f0 breytingum \u00e1 fitudreifingu, d\u00fdpt hrukka, h\u00fa\u00f0togi o.s.frv.<br \/><br \/><\/li><\/ul><\/li><li><span style=\"text-decoration: underline;\"><strong>fyrir t\u00f6lvusj\u00f3n v\u00e9lan\u00e1m<\/strong><\/span>:<ul><li>Ef \u00fe\u00fa notar mannlega merkjara sem hafa veri\u00f0 \u00fej\u00e1lfa\u00f0ir til a\u00f0 greina einst\u00f6k AU sem og AU \u00ed samsetningum, skiptir \u00fea\u00f0 engu m\u00e1li \u00fe\u00f3tt \u00fe\u00e1tttakendag\u00f6gnin \u00fe\u00edn s\u00e9u \u00f3hrein. Merkjararnir geta flokka\u00f0 tilvik samhli\u00f0a gagna sem m\u00f6rg AU, \u00ed \u00feessu tilfelli \u2013 sem b\u00e6\u00f0i <em>Kinnarh\u00e6kkari<\/em> og <em>Lokunar\u00fej\u00f6ppari<\/em>. R\u00e9tt flokkun menga\u00f0ra gagna er nau\u00f0synleg til a\u00f0 for\u00f0ast a\u00f0 \u00fej\u00e1lfa l\u00edkani\u00f0 \u00feitt til a\u00f0 flokka saman mismunandi v\u00f6\u00f0vahreyfingar. A\u00f0 flokka saman mismunandi hreyfingar er sl\u00e6m gagnahandh\u00f6ndlun, \u00fear sem hver hreyfing ber me\u00f0 s\u00e9r uppl\u00fdsingar sem nota\u00f0ar eru til a\u00f0 mi\u00f0la tilfinningum, athygli, samskiptum o.s.frv.<\/li><\/ul><\/li><\/ul><p><strong><span style=\"text-decoration: underline; color: #ff0000;\">VI\u00d0V\u00d6RUN<\/span><\/strong>:\u00a0 <em>\u00de\u00f3 a\u00f0 \u00fea\u00f0 s\u00e9 m\u00f6gulegt a\u00f0 a\u00f0skilja \u00e1hrifin handvirkt <\/em>Kinnarh\u00e6kkari<em> fr\u00e1 \u00e1hrifum <\/em>Lokunar\u00fej\u00f6ppari<em>, ef l\u00edkani\u00f0 \u00feitt e\u00f0a \u00fe\u00e1tttakandinn er a\u00f0 samvirkja zygomaticus major, e\u00f0a <\/em>V\u00f6rturykkjarahorn<em> \/ AU 12 \u2013 \u00fe\u00fa \u00e6ttir \u00f6rugglega a\u00f0 verja aukat\u00edma \u00ed a\u00f0 \u00fej\u00e1lfa l\u00edkani\u00f0 \u00feitt til a\u00f0 \u00feagga ni\u00f0ur ne\u00f0ri hluta andlitsins. \u00der\u00fdstingurinn sem myndast vi\u00f0 dreifingu fitu vegna varatogs mun verulega breyta \u00fatliti <\/em>Kinnarh\u00e6kkari<em>, og \u00fea\u00f0 ver\u00f0ur ekki eins au\u00f0velt a\u00f0 greina eins og<\/em> Lokunar\u00fej\u00f6ppari<em>\u00a0og <\/em>Kinnarh\u00e6kkari<em>. Sem betur fer er mun au\u00f0veldara a\u00f0 l\u00e1ta m\u00f3deli\u00f0 \u00feitt h\u00e6tta a\u00f0 brosa en a\u00f0 st\u00f6\u00f0va samvirkjun hvorugs hluta af orbicularis-v\u00f6\u00f0vanum.<\/em><\/p>\t\t\t\t\t\t\t\t<\/div>\n\t\t\t\t\t<\/div>\n\t\t\t\t<\/div>\n\t\t\t\t<section class=\"elementor-section elementor-top-section elementor-element elementor-element-6a6522bb elementor-section-boxed elementor-section-height-default elementor-section-height-default\" data-id=\"6a6522bb\" data-element_type=\"section\" data-e-type=\"section\">\n\t\t\t\t\t\t<div class=\"elementor-container elementor-column-gap-default\">\n\t\t\t\t\t<div class=\"elementor-column elementor-col-100 elementor-top-column elementor-element elementor-element-6a2bf61e\" data-id=\"6a2bf61e\" data-element_type=\"column\" data-e-type=\"column\">\n\t\t\t<div class=\"elementor-widget-wrap elementor-element-populated\">\n\t\t\t\t\t\t<div class=\"elementor-element elementor-element-e68c702 elementor-widget elementor-widget-spacer\" data-id=\"e68c702\" data-element_type=\"widget\" data-e-type=\"widget\" data-widget_type=\"spacer.default\">\n\t\t\t\t\t\t\t<div class=\"elementor-spacer\">\n\t\t\t<div class=\"elementor-spacer-inner\"><\/div>\n\t\t<\/div>\n\t\t\t\t\t\t<\/div>\n\t\t\t\t<div class=\"elementor-element elementor-element-7933e4cc elementor-widget elementor-widget-heading\" data-id=\"7933e4cc\" data-element_type=\"widget\" data-e-type=\"widget\" data-widget_type=\"heading.default\">\n\t\t\t\t\t<h2 class=\"elementor-heading-title elementor-size-default\">Kanna\u00f0u svipa\u00f0 \u00f3keypis efni<\/h2>\t\t\t\t<\/div>\n\t\t\t\t<div class=\"elementor-element elementor-element-44a3789a elementor-widget elementor-widget-spacer\" data-id=\"44a3789a\" data-element_type=\"widget\" data-e-type=\"widget\" data-widget_type=\"spacer.default\">\n\t\t\t\t\t\t\t<div class=\"elementor-spacer\">\n\t\t\t<div class=\"elementor-spacer-inner\"><\/div>\n\t\t<\/div>\n\t\t\t\t\t\t<\/div>\n\t\t\t\t<div class=\"elementor-element elementor-element-4a0ec4dd elementor-widget elementor-widget-spacer\" data-id=\"4a0ec4dd\" data-element_type=\"widget\" data-e-type=\"widget\" data-widget_type=\"spacer.default\">\n\t\t\t\t\t\t\t<div class=\"elementor-spacer\">\n\t\t\t<div class=\"elementor-spacer-inner\"><\/div>\n\t\t<\/div>\n\t\t\t\t\t\t<\/div>\n\t\t<div class=\"elementor-element elementor-element-b71079f e-grid e-con-boxed e-con e-parent\" data-id=\"b71079f\" data-element_type=\"container\" data-e-type=\"container\">\n\t\t\t\t\t<div class=\"e-con-inner\">\n\t\t\t\t<div class=\"elementor-element elementor-element-96b4861 elementor-widget elementor-widget-image\" data-id=\"96b4861\" data-element_type=\"widget\" data-e-type=\"widget\" data-widget_type=\"image.default\">\n\t\t\t\t\t\t\t\t\t\t\t\t<figure class=\"wp-caption\">\n\t\t\t\t\t\t\t\t\t\t\t<a href=\"https:\/\/melindaozel.com\/facs-cheat-sheet\/\">\n\t\t\t\t\t\t\t<img loading=\"lazy\" decoding=\"async\" width=\"900\" height=\"600\" src=\"https:\/\/i0.wp.com\/melindaozel.com\/wp-content\/uploads\/2026\/03\/Facial-Action-Coding-System-Motion-References.webp?fit=900%2C600&amp;ssl=1\" class=\"attachment-large size-large wp-image-15233\" alt=\"Forsko\u00f0un \u00e1 FACS (Facial Action Coding System) hj\u00e1lparbla\u00f0i sem s\u00fdnir d\u00e6mi um hreyfingarvi\u00f0mi\u00f0 fyrir a\u00f0ger\u00f0aeiningar\" srcset=\"https:\/\/i0.wp.com\/melindaozel.com\/wp-content\/uploads\/2026\/03\/Facial-Action-Coding-System-Motion-References.webp?w=1200&amp;ssl=1 1200w, https:\/\/i0.wp.com\/melindaozel.com\/wp-content\/uploads\/2026\/03\/Facial-Action-Coding-System-Motion-References.webp?resize=300%2C200&amp;ssl=1 300w, https:\/\/i0.wp.com\/melindaozel.com\/wp-content\/uploads\/2026\/03\/Facial-Action-Coding-System-Motion-References.webp?resize=1024%2C683&amp;ssl=1 1024w, https:\/\/i0.wp.com\/melindaozel.com\/wp-content\/uploads\/2026\/03\/Facial-Action-Coding-System-Motion-References.webp?resize=768%2C512&amp;ssl=1 768w, https:\/\/i0.wp.com\/melindaozel.com\/wp-content\/uploads\/2026\/03\/Facial-Action-Coding-System-Motion-References.webp?resize=18%2C12&amp;ssl=1 18w\" sizes=\"(max-width: 900px) 100vw, 900px\" \/>\t\t\t\t\t\t\t\t<\/a>\n\t\t\t\t\t\t\t\t\t\t\t<figcaption class=\"widget-image-caption wp-caption-text\">FACS yfirlitsbla\u00f0 me\u00f0 GIF-um fr\u00e1 hlutlausu \u00e1standi til stellingar.<\/figcaption>\n\t\t\t\t\t\t\t\t\t\t<\/figure>\n\t\t\t\t\t\t\t\t\t<\/div>\n\t\t\t\t<div class=\"elementor-element elementor-element-66f44d2 elementor-widget elementor-widget-image\" data-id=\"66f44d2\" data-element_type=\"widget\" data-e-type=\"widget\" data-widget_type=\"image.default\">\n\t\t\t\t\t\t\t\t\t\t\t\t<figure class=\"wp-caption\">\n\t\t\t\t\t\t\t\t\t\t\t<a href=\"https:\/\/melindaozel.com\/facs-lite-still-fast\/\">\n\t\t\t\t\t\t\t<img loading=\"lazy\" decoding=\"async\" width=\"900\" height=\"600\" src=\"https:\/\/i0.wp.com\/melindaozel.com\/wp-content\/uploads\/2026\/03\/FACS-image-references.webp?fit=900%2C600&amp;ssl=1\" class=\"attachment-large size-large wp-image-15234\" alt=\"Forsko\u00f0un \u00e1 FACS-myndv\u00edsunarlei\u00f0beiningunni sem s\u00fdnir d\u00e6mamyndir af a\u00f0ger\u00f0aeiningum\" srcset=\"https:\/\/i0.wp.com\/melindaozel.com\/wp-content\/uploads\/2026\/03\/FACS-image-references.webp?w=1200&amp;ssl=1 1200w, https:\/\/i0.wp.com\/melindaozel.com\/wp-content\/uploads\/2026\/03\/FACS-image-references.webp?resize=300%2C200&amp;ssl=1 300w, https:\/\/i0.wp.com\/melindaozel.com\/wp-content\/uploads\/2026\/03\/FACS-image-references.webp?resize=1024%2C683&amp;ssl=1 1024w, https:\/\/i0.wp.com\/melindaozel.com\/wp-content\/uploads\/2026\/03\/FACS-image-references.webp?resize=768%2C512&amp;ssl=1 768w, https:\/\/i0.wp.com\/melindaozel.com\/wp-content\/uploads\/2026\/03\/FACS-image-references.webp?resize=18%2C12&amp;ssl=1 18w\" sizes=\"(max-width: 900px) 100vw, 900px\" \/>\t\t\t\t\t\t\t\t<\/a>\n\t\t\t\t\t\t\t\t\t\t\t<figcaption class=\"widget-image-caption wp-caption-text\">FACS-myndv\u00edsunarbla\u00f0 me\u00f0 hli\u00f0 vi\u00f0 hli\u00f0 hlutlausri og p\u00f3serandi mynd.<\/figcaption>\n\t\t\t\t\t\t\t\t\t\t<\/figure>\n\t\t\t\t\t\t\t\t\t<\/div>\n\t\t\t\t<div class=\"elementor-element elementor-element-aed9fab elementor-widget elementor-widget-image\" data-id=\"aed9fab\" data-element_type=\"widget\" data-e-type=\"widget\" data-widget_type=\"image.default\">\n\t\t\t\t\t\t\t\t\t\t\t\t<figure class=\"wp-caption\">\n\t\t\t\t\t\t\t\t\t\t\t<a href=\"https:\/\/melindaozel.com\/arkit-to-facs-cheat-sheet\/\">\n\t\t\t\t\t\t\t<img loading=\"lazy\" decoding=\"async\" width=\"900\" height=\"600\" src=\"https:\/\/i0.wp.com\/melindaozel.com\/wp-content\/uploads\/2022\/05\/arkit-to-facs-sheet.png?fit=900%2C600&amp;ssl=1\" class=\"attachment-large size-large wp-image-6921\" alt=\"\u00de\u00fd\u00f0ing \u00far ARKit \u00ed FACS\" srcset=\"https:\/\/i0.wp.com\/melindaozel.com\/wp-content\/uploads\/2022\/05\/arkit-to-facs-sheet.png?w=1200&amp;ssl=1 1200w, https:\/\/i0.wp.com\/melindaozel.com\/wp-content\/uploads\/2022\/05\/arkit-to-facs-sheet.png?resize=300%2C200&amp;ssl=1 300w, https:\/\/i0.wp.com\/melindaozel.com\/wp-content\/uploads\/2022\/05\/arkit-to-facs-sheet.png?resize=1024%2C683&amp;ssl=1 1024w, https:\/\/i0.wp.com\/melindaozel.com\/wp-content\/uploads\/2022\/05\/arkit-to-facs-sheet.png?resize=768%2C512&amp;ssl=1 768w, https:\/\/i0.wp.com\/melindaozel.com\/wp-content\/uploads\/2022\/05\/arkit-to-facs-sheet.png?resize=18%2C12&amp;ssl=1 18w, https:\/\/i0.wp.com\/melindaozel.com\/wp-content\/uploads\/2022\/05\/arkit-to-facs-sheet.png?resize=750%2C500&amp;ssl=1 750w\" sizes=\"(max-width: 900px) 100vw, 900px\" \/>\t\t\t\t\t\t\t\t<\/a>\n\t\t\t\t\t\t\t\t\t\t\t<figcaption class=\"widget-image-caption wp-caption-text\">ARKit andlitsbl\u00f6ndunarl\u00f6gunir og hva\u00f0a FACS-a\u00f0ger\u00f0ir og andlitsv\u00f6\u00f0var \u00fe\u00e6r tengja vi\u00f0.<\/figcaption>\n\t\t\t\t\t\t\t\t\t\t<\/figure>\n\t\t\t\t\t\t\t\t\t<\/div>\n\t\t\t\t\t<\/div>\n\t\t\t\t<\/div>\n\t\t\t\t<div class=\"elementor-element elementor-element-67f17901 elementor-view-default elementor-widget elementor-widget-icon\" data-id=\"67f17901\" data-element_type=\"widget\" data-e-type=\"widget\" data-widget_type=\"icon.default\">\n\t\t\t\t\t\t\t<div class=\"elementor-icon-wrapper\">\n\t\t\t<a class=\"elementor-icon\" href=\"https:\/\/melindaozel.com\/\">\n\t\t\t<svg aria-hidden=\"true\" class=\"e-font-icon-svg e-fas-home\" viewbox=\"0 0 576 512\" xmlns=\"http:\/\/www.w3.org\/2000\/svg\"><path d=\"M280.37 148.26L96 300.11V464a16 16 0 0 0 16 16l112.06-.29a16 16 0 0 0 15.92-16V368a16 16 0 0 1 16-16h64a16 16 0 0 1 16 16v95.64a16 16 0 0 0 16 16.05L464 480a16 16 0 0 0 16-16V300L295.67 148.26a12.19 12.19 0 0 0-15.3 0zM571.6 251.47L488 182.56V44.05a12 12 0 0 0-12-12h-56a12 12 0 0 0-12 12v72.61L318.47 43a48 48 0 0 0-61 0L4.34 251.47a12 12 0 0 0-1.6 16.9l25.5 31A12 12 0 0 0 45.15 301l235.22-193.74a12.19 12.19 0 0 1 15.3 0L530.9 301a12 12 0 0 0 16.9-1.6l25.5-31a12 12 0 0 0-1.7-16.93z\"><\/path><\/svg>\t\t\t<\/a>\n\t\t<\/div>\n\t\t\t\t\t\t<\/div>\n\t\t\t\t\t<\/div>\n\t\t<\/div>\n\t\t\t\t\t<\/div>\n\t\t<\/section>\n\t\t\t\t<\/div>","protected":false},"excerpt":{"rendered":"<p>Hvort sem \u00fe\u00fa ert a\u00f0 nota expression-l\u00edkan til a\u00f0 stilla AUs fyrir fr\u00e6\u00f0iranns\u00f3knir, v\u00f6rubundna v\u00e9lan\u00e1m e\u00f0a pers\u00f3nuteikningu, munt \u00fe\u00fa m\u00e6ta \u00e1skorunum vi\u00f0 a\u00f0 afla hreina d\u00e6ma um kinnah\u00e6kkara og augnlokast\u00edfara.<\/p>","protected":false},"author":60486633,"featured_media":4689,"comment_status":"closed","ping_status":"closed","sticky":false,"template":"","format":"standard","meta":{"_jetpack_newsletter_access":"","_jetpack_dont_email_post_to_subs":false,"_jetpack_newsletter_tier_id":0,"_jetpack_memberships_contains_paywalled_content":false,"_wpcom_ai_launchpad_first_post":false,"_jetpack_feature_clip_id":0,"_jetpack_memberships_contains_paid_content":false,"footnotes":"","jetpack_post_was_ever_published":false},"categories":[676756913,676757036,676757039,676757037,676756991,676756915,676756914,676757008,676757038,676757188],"tags":[],"class_list":["post-1895","post","type-post","status-publish","format-standard","has-post-thumbnail","hentry","category-action-units","category-au6","category-au7","category-cheek-raiser","category-anatomy","category-facial-expressions","category-muscles","category-free","category-lid-tightener","category-orbicularis-oculi","generate-columns","tablet-grid-50","mobile-grid-100","grid-parent","grid-50"],"yoast_head":"<!-- This site is optimized with the Yoast SEO Premium plugin v28.4 (Yoast SEO v28.4) - https:\/\/yoast.com\/product\/yoast-seo-premium-wordpress\/ -->\n<title>Cheek Raiser vs. Lid Tightener - Face the FACS | Facial Expressions in Animation, AI, &amp; Behavior<\/title>\n<meta name=\"description\" content=\"Cheek raiser and lid tightener are commonly confused actions in FACS. Develop an eye for spotting the differences through reference study.\" \/>\n<meta name=\"robots\" content=\"index, follow, max-snippet:-1, max-image-preview:large, max-video-preview:-1\" \/>\n<link rel=\"canonical\" href=\"https:\/\/melindaozel.com\/is\/cheek-raiser-vs-lid-tightener\/\" \/>\n<meta property=\"og:locale\" content=\"is_IS\" \/>\n<meta property=\"og:type\" content=\"article\" \/>\n<meta property=\"og:title\" content=\"Cheek Raiser vs. Lid Tightener\" \/>\n<meta property=\"og:description\" content=\"Cheek raiser and lid tightener are commonly confused actions in FACS. Develop an eye for spotting the differences through reference study.\" \/>\n<meta property=\"og:url\" content=\"https:\/\/melindaozel.com\/is\/cheek-raiser-vs-lid-tightener\/\" \/>\n<meta property=\"og:site_name\" content=\"Face the FACS | Facial Expressions in Animation, AI, &amp; Behavior\" \/>\n<meta property=\"article:publisher\" content=\"https:\/\/facebook.com\/facetheFACS\/\" \/>\n<meta property=\"article:author\" content=\"https:\/\/facebook.com\/facetheFACS\/\" \/>\n<meta property=\"article:published_time\" content=\"2020-02-23T22:16:34+00:00\" \/>\n<meta property=\"article:modified_time\" content=\"2026-07-08T22:25:43+00:00\" \/>\n<meta property=\"og:image\" content=\"https:\/\/melindaozel.com\/wp-content\/uploads\/2021\/06\/orbicularisoculi_cool_for_class333-e1623265480552.png\" \/>\n\t<meta property=\"og:image:width\" content=\"576\" \/>\n\t<meta property=\"og:image:height\" content=\"364\" \/>\n\t<meta property=\"og:image:type\" content=\"image\/png\" \/>\n<meta name=\"author\" content=\"Melinda Ozel\" \/>\n<meta name=\"twitter:card\" content=\"summary_large_image\" \/>\n<meta name=\"twitter:creator\" content=\"@melindaozel\" \/>\n<meta name=\"twitter:site\" content=\"@melindaozel\" \/>\n<meta name=\"twitter:label1\" content=\"Written by\" \/>\n\t<meta name=\"twitter:data1\" content=\"Melinda Ozel\" \/>\n\t<meta name=\"twitter:label2\" content=\"Est. reading time\" \/>\n\t<meta name=\"twitter:data2\" content=\"2 minutes\" \/>\n<script type=\"application\/ld+json\" class=\"yoast-schema-graph\">{\"@context\":\"https:\\\/\\\/schema.org\",\"@graph\":[{\"@type\":\"Article\",\"@id\":\"https:\\\/\\\/melindaozel.com\\\/cheek-raiser-vs-lid-tightener\\\/#article\",\"isPartOf\":{\"@id\":\"https:\\\/\\\/melindaozel.com\\\/cheek-raiser-vs-lid-tightener\\\/\"},\"author\":{\"name\":\"Melinda Ozel\",\"@id\":\"https:\\\/\\\/melindaozel.com\\\/zh\\\/#\\\/schema\\\/person\\\/81c6262e1bfca3c71960db5aee204e3f\"},\"headline\":\"Cheek Raiser vs. Lid Tightener\",\"datePublished\":\"2020-02-23T22:16:34+00:00\",\"dateModified\":\"2026-07-08T22:25:43+00:00\",\"mainEntityOfPage\":{\"@id\":\"https:\\\/\\\/melindaozel.com\\\/cheek-raiser-vs-lid-tightener\\\/\"},\"wordCount\":1238,\"publisher\":{\"@id\":\"https:\\\/\\\/melindaozel.com\\\/zh\\\/#\\\/schema\\\/person\\\/81c6262e1bfca3c71960db5aee204e3f\"},\"image\":{\"@id\":\"https:\\\/\\\/melindaozel.com\\\/cheek-raiser-vs-lid-tightener\\\/#primaryimage\"},\"thumbnailUrl\":\"https:\\\/\\\/i0.wp.com\\\/melindaozel.com\\\/wp-content\\\/uploads\\\/2021\\\/06\\\/orbicularisoculi_cool_for_class333-e1623265480552.png?fit=576%2C364&ssl=1\",\"articleSection\":[\"action units (FACS AUs)\",\"AU6\",\"AU7\",\"cheek raiser\",\"facial anatomy\",\"facial expressions\",\"facial muscles\",\"free content\",\"lid tightener\",\"orbicularis oculi\"],\"inLanguage\":\"is\"},{\"@type\":\"WebPage\",\"@id\":\"https:\\\/\\\/melindaozel.com\\\/cheek-raiser-vs-lid-tightener\\\/\",\"url\":\"https:\\\/\\\/melindaozel.com\\\/cheek-raiser-vs-lid-tightener\\\/\",\"name\":\"Cheek Raiser vs. Lid Tightener - Face the FACS | Facial Expressions in Animation, AI, &amp; Behavior\",\"isPartOf\":{\"@id\":\"https:\\\/\\\/melindaozel.com\\\/zh\\\/#website\"},\"primaryImageOfPage\":{\"@id\":\"https:\\\/\\\/melindaozel.com\\\/cheek-raiser-vs-lid-tightener\\\/#primaryimage\"},\"image\":{\"@id\":\"https:\\\/\\\/melindaozel.com\\\/cheek-raiser-vs-lid-tightener\\\/#primaryimage\"},\"thumbnailUrl\":\"https:\\\/\\\/i0.wp.com\\\/melindaozel.com\\\/wp-content\\\/uploads\\\/2021\\\/06\\\/orbicularisoculi_cool_for_class333-e1623265480552.png?fit=576%2C364&ssl=1\",\"datePublished\":\"2020-02-23T22:16:34+00:00\",\"dateModified\":\"2026-07-08T22:25:43+00:00\",\"description\":\"Cheek raiser and lid tightener are commonly confused actions in FACS. Develop an eye for spotting the differences through reference study.\",\"breadcrumb\":{\"@id\":\"https:\\\/\\\/melindaozel.com\\\/cheek-raiser-vs-lid-tightener\\\/#breadcrumb\"},\"inLanguage\":\"is\",\"potentialAction\":[{\"@type\":\"ReadAction\",\"target\":[\"https:\\\/\\\/melindaozel.com\\\/cheek-raiser-vs-lid-tightener\\\/\"]}]},{\"@type\":\"ImageObject\",\"inLanguage\":\"is\",\"@id\":\"https:\\\/\\\/melindaozel.com\\\/cheek-raiser-vs-lid-tightener\\\/#primaryimage\",\"url\":\"https:\\\/\\\/i0.wp.com\\\/melindaozel.com\\\/wp-content\\\/uploads\\\/2021\\\/06\\\/orbicularisoculi_cool_for_class333-e1623265480552.png?fit=576%2C364&ssl=1\",\"contentUrl\":\"https:\\\/\\\/i0.wp.com\\\/melindaozel.com\\\/wp-content\\\/uploads\\\/2021\\\/06\\\/orbicularisoculi_cool_for_class333-e1623265480552.png?fit=576%2C364&ssl=1\",\"width\":576,\"height\":364,\"caption\":\"diagram of orbicularis oculi muscle\"},{\"@type\":\"BreadcrumbList\",\"@id\":\"https:\\\/\\\/melindaozel.com\\\/cheek-raiser-vs-lid-tightener\\\/#breadcrumb\",\"itemListElement\":[{\"@type\":\"ListItem\",\"position\":1,\"name\":\"Home\",\"item\":\"https:\\\/\\\/melindaozel.com\\\/\"},{\"@type\":\"ListItem\",\"position\":2,\"name\":\"Cheek Raiser vs. Lid Tightener\"}]},{\"@type\":\"WebSite\",\"@id\":\"https:\\\/\\\/melindaozel.com\\\/zh\\\/#website\",\"url\":\"https:\\\/\\\/melindaozel.com\\\/zh\\\/\",\"name\":\"Face the FACS\",\"description\":\"Facial Expressions in Art, Science, &amp; Technology\",\"publisher\":{\"@id\":\"https:\\\/\\\/melindaozel.com\\\/zh\\\/#\\\/schema\\\/person\\\/81c6262e1bfca3c71960db5aee204e3f\"},\"potentialAction\":[{\"@type\":\"SearchAction\",\"target\":{\"@type\":\"EntryPoint\",\"urlTemplate\":\"https:\\\/\\\/melindaozel.com\\\/zh\\\/?s={search_term_string}\"},\"query-input\":{\"@type\":\"PropertyValueSpecification\",\"valueRequired\":true,\"valueName\":\"search_term_string\"}}],\"inLanguage\":\"is\"},{\"@type\":[\"Person\",\"Organization\"],\"@id\":\"https:\\\/\\\/melindaozel.com\\\/zh\\\/#\\\/schema\\\/person\\\/81c6262e1bfca3c71960db5aee204e3f\",\"name\":\"Melinda Ozel\",\"image\":{\"@type\":\"ImageObject\",\"inLanguage\":\"is\",\"@id\":\"https:\\\/\\\/i0.wp.com\\\/melindaozel.com\\\/wp-content\\\/uploads\\\/2025\\\/02\\\/face-the-FACS-eye-mouth-logo-pixel.webp?fit=225%2C225&ssl=1\",\"url\":\"https:\\\/\\\/i0.wp.com\\\/melindaozel.com\\\/wp-content\\\/uploads\\\/2025\\\/02\\\/face-the-FACS-eye-mouth-logo-pixel.webp?fit=225%2C225&ssl=1\",\"contentUrl\":\"https:\\\/\\\/i0.wp.com\\\/melindaozel.com\\\/wp-content\\\/uploads\\\/2025\\\/02\\\/face-the-FACS-eye-mouth-logo-pixel.webp?fit=225%2C225&ssl=1\",\"width\":225,\"height\":225,\"caption\":\"Melinda Ozel\"},\"logo\":{\"@id\":\"https:\\\/\\\/i0.wp.com\\\/melindaozel.com\\\/wp-content\\\/uploads\\\/2025\\\/02\\\/face-the-FACS-eye-mouth-logo-pixel.webp?fit=225%2C225&ssl=1\"},\"sameAs\":[\"https:\\\/\\\/melindaozel.com\",\"https:\\\/\\\/facebook.com\\\/facetheFACS\\\/\",\"https:\\\/\\\/instagram.com\\\/manicexpression\",\"https:\\\/\\\/linkedin.com\\\/in\\\/melindaozel\",\"https:\\\/\\\/pinterest.com\\\/melindaozel\\\/\",\"https:\\\/\\\/x.com\\\/melindaozel\",\"https:\\\/\\\/youtube.com\\\/@facetheFACS\"],\"knowsAbout\":[\"Facial Action Coding System (FACS)\",\"Facial Expression Tracking\",\"Facial Anatomy\",\"Facial Animation\",\"Digital Humans\",\"Audio-to-Expression\",\"Audio-to-Face\",\"Visemes\",\"Lipsync\"],\"jobTitle\":\"Facial Systems Expert, Expression Scientist\",\"url\":\"https:\\\/\\\/melindaozel.com\\\/is\\\/author\\\/melindaozel\\\/\",\"numberOfEmployees\":{\"@type\":\"QuantitativeValue\",\"minValue\":\"1\",\"maxValue\":\"10\"}}]}<\/script>\n<!-- \/ Yoast SEO Premium plugin. -->","yoast_head_json":{"title":"Kinnarlyfti vs. augnlokastyrkjar \u2013 takast \u00e1 vi\u00f0 FACS | andlitsdr\u00e6ttir \u00ed hreyfimyndager\u00f0, gervigreind og heg\u00f0un","description":"Kinnah\u00e6kkun og lokaherting eru gjarnan rugla\u00f0ar saman a\u00f0ger\u00f0ir \u00ed FACS. \u00der\u00f3a\u00f0u augun til a\u00f0 greina muninn me\u00f0 \u00fev\u00ed a\u00f0 rannsaka vi\u00f0mi\u00f0.","robots":{"index":"index","follow":"follow","max-snippet":"max-snippet:-1","max-image-preview":"max-image-preview:large","max-video-preview":"max-video-preview:-1"},"canonical":"https:\/\/melindaozel.com\/is\/cheek-raiser-vs-lid-tightener\/","og_locale":"is_IS","og_type":"article","og_title":"Cheek Raiser vs. Lid Tightener","og_description":"Cheek raiser and lid tightener are commonly confused actions in FACS. Develop an eye for spotting the differences through reference study.","og_url":"https:\/\/melindaozel.com\/is\/cheek-raiser-vs-lid-tightener\/","og_site_name":"Face the FACS | Facial Expressions in Animation, AI, &amp; Behavior","article_publisher":"https:\/\/facebook.com\/facetheFACS\/","article_author":"https:\/\/facebook.com\/facetheFACS\/","article_published_time":"2020-02-23T22:16:34+00:00","article_modified_time":"2026-07-08T22:25:43+00:00","og_image":[{"width":576,"height":364,"url":"https:\/\/melindaozel.com\/wp-content\/uploads\/2021\/06\/orbicularisoculi_cool_for_class333-e1623265480552.png","type":"image\/png"}],"author":"Melinda Ozel","twitter_card":"summary_large_image","twitter_creator":"@melindaozel","twitter_site":"@melindaozel","twitter_misc":{"Written by":"Melinda Ozel","Est. reading time":"2 minutes"},"schema":{"@context":"https:\/\/schema.org","@graph":[{"@type":"Article","@id":"https:\/\/melindaozel.com\/cheek-raiser-vs-lid-tightener\/#article","isPartOf":{"@id":"https:\/\/melindaozel.com\/cheek-raiser-vs-lid-tightener\/"},"author":{"name":"Melinda Ozel","@id":"https:\/\/melindaozel.com\/zh\/#\/schema\/person\/81c6262e1bfca3c71960db5aee204e3f"},"headline":"Cheek Raiser vs. Lid Tightener","datePublished":"2020-02-23T22:16:34+00:00","dateModified":"2026-07-08T22:25:43+00:00","mainEntityOfPage":{"@id":"https:\/\/melindaozel.com\/cheek-raiser-vs-lid-tightener\/"},"wordCount":1238,"publisher":{"@id":"https:\/\/melindaozel.com\/zh\/#\/schema\/person\/81c6262e1bfca3c71960db5aee204e3f"},"image":{"@id":"https:\/\/melindaozel.com\/cheek-raiser-vs-lid-tightener\/#primaryimage"},"thumbnailUrl":"https:\/\/i0.wp.com\/melindaozel.com\/wp-content\/uploads\/2021\/06\/orbicularisoculi_cool_for_class333-e1623265480552.png?fit=576%2C364&ssl=1","articleSection":["action units (FACS AUs)","AU6","AU7","cheek raiser","facial anatomy","facial expressions","facial muscles","free content","lid tightener","orbicularis oculi"],"inLanguage":"is"},{"@type":"WebPage","@id":"https:\/\/melindaozel.com\/cheek-raiser-vs-lid-tightener\/","url":"https:\/\/melindaozel.com\/cheek-raiser-vs-lid-tightener\/","name":"Kinnarlyfti vs. augnlokastyrkjar \u2013 takast \u00e1 vi\u00f0 FACS | andlitsdr\u00e6ttir \u00ed hreyfimyndager\u00f0, gervigreind og heg\u00f0un","isPartOf":{"@id":"https:\/\/melindaozel.com\/zh\/#website"},"primaryImageOfPage":{"@id":"https:\/\/melindaozel.com\/cheek-raiser-vs-lid-tightener\/#primaryimage"},"image":{"@id":"https:\/\/melindaozel.com\/cheek-raiser-vs-lid-tightener\/#primaryimage"},"thumbnailUrl":"https:\/\/i0.wp.com\/melindaozel.com\/wp-content\/uploads\/2021\/06\/orbicularisoculi_cool_for_class333-e1623265480552.png?fit=576%2C364&ssl=1","datePublished":"2020-02-23T22:16:34+00:00","dateModified":"2026-07-08T22:25:43+00:00","description":"Kinnah\u00e6kkun og lokaherting eru gjarnan rugla\u00f0ar saman a\u00f0ger\u00f0ir \u00ed FACS. \u00der\u00f3a\u00f0u augun til a\u00f0 greina muninn me\u00f0 \u00fev\u00ed a\u00f0 rannsaka vi\u00f0mi\u00f0.","breadcrumb":{"@id":"https:\/\/melindaozel.com\/cheek-raiser-vs-lid-tightener\/#breadcrumb"},"inLanguage":"is","potentialAction":[{"@type":"ReadAction","target":["https:\/\/melindaozel.com\/cheek-raiser-vs-lid-tightener\/"]}]},{"@type":"ImageObject","inLanguage":"is","@id":"https:\/\/melindaozel.com\/cheek-raiser-vs-lid-tightener\/#primaryimage","url":"https:\/\/i0.wp.com\/melindaozel.com\/wp-content\/uploads\/2021\/06\/orbicularisoculi_cool_for_class333-e1623265480552.png?fit=576%2C364&ssl=1","contentUrl":"https:\/\/i0.wp.com\/melindaozel.com\/wp-content\/uploads\/2021\/06\/orbicularisoculi_cool_for_class333-e1623265480552.png?fit=576%2C364&ssl=1","width":576,"height":364,"caption":"diagram of orbicularis oculi muscle"},{"@type":"BreadcrumbList","@id":"https:\/\/melindaozel.com\/cheek-raiser-vs-lid-tightener\/#breadcrumb","itemListElement":[{"@type":"ListItem","position":1,"name":"Home","item":"https:\/\/melindaozel.com\/"},{"@type":"ListItem","position":2,"name":"Cheek Raiser vs. Lid Tightener"}]},{"@type":"WebSite","@id":"https:\/\/melindaozel.com\/zh\/#website","url":"https:\/\/melindaozel.com\/zh\/","name":"Andsp\u00e6nis FACS","description":"Andlitsdr\u00e6ttir \u00ed list, v\u00edsindum og t\u00e6kni","publisher":{"@id":"https:\/\/melindaozel.com\/zh\/#\/schema\/person\/81c6262e1bfca3c71960db5aee204e3f"},"potentialAction":[{"@type":"SearchAction","target":{"@type":"EntryPoint","urlTemplate":"https:\/\/melindaozel.com\/zh\/?s={search_term_string}"},"query-input":{"@type":"PropertyValueSpecification","valueRequired":true,"valueName":"search_term_string"}}],"inLanguage":"is"},{"@type":["Person","Organization"],"@id":"https:\/\/melindaozel.com\/zh\/#\/schema\/person\/81c6262e1bfca3c71960db5aee204e3f","name":"Melinda Ozel","image":{"@type":"ImageObject","inLanguage":"is","@id":"https:\/\/i0.wp.com\/melindaozel.com\/wp-content\/uploads\/2025\/02\/face-the-FACS-eye-mouth-logo-pixel.webp?fit=225%2C225&ssl=1","url":"https:\/\/i0.wp.com\/melindaozel.com\/wp-content\/uploads\/2025\/02\/face-the-FACS-eye-mouth-logo-pixel.webp?fit=225%2C225&ssl=1","contentUrl":"https:\/\/i0.wp.com\/melindaozel.com\/wp-content\/uploads\/2025\/02\/face-the-FACS-eye-mouth-logo-pixel.webp?fit=225%2C225&ssl=1","width":225,"height":225,"caption":"Melinda Ozel"},"logo":{"@id":"https:\/\/i0.wp.com\/melindaozel.com\/wp-content\/uploads\/2025\/02\/face-the-FACS-eye-mouth-logo-pixel.webp?fit=225%2C225&ssl=1"},"sameAs":["https:\/\/melindaozel.com","https:\/\/facebook.com\/facetheFACS\/","https:\/\/instagram.com\/manicexpression","https:\/\/linkedin.com\/in\/melindaozel","https:\/\/pinterest.com\/melindaozel\/","https:\/\/x.com\/melindaozel","https:\/\/youtube.com\/@facetheFACS"],"knowsAbout":["Facial Action Coding System (FACS)","Facial Expression Tracking","Facial Anatomy","Facial Animation","Digital Humans","Audio-to-Expression","Audio-to-Face","Visemes","Lipsync"],"jobTitle":"Facial Systems Expert, Expression Scientist","url":"https:\/\/melindaozel.com\/is\/author\/melindaozel\/","numberOfEmployees":{"@type":"QuantitativeValue","minValue":"1","maxValue":"10"}}]}},"jetpack_sharing_enabled":true,"jetpack_featured_media_url":"https:\/\/i0.wp.com\/melindaozel.com\/wp-content\/uploads\/2021\/06\/orbicularisoculi_cool_for_class333-e1623265480552.png?fit=576%2C364&ssl=1","_links":{"self":[{"href":"https:\/\/melindaozel.com\/is\/wp-json\/wp\/v2\/posts\/1895","targetHints":{"allow":["GET"]}}],"collection":[{"href":"https:\/\/melindaozel.com\/is\/wp-json\/wp\/v2\/posts"}],"about":[{"href":"https:\/\/melindaozel.com\/is\/wp-json\/wp\/v2\/types\/post"}],"author":[{"embeddable":true,"href":"https:\/\/melindaozel.com\/is\/wp-json\/wp\/v2\/users\/60486633"}],"replies":[{"embeddable":true,"href":"https:\/\/melindaozel.com\/is\/wp-json\/wp\/v2\/comments?post=1895"}],"version-history":[{"count":100,"href":"https:\/\/melindaozel.com\/is\/wp-json\/wp\/v2\/posts\/1895\/revisions"}],"predecessor-version":[{"id":15802,"href":"https:\/\/melindaozel.com\/is\/wp-json\/wp\/v2\/posts\/1895\/revisions\/15802"}],"wp:featuredmedia":[{"embeddable":true,"href":"https:\/\/melindaozel.com\/is\/wp-json\/wp\/v2\/media\/4689"}],"wp:attachment":[{"href":"https:\/\/melindaozel.com\/is\/wp-json\/wp\/v2\/media?parent=1895"}],"wp:term":[{"taxonomy":"category","embeddable":true,"href":"https:\/\/melindaozel.com\/is\/wp-json\/wp\/v2\/categories?post=1895"},{"taxonomy":"post_tag","embeddable":true,"href":"https:\/\/melindaozel.com\/is\/wp-json\/wp\/v2\/tags?post=1895"}],"curies":[{"name":"vp","href":"https:\/\/api.w.org\/{rel}","templated":true}]}}