{"id":4185,"date":"2021-04-22T15:19:07","date_gmt":"2021-04-22T19:19:07","guid":{"rendered":"https:\/\/melindaozel.com\/?p=4185"},"modified":"2025-02-21T16:01:34","modified_gmt":"2025-02-21T21:01:34","slug":"faces-you-dont-want-to-see-during-ux-research-especially-for-vr","status":"publish","type":"post","link":"https:\/\/melindaozel.com\/fr\/faces-you-dont-want-to-see-during-ux-research-especially-for-vr\/","title":{"rendered":"Les visages que vous ne voulez pas voir lors d'une recherche UX - en particulier pour la RV"},"content":{"rendered":"<div data-elementor-type=\"wp-post\" data-elementor-id=\"4185\" class=\"elementor elementor-4185\" data-elementor-post-type=\"post\">\n\t\t\t\t\t\t<section class=\"elementor-section elementor-top-section elementor-element elementor-element-e8c627f elementor-section-boxed elementor-section-height-default elementor-section-height-default\" data-id=\"e8c627f\" data-element_type=\"section\" data-e-type=\"section\">\n\t\t\t\t\t\t<div class=\"elementor-container elementor-column-gap-default\">\n\t\t\t\t\t<div class=\"elementor-column elementor-col-100 elementor-top-column elementor-element elementor-element-4ab4507\" data-id=\"4ab4507\" data-element_type=\"column\" data-e-type=\"column\">\n\t\t\t<div class=\"elementor-widget-wrap elementor-element-populated\">\n\t\t\t\t\t\t<div class=\"elementor-element elementor-element-507a15e elementor-widget elementor-widget-text-editor\" data-id=\"507a15e\" data-element_type=\"widget\" data-e-type=\"widget\" data-widget_type=\"text-editor.default\">\n\t\t\t\t\t\t\t\t\t<p><span style=\"font-weight: 300;\">Lorsque je faisais partie de l'\u00e9quipe de suivi des visages chez Oculus \/ Facebook, je m'int\u00e9ressais beaucoup \u00e0 la recherche sur l'exp\u00e9rience utilisateur (UX). Une partie de mon travail de suivi consistait \u00e0 organiser des sessions de collecte de donn\u00e9es avec des employ\u00e9s internes, et je profitais de ces sessions pour cr\u00e9er un r\u00e9seau.<\/span><\/p><p><span style=\"font-weight: 300;\">Pendant l'une de mes sessions, j'ai fini par rencontrer <span style=\"text-decoration: underline;\"><a href=\"https:\/\/www.linkedin.com\/in\/tarafranz\/\" target=\"_blank\" rel=\"noopener\">Tara Franz<\/a><\/span>qui dirigeait par hasard des \u00e9tudes \u00e0 domicile sur l'Oculus Quest. En raison de notre int\u00e9r\u00eat commun pour la compr\u00e9hension des personnes et des visages, nous avons d\u00e9cid\u00e9 d'unir nos forces et d'int\u00e9grer mon travail dans les \u00e9tudes \u00e0 domicile.<\/span><\/p><p><span style=\"font-weight: 300;\">Pendant quelques semaines, je me suis port\u00e9 volontaire pour rendre visite aux utilisateurs avec Tara et observer leurs expressions faciales. J'ai document\u00e9 les moments cl\u00e9s pendant les entretiens ainsi que pendant les exp\u00e9riences de Quest dans les \u00e9couteurs.\u00a0<\/span><\/p><p><span style=\"font-weight: 300;\">Alors que les entretiens pr\u00e9sentaient une plus grande variabilit\u00e9 dans les visages potentiellement int\u00e9ressants, les visages de l'exp\u00e9rience VR (qui, en raison de l'occlusion du casque, comprenaient principalement des expressions faciales inf\u00e9rieures) \u00e9taient beaucoup plus coh\u00e9rents et structur\u00e9s.\u00a0<\/span><\/p>\t\t\t\t\t\t\t\t<\/div>\n\t\t\t\t\t<\/div>\n\t\t<\/div>\n\t\t\t\t\t<\/div>\n\t\t<\/section>\n\t\t\t\t<section class=\"elementor-section elementor-top-section elementor-element elementor-element-e01773a elementor-section-boxed elementor-section-height-default elementor-section-height-default\" data-id=\"e01773a\" data-element_type=\"section\" data-e-type=\"section\">\n\t\t\t\t\t\t<div class=\"elementor-container elementor-column-gap-default\">\n\t\t\t\t\t<div class=\"elementor-column elementor-col-100 elementor-top-column elementor-element elementor-element-25ecadb\" data-id=\"25ecadb\" data-element_type=\"column\" data-e-type=\"column\">\n\t\t\t<div class=\"elementor-widget-wrap elementor-element-populated\">\n\t\t\t\t\t\t<div class=\"elementor-element elementor-element-e122821 elementor-widget elementor-widget-video\" data-id=\"e122821\" data-element_type=\"widget\" data-e-type=\"widget\" data-settings=\"{&quot;video_type&quot;:&quot;hosted&quot;,&quot;controls&quot;:&quot;yes&quot;}\" data-widget_type=\"video.default\">\n\t\t\t\t\t\t\t<div class=\"e-hosted-video elementor-wrapper elementor-open-inline\">\n\t\t\t\t\t<video class=\"elementor-video\" src=\"https:\/\/melindaozel.com\/wp-content\/uploads\/2021\/04\/VR_UX.mov\" controls=\"\" preload=\"metadata\" controlslist=\"nodownload\"><\/video>\n\t\t\t\t<\/div>\n\t\t\t\t\t\t<\/div>\n\t\t\t\t\t<\/div>\n\t\t<\/div>\n\t\t\t\t\t<\/div>\n\t\t<\/section>\n\t\t\t\t<section class=\"elementor-section elementor-top-section elementor-element elementor-element-890ded4 elementor-section-boxed elementor-section-height-default elementor-section-height-default\" data-id=\"890ded4\" data-element_type=\"section\" data-e-type=\"section\">\n\t\t\t\t\t\t<div class=\"elementor-container elementor-column-gap-default\">\n\t\t\t\t\t<div class=\"elementor-column elementor-col-100 elementor-top-column elementor-element elementor-element-b0fedad\" data-id=\"b0fedad\" data-element_type=\"column\" data-e-type=\"column\">\n\t\t\t<div class=\"elementor-widget-wrap elementor-element-populated\">\n\t\t\t\t\t\t<div class=\"elementor-element elementor-element-d388115 elementor-widget elementor-widget-text-editor\" data-id=\"d388115\" data-element_type=\"widget\" data-e-type=\"widget\" data-widget_type=\"text-editor.default\">\n\t\t\t\t\t\t\t\t\t<p><span style=\"font-weight: 300;\">Les visages d'inconfort suivaient souvent l'ajustement du casque - ou pr\u00e9disaient les ajustements \u00e0 venir. Les visages d'ennui et les visages de m\u00e9pris avaient tendance \u00e0 pr\u00e9dire des exp\u00e9riences ind\u00e9sirables r\u00e9v\u00e9l\u00e9es plus tard lors des entretiens post-d\u00e9mo.<\/span><\/p>\n<p><span style=\"font-weight: 300;\">Ces expressions n'\u00e9taient pas seulement utiles pour pr\u00e9dire les \u00e9v\u00e9nements. Elles ont \u00e9galement servi de point de d\u00e9part \u00e0 des recherches plus approfondies. Si un utilisateur faisait un visage particulier \u00e0 plusieurs reprises lorsqu'il discutait ou vivait un certain \u00e9v\u00e9nement, nous \u00e9tions en mesure d'aller plus loin et de recueillir des informations plus approfondies.&nbsp;<\/span><\/p>\n<p><span style=\"font-weight: 300;\">Apr\u00e8s avoir termin\u00e9 les \u00e9tudes \u00e0 domicile, j'ai cr\u00e9\u00e9 un guide des expressions du visage inf\u00e9rieur que Tara et son \u00e9quipe pourront garder \u00e0 l'esprit pendant leurs s\u00e9ances.<\/span><\/p>\n<p><span style=\"font-weight: 300;\">La recherche en mati\u00e8re d'UX est un domaine passionnant, car il n'y a pas une seule bonne fa\u00e7on de mener une \u00e9tude. Il y a tellement de place pour la cr\u00e9ativit\u00e9 et l'inventivit\u00e9. De nouveaux points de donn\u00e9es \u00e0 recueillir. De nouvelles m\u00e9thodes \u00e0 appliquer.&nbsp;<\/span><\/p>\n<p><span style=\"font-weight: 300;\">Il se peut que je cr\u00e9e une autre fiche de conseils en mati\u00e8re d'UX pour les chercheurs en RV. Si vous \u00eates int\u00e9ress\u00e9 par un tel guide, faites-le moi savoir dans les commentaires \ud83d\ude00.<\/span><\/p>\t\t\t\t\t\t\t\t<\/div>\n\t\t\t\t\t<\/div>\n\t\t<\/div>\n\t\t\t\t\t<\/div>\n\t\t<\/section>\n\t\t\t\t<\/div>","protected":false},"excerpt":{"rendered":"<p>Les visages d'inconfort suivaient souvent l'ajustement du casque - ou pr\u00e9disaient les ajustements \u00e0 venir. Les visages d'ennui et les visages de m\u00e9pris avaient tendance \u00e0 pr\u00e9dire les exp\u00e9riences ind\u00e9sirables r\u00e9v\u00e9l\u00e9es plus tard lors des entretiens post-d\u00e9mo. Ces expressions n'\u00e9taient pas seulement utiles pour pr\u00e9dire les \u00e9v\u00e9nements. Elles ont \u00e9galement servi de points de rep\u00e8re pour une enqu\u00eate plus approfondie.<\/p>","protected":false},"author":60486633,"featured_media":4186,"comment_status":"closed","ping_status":"closed","sticky":false,"template":"","format":"standard","meta":{"_jetpack_memberships_contains_paid_content":false,"footnotes":""},"categories":[676756994,676756997,676756915,676757008,676756993],"tags":[],"class_list":["post-4185","post","type-post","status-publish","format-standard","has-post-thumbnail","hentry","category-ar-vr","category-behavior","category-facial-expressions","category-free","category-tech","generate-columns","tablet-grid-50","mobile-grid-100","grid-parent","grid-50"],"yoast_head":"<!-- This site is optimized with the Yoast SEO Premium plugin v27.5 (Yoast SEO v27.5) - https:\/\/yoast.com\/product\/yoast-seo-premium-wordpress\/ -->\n<title>Faces You Don&#039;t Want to See During UX Research - Especially For VR - Face the FACS | Facial Expressions in Animation, AI, &amp; Behavior<\/title>\n<meta name=\"robots\" content=\"index, follow, max-snippet:-1, max-image-preview:large, max-video-preview:-1\" \/>\n<link rel=\"canonical\" href=\"https:\/\/melindaozel.com\/fr\/faces-you-dont-want-to-see-during-ux-research-especially-for-vr\/\" \/>\n<meta property=\"og:locale\" content=\"fr_FR\" \/>\n<meta property=\"og:type\" content=\"article\" \/>\n<meta property=\"og:title\" content=\"Faces You Don&#039;t Want to See During UX Research - Especially For VR\" \/>\n<meta property=\"og:description\" content=\"Faces of discomfort often followed headset adjustment - or predicted upcoming adjustments. Bored faces and faces on the contempt spectrum tended to be predictive of undesirable experiences later disclosed during the post-demo interviews. These expressions were not just useful for predicting events. They also served as points for further investigation.\" \/>\n<meta property=\"og:url\" content=\"https:\/\/melindaozel.com\/fr\/faces-you-dont-want-to-see-during-ux-research-especially-for-vr\/\" \/>\n<meta property=\"og:site_name\" content=\"Face the FACS | Facial Expressions in Animation, AI, &amp; Behavior\" \/>\n<meta property=\"article:publisher\" content=\"https:\/\/facebook.com\/facetheFACS\/\" \/>\n<meta property=\"article:author\" content=\"https:\/\/facebook.com\/facetheFACS\/\" \/>\n<meta property=\"article:published_time\" content=\"2021-04-22T19:19:07+00:00\" \/>\n<meta property=\"article:modified_time\" content=\"2025-02-21T21:01:34+00:00\" \/>\n<meta property=\"og:image\" content=\"https:\/\/melindaozel.com\/wp-content\/uploads\/2021\/04\/IMG_2270_Facetune_22-04-2021-13-29-31.jpg\" \/>\n\t<meta property=\"og:image:width\" content=\"828\" \/>\n\t<meta property=\"og:image:height\" content=\"667\" \/>\n\t<meta property=\"og:image:type\" content=\"image\/jpeg\" \/>\n<meta name=\"author\" content=\"Melinda Ozel\" \/>\n<meta name=\"twitter:card\" content=\"summary_large_image\" \/>\n<meta name=\"twitter:creator\" content=\"@melindaozel\" \/>\n<meta name=\"twitter:site\" content=\"@melindaozel\" \/>\n<meta name=\"twitter:label1\" content=\"\u00c9crit par\" \/>\n\t<meta name=\"twitter:data1\" content=\"Melinda Ozel\" \/>\n\t<meta name=\"twitter:label2\" content=\"Dur\u00e9e de lecture estim\u00e9e\" \/>\n\t<meta name=\"twitter:data2\" content=\"2 minutes\" \/>\n<script type=\"application\/ld+json\" class=\"yoast-schema-graph\">{\"@context\":\"https:\\\/\\\/schema.org\",\"@graph\":[{\"@type\":\"Article\",\"@id\":\"https:\\\/\\\/melindaozel.com\\\/faces-you-dont-want-to-see-during-ux-research-especially-for-vr\\\/#article\",\"isPartOf\":{\"@id\":\"https:\\\/\\\/melindaozel.com\\\/faces-you-dont-want-to-see-during-ux-research-especially-for-vr\\\/\"},\"author\":{\"name\":\"Melinda Ozel\",\"@id\":\"https:\\\/\\\/melindaozel.com\\\/zh\\\/#\\\/schema\\\/person\\\/81c6262e1bfca3c71960db5aee204e3f\"},\"headline\":\"Faces You Don&#8217;t Want to See During UX Research &#8211; Especially For VR\",\"datePublished\":\"2021-04-22T19:19:07+00:00\",\"dateModified\":\"2025-02-21T21:01:34+00:00\",\"mainEntityOfPage\":{\"@id\":\"https:\\\/\\\/melindaozel.com\\\/faces-you-dont-want-to-see-during-ux-research-especially-for-vr\\\/\"},\"wordCount\":339,\"publisher\":{\"@id\":\"https:\\\/\\\/melindaozel.com\\\/zh\\\/#\\\/schema\\\/person\\\/81c6262e1bfca3c71960db5aee204e3f\"},\"image\":{\"@id\":\"https:\\\/\\\/melindaozel.com\\\/faces-you-dont-want-to-see-during-ux-research-especially-for-vr\\\/#primaryimage\"},\"thumbnailUrl\":\"https:\\\/\\\/i0.wp.com\\\/melindaozel.com\\\/wp-content\\\/uploads\\\/2021\\\/04\\\/IMG_2270_Facetune_22-04-2021-13-29-31.jpg?fit=828%2C667&ssl=1\",\"articleSection\":[\"AR\\\/VR\",\"behavior\",\"facial expressions\",\"free content\",\"tech\"],\"inLanguage\":\"fr-FR\"},{\"@type\":\"WebPage\",\"@id\":\"https:\\\/\\\/melindaozel.com\\\/faces-you-dont-want-to-see-during-ux-research-especially-for-vr\\\/\",\"url\":\"https:\\\/\\\/melindaozel.com\\\/faces-you-dont-want-to-see-during-ux-research-especially-for-vr\\\/\",\"name\":\"Faces You Don't Want to See During UX Research - Especially For VR - Face the FACS | Facial Expressions in Animation, AI, &amp; Behavior\",\"isPartOf\":{\"@id\":\"https:\\\/\\\/melindaozel.com\\\/zh\\\/#website\"},\"primaryImageOfPage\":{\"@id\":\"https:\\\/\\\/melindaozel.com\\\/faces-you-dont-want-to-see-during-ux-research-especially-for-vr\\\/#primaryimage\"},\"image\":{\"@id\":\"https:\\\/\\\/melindaozel.com\\\/faces-you-dont-want-to-see-during-ux-research-especially-for-vr\\\/#primaryimage\"},\"thumbnailUrl\":\"https:\\\/\\\/i0.wp.com\\\/melindaozel.com\\\/wp-content\\\/uploads\\\/2021\\\/04\\\/IMG_2270_Facetune_22-04-2021-13-29-31.jpg?fit=828%2C667&ssl=1\",\"datePublished\":\"2021-04-22T19:19:07+00:00\",\"dateModified\":\"2025-02-21T21:01:34+00:00\",\"breadcrumb\":{\"@id\":\"https:\\\/\\\/melindaozel.com\\\/faces-you-dont-want-to-see-during-ux-research-especially-for-vr\\\/#breadcrumb\"},\"inLanguage\":\"fr-FR\",\"potentialAction\":[{\"@type\":\"ReadAction\",\"target\":[\"https:\\\/\\\/melindaozel.com\\\/faces-you-dont-want-to-see-during-ux-research-especially-for-vr\\\/\"]}]},{\"@type\":\"ImageObject\",\"inLanguage\":\"fr-FR\",\"@id\":\"https:\\\/\\\/melindaozel.com\\\/faces-you-dont-want-to-see-during-ux-research-especially-for-vr\\\/#primaryimage\",\"url\":\"https:\\\/\\\/i0.wp.com\\\/melindaozel.com\\\/wp-content\\\/uploads\\\/2021\\\/04\\\/IMG_2270_Facetune_22-04-2021-13-29-31.jpg?fit=828%2C667&ssl=1\",\"contentUrl\":\"https:\\\/\\\/i0.wp.com\\\/melindaozel.com\\\/wp-content\\\/uploads\\\/2021\\\/04\\\/IMG_2270_Facetune_22-04-2021-13-29-31.jpg?fit=828%2C667&ssl=1\",\"width\":828,\"height\":667,\"caption\":\"facial expressions you to avoid during UX research sessions\"},{\"@type\":\"BreadcrumbList\",\"@id\":\"https:\\\/\\\/melindaozel.com\\\/faces-you-dont-want-to-see-during-ux-research-especially-for-vr\\\/#breadcrumb\",\"itemListElement\":[{\"@type\":\"ListItem\",\"position\":1,\"name\":\"Home\",\"item\":\"https:\\\/\\\/melindaozel.com\\\/\"},{\"@type\":\"ListItem\",\"position\":2,\"name\":\"Faces You Don&#8217;t Want to See During UX Research &#8211; Especially For VR\"}]},{\"@type\":\"WebSite\",\"@id\":\"https:\\\/\\\/melindaozel.com\\\/zh\\\/#website\",\"url\":\"https:\\\/\\\/melindaozel.com\\\/zh\\\/\",\"name\":\"Face the FACS\",\"description\":\"Facial Expressions in Art, Science, &amp; Technology\",\"publisher\":{\"@id\":\"https:\\\/\\\/melindaozel.com\\\/zh\\\/#\\\/schema\\\/person\\\/81c6262e1bfca3c71960db5aee204e3f\"},\"potentialAction\":[{\"@type\":\"SearchAction\",\"target\":{\"@type\":\"EntryPoint\",\"urlTemplate\":\"https:\\\/\\\/melindaozel.com\\\/zh\\\/?s={search_term_string}\"},\"query-input\":{\"@type\":\"PropertyValueSpecification\",\"valueRequired\":true,\"valueName\":\"search_term_string\"}}],\"inLanguage\":\"fr-FR\"},{\"@type\":[\"Person\",\"Organization\"],\"@id\":\"https:\\\/\\\/melindaozel.com\\\/zh\\\/#\\\/schema\\\/person\\\/81c6262e1bfca3c71960db5aee204e3f\",\"name\":\"Melinda Ozel\",\"image\":{\"@type\":\"ImageObject\",\"inLanguage\":\"fr-FR\",\"@id\":\"https:\\\/\\\/i0.wp.com\\\/melindaozel.com\\\/wp-content\\\/uploads\\\/2025\\\/02\\\/face-the-FACS-eye-mouth-logo-pixel.webp?fit=225%2C225&ssl=1\",\"url\":\"https:\\\/\\\/i0.wp.com\\\/melindaozel.com\\\/wp-content\\\/uploads\\\/2025\\\/02\\\/face-the-FACS-eye-mouth-logo-pixel.webp?fit=225%2C225&ssl=1\",\"contentUrl\":\"https:\\\/\\\/i0.wp.com\\\/melindaozel.com\\\/wp-content\\\/uploads\\\/2025\\\/02\\\/face-the-FACS-eye-mouth-logo-pixel.webp?fit=225%2C225&ssl=1\",\"width\":225,\"height\":225,\"caption\":\"Melinda Ozel\"},\"logo\":{\"@id\":\"https:\\\/\\\/i0.wp.com\\\/melindaozel.com\\\/wp-content\\\/uploads\\\/2025\\\/02\\\/face-the-FACS-eye-mouth-logo-pixel.webp?fit=225%2C225&ssl=1\"},\"sameAs\":[\"https:\\\/\\\/melindaozel.com\",\"https:\\\/\\\/facebook.com\\\/facetheFACS\\\/\",\"https:\\\/\\\/instagram.com\\\/manicexpression\",\"https:\\\/\\\/linkedin.com\\\/in\\\/melindaozel\",\"https:\\\/\\\/pinterest.com\\\/melindaozel\\\/\",\"https:\\\/\\\/x.com\\\/melindaozel\",\"https:\\\/\\\/youtube.com\\\/@facetheFACS\"],\"knowsAbout\":[\"Facial Action Coding System (FACS)\",\"Facial Expression Tracking\",\"Facial Anatomy\",\"Facial Animation\",\"Digital Humans\",\"Audio-to-Expression\",\"Audio-to-Face\",\"Visemes\",\"Lipsync\"],\"jobTitle\":\"Facial Systems Expert, Expression Scientist\",\"url\":\"https:\\\/\\\/melindaozel.com\\\/fr\\\/author\\\/melindaozel\\\/\",\"numberOfEmployees\":{\"@type\":\"QuantitativeValue\",\"minValue\":\"1\",\"maxValue\":\"10\"}}]}<\/script>\n<!-- \/ Yoast SEO Premium plugin. -->","yoast_head_json":{"title":"Les visages que vous ne voulez pas voir pendant la recherche UX - Surtout pour la RV - Face the FACS | Facial Expressions in Animation, AI, &amp; Behavior (Les expressions faciales dans l'animation, l'IA et le comportement)","robots":{"index":"index","follow":"follow","max-snippet":"max-snippet:-1","max-image-preview":"max-image-preview:large","max-video-preview":"max-video-preview:-1"},"canonical":"https:\/\/melindaozel.com\/fr\/faces-you-dont-want-to-see-during-ux-research-especially-for-vr\/","og_locale":"fr_FR","og_type":"article","og_title":"Faces You Don't Want to See During UX Research - Especially For VR","og_description":"Faces of discomfort often followed headset adjustment - or predicted upcoming adjustments. Bored faces and faces on the contempt spectrum tended to be predictive of undesirable experiences later disclosed during the post-demo interviews. These expressions were not just useful for predicting events. They also served as points for further investigation.","og_url":"https:\/\/melindaozel.com\/fr\/faces-you-dont-want-to-see-during-ux-research-especially-for-vr\/","og_site_name":"Face the FACS | Facial Expressions in Animation, AI, &amp; Behavior","article_publisher":"https:\/\/facebook.com\/facetheFACS\/","article_author":"https:\/\/facebook.com\/facetheFACS\/","article_published_time":"2021-04-22T19:19:07+00:00","article_modified_time":"2025-02-21T21:01:34+00:00","og_image":[{"width":828,"height":667,"url":"https:\/\/melindaozel.com\/wp-content\/uploads\/2021\/04\/IMG_2270_Facetune_22-04-2021-13-29-31.jpg","type":"image\/jpeg"}],"author":"Melinda Ozel","twitter_card":"summary_large_image","twitter_creator":"@melindaozel","twitter_site":"@melindaozel","twitter_misc":{"\u00c9crit par":"Melinda Ozel","Dur\u00e9e de lecture estim\u00e9e":"2 minutes"},"schema":{"@context":"https:\/\/schema.org","@graph":[{"@type":"Article","@id":"https:\/\/melindaozel.com\/faces-you-dont-want-to-see-during-ux-research-especially-for-vr\/#article","isPartOf":{"@id":"https:\/\/melindaozel.com\/faces-you-dont-want-to-see-during-ux-research-especially-for-vr\/"},"author":{"name":"Melinda Ozel","@id":"https:\/\/melindaozel.com\/zh\/#\/schema\/person\/81c6262e1bfca3c71960db5aee204e3f"},"headline":"Faces You Don&#8217;t Want to See During UX Research &#8211; Especially For VR","datePublished":"2021-04-22T19:19:07+00:00","dateModified":"2025-02-21T21:01:34+00:00","mainEntityOfPage":{"@id":"https:\/\/melindaozel.com\/faces-you-dont-want-to-see-during-ux-research-especially-for-vr\/"},"wordCount":339,"publisher":{"@id":"https:\/\/melindaozel.com\/zh\/#\/schema\/person\/81c6262e1bfca3c71960db5aee204e3f"},"image":{"@id":"https:\/\/melindaozel.com\/faces-you-dont-want-to-see-during-ux-research-especially-for-vr\/#primaryimage"},"thumbnailUrl":"https:\/\/i0.wp.com\/melindaozel.com\/wp-content\/uploads\/2021\/04\/IMG_2270_Facetune_22-04-2021-13-29-31.jpg?fit=828%2C667&ssl=1","articleSection":["AR\/VR","behavior","facial expressions","free content","tech"],"inLanguage":"fr-FR"},{"@type":"WebPage","@id":"https:\/\/melindaozel.com\/faces-you-dont-want-to-see-during-ux-research-especially-for-vr\/","url":"https:\/\/melindaozel.com\/faces-you-dont-want-to-see-during-ux-research-especially-for-vr\/","name":"Les visages que vous ne voulez pas voir pendant la recherche UX - Surtout pour la RV - Face the FACS | Facial Expressions in Animation, AI, &amp; Behavior (Les expressions faciales dans l'animation, l'IA et le comportement)","isPartOf":{"@id":"https:\/\/melindaozel.com\/zh\/#website"},"primaryImageOfPage":{"@id":"https:\/\/melindaozel.com\/faces-you-dont-want-to-see-during-ux-research-especially-for-vr\/#primaryimage"},"image":{"@id":"https:\/\/melindaozel.com\/faces-you-dont-want-to-see-during-ux-research-especially-for-vr\/#primaryimage"},"thumbnailUrl":"https:\/\/i0.wp.com\/melindaozel.com\/wp-content\/uploads\/2021\/04\/IMG_2270_Facetune_22-04-2021-13-29-31.jpg?fit=828%2C667&ssl=1","datePublished":"2021-04-22T19:19:07+00:00","dateModified":"2025-02-21T21:01:34+00:00","breadcrumb":{"@id":"https:\/\/melindaozel.com\/faces-you-dont-want-to-see-during-ux-research-especially-for-vr\/#breadcrumb"},"inLanguage":"fr-FR","potentialAction":[{"@type":"ReadAction","target":["https:\/\/melindaozel.com\/faces-you-dont-want-to-see-during-ux-research-especially-for-vr\/"]}]},{"@type":"ImageObject","inLanguage":"fr-FR","@id":"https:\/\/melindaozel.com\/faces-you-dont-want-to-see-during-ux-research-especially-for-vr\/#primaryimage","url":"https:\/\/i0.wp.com\/melindaozel.com\/wp-content\/uploads\/2021\/04\/IMG_2270_Facetune_22-04-2021-13-29-31.jpg?fit=828%2C667&ssl=1","contentUrl":"https:\/\/i0.wp.com\/melindaozel.com\/wp-content\/uploads\/2021\/04\/IMG_2270_Facetune_22-04-2021-13-29-31.jpg?fit=828%2C667&ssl=1","width":828,"height":667,"caption":"facial expressions you to avoid during UX research sessions"},{"@type":"BreadcrumbList","@id":"https:\/\/melindaozel.com\/faces-you-dont-want-to-see-during-ux-research-especially-for-vr\/#breadcrumb","itemListElement":[{"@type":"ListItem","position":1,"name":"Home","item":"https:\/\/melindaozel.com\/"},{"@type":"ListItem","position":2,"name":"Faces You Don&#8217;t Want to See During UX Research &#8211; Especially For VR"}]},{"@type":"WebSite","@id":"https:\/\/melindaozel.com\/zh\/#website","url":"https:\/\/melindaozel.com\/zh\/","name":"Faire face au FACS","description":"Expressions faciales dans l'art, la science et la technologie","publisher":{"@id":"https:\/\/melindaozel.com\/zh\/#\/schema\/person\/81c6262e1bfca3c71960db5aee204e3f"},"potentialAction":[{"@type":"SearchAction","target":{"@type":"EntryPoint","urlTemplate":"https:\/\/melindaozel.com\/zh\/?s={search_term_string}"},"query-input":{"@type":"PropertyValueSpecification","valueRequired":true,"valueName":"search_term_string"}}],"inLanguage":"fr-FR"},{"@type":["Person","Organization"],"@id":"https:\/\/melindaozel.com\/zh\/#\/schema\/person\/81c6262e1bfca3c71960db5aee204e3f","name":"Melinda Ozel","image":{"@type":"ImageObject","inLanguage":"fr-FR","@id":"https:\/\/i0.wp.com\/melindaozel.com\/wp-content\/uploads\/2025\/02\/face-the-FACS-eye-mouth-logo-pixel.webp?fit=225%2C225&ssl=1","url":"https:\/\/i0.wp.com\/melindaozel.com\/wp-content\/uploads\/2025\/02\/face-the-FACS-eye-mouth-logo-pixel.webp?fit=225%2C225&ssl=1","contentUrl":"https:\/\/i0.wp.com\/melindaozel.com\/wp-content\/uploads\/2025\/02\/face-the-FACS-eye-mouth-logo-pixel.webp?fit=225%2C225&ssl=1","width":225,"height":225,"caption":"Melinda Ozel"},"logo":{"@id":"https:\/\/i0.wp.com\/melindaozel.com\/wp-content\/uploads\/2025\/02\/face-the-FACS-eye-mouth-logo-pixel.webp?fit=225%2C225&ssl=1"},"sameAs":["https:\/\/melindaozel.com","https:\/\/facebook.com\/facetheFACS\/","https:\/\/instagram.com\/manicexpression","https:\/\/linkedin.com\/in\/melindaozel","https:\/\/pinterest.com\/melindaozel\/","https:\/\/x.com\/melindaozel","https:\/\/youtube.com\/@facetheFACS"],"knowsAbout":["Facial Action Coding System (FACS)","Facial Expression Tracking","Facial Anatomy","Facial Animation","Digital Humans","Audio-to-Expression","Audio-to-Face","Visemes","Lipsync"],"jobTitle":"Facial Systems Expert, Expression Scientist","url":"https:\/\/melindaozel.com\/fr\/author\/melindaozel\/","numberOfEmployees":{"@type":"QuantitativeValue","minValue":"1","maxValue":"10"}}]}},"jetpack_featured_media_url":"https:\/\/i0.wp.com\/melindaozel.com\/wp-content\/uploads\/2021\/04\/IMG_2270_Facetune_22-04-2021-13-29-31.jpg?fit=828%2C667&ssl=1","jetpack_sharing_enabled":true,"_links":{"self":[{"href":"https:\/\/melindaozel.com\/fr\/wp-json\/wp\/v2\/posts\/4185","targetHints":{"allow":["GET"]}}],"collection":[{"href":"https:\/\/melindaozel.com\/fr\/wp-json\/wp\/v2\/posts"}],"about":[{"href":"https:\/\/melindaozel.com\/fr\/wp-json\/wp\/v2\/types\/post"}],"author":[{"embeddable":true,"href":"https:\/\/melindaozel.com\/fr\/wp-json\/wp\/v2\/users\/60486633"}],"replies":[{"embeddable":true,"href":"https:\/\/melindaozel.com\/fr\/wp-json\/wp\/v2\/comments?post=4185"}],"version-history":[{"count":9,"href":"https:\/\/melindaozel.com\/fr\/wp-json\/wp\/v2\/posts\/4185\/revisions"}],"predecessor-version":[{"id":11403,"href":"https:\/\/melindaozel.com\/fr\/wp-json\/wp\/v2\/posts\/4185\/revisions\/11403"}],"wp:featuredmedia":[{"embeddable":true,"href":"https:\/\/melindaozel.com\/fr\/wp-json\/wp\/v2\/media\/4186"}],"wp:attachment":[{"href":"https:\/\/melindaozel.com\/fr\/wp-json\/wp\/v2\/media?parent=4185"}],"wp:term":[{"taxonomy":"category","embeddable":true,"href":"https:\/\/melindaozel.com\/fr\/wp-json\/wp\/v2\/categories?post=4185"},{"taxonomy":"post_tag","embeddable":true,"href":"https:\/\/melindaozel.com\/fr\/wp-json\/wp\/v2\/tags?post=4185"}],"curies":[{"name":"wp","href":"https:\/\/api.w.org\/{rel}","templated":true}]}}