{"id":4185,"date":"2021-04-22T15:19:07","date_gmt":"2021-04-22T19:19:07","guid":{"rendered":"https:\/\/melindaozel.com\/?p=4185"},"modified":"2025-02-21T16:01:34","modified_gmt":"2025-02-21T21:01:34","slug":"faces-you-dont-want-to-see-during-ux-research-especially-for-vr","status":"publish","type":"post","link":"https:\/\/melindaozel.com\/fi\/faces-you-dont-want-to-see-during-ux-research-especially-for-vr\/","title":{"rendered":"Kasvot, joita et halua n\u00e4hd\u00e4 UX-tutkimuksen aikana - etenk\u00e4\u00e4n VR:ss\u00e4"},"content":{"rendered":"<div data-elementor-type=\"wp-post\" data-elementor-id=\"4185\" class=\"elementor elementor-4185\" data-elementor-post-type=\"post\">\n\t\t\t\t\t\t<section class=\"elementor-section elementor-top-section elementor-element elementor-element-e8c627f elementor-section-boxed elementor-section-height-default elementor-section-height-default\" data-id=\"e8c627f\" data-element_type=\"section\" data-e-type=\"section\">\n\t\t\t\t\t\t<div class=\"elementor-container elementor-column-gap-default\">\n\t\t\t\t\t<div class=\"elementor-column elementor-col-100 elementor-top-column elementor-element elementor-element-4ab4507\" data-id=\"4ab4507\" data-element_type=\"column\" data-e-type=\"column\">\n\t\t\t<div class=\"elementor-widget-wrap elementor-element-populated\">\n\t\t\t\t\t\t<div class=\"elementor-element elementor-element-507a15e elementor-widget elementor-widget-text-editor\" data-id=\"507a15e\" data-element_type=\"widget\" data-e-type=\"widget\" data-widget_type=\"text-editor.default\">\n\t\t\t\t\t\t\t\t\t<p><span style=\"font-weight: 300;\">Kun olin Oculuksen\/Facebookin kasvojenseurantatiimiss\u00e4, olin hyvin kiinnostunut k\u00e4ytt\u00e4j\u00e4kokemuksen (UX) tutkimuksesta. Osa seurantaan liittyv\u00e4\u00e4 ty\u00f6t\u00e4ni oli j\u00e4rjest\u00e4\u00e4 tiedonkeruuistuntoja sis\u00e4isten ty\u00f6ntekij\u00f6iden kanssa, ja k\u00e4ytin n\u00e4it\u00e4 istuntoja tilaisuutena verkostoitua.<\/span><\/p><p><span style=\"font-weight: 300;\">Er\u00e4\u00e4n istuntoni aikana p\u00e4\u00e4dyin tapaamaan - <span style=\"text-decoration: underline;\"><a href=\"https:\/\/www.linkedin.com\/in\/tarafranz\/\" target=\"_blank\" rel=\"noopener\">Tara Franz<\/a><\/span>, joka sattui ohjaamaan kotitutkimuksia Oculus Questilla. Koska meill\u00e4 oli yhteinen kiinnostus ihmisten ja kasvojen ymm\u00e4rt\u00e4miseen, p\u00e4\u00e4timme yhdist\u00e4\u00e4 voimamme ja integroida ty\u00f6ni kotitutkimuksiin.<\/span><\/p><p><span style=\"font-weight: 300;\">Muutaman viikon ajan vierailin vapaaehtoisesti Taran kanssa k\u00e4ytt\u00e4jien luona ja tarkkailin heid\u00e4n ilmeit\u00e4\u00e4n. Dokumentoin keskeisi\u00e4 hetki\u00e4 haastattelujen aikana sek\u00e4 headset Quest -kokemusten aikana.\u00a0<\/span><\/p><p><span style=\"font-weight: 300;\">Haastatteluissa potentiaalisesti mielenkiintoiset kasvot vaihtelivat enemm\u00e4n, mutta VR-kokemuksen kasvot (jotka kuulokkeiden peitt\u00e4misen vuoksi sis\u00e4lsiv\u00e4t enimm\u00e4kseen matalampia kasvonilmeit\u00e4) olivat paljon johdonmukaisempia ja kaavamaisempia.\u00a0<\/span><\/p>\t\t\t\t\t\t\t\t<\/div>\n\t\t\t\t\t<\/div>\n\t\t<\/div>\n\t\t\t\t\t<\/div>\n\t\t<\/section>\n\t\t\t\t<section class=\"elementor-section elementor-top-section elementor-element elementor-element-e01773a elementor-section-boxed elementor-section-height-default elementor-section-height-default\" data-id=\"e01773a\" data-element_type=\"section\" data-e-type=\"section\">\n\t\t\t\t\t\t<div class=\"elementor-container elementor-column-gap-default\">\n\t\t\t\t\t<div class=\"elementor-column elementor-col-100 elementor-top-column elementor-element elementor-element-25ecadb\" data-id=\"25ecadb\" data-element_type=\"column\" data-e-type=\"column\">\n\t\t\t<div class=\"elementor-widget-wrap elementor-element-populated\">\n\t\t\t\t\t\t<div class=\"elementor-element elementor-element-e122821 elementor-widget elementor-widget-video\" data-id=\"e122821\" data-element_type=\"widget\" data-e-type=\"widget\" data-settings=\"{&quot;video_type&quot;:&quot;hosted&quot;,&quot;controls&quot;:&quot;yes&quot;}\" data-widget_type=\"video.default\">\n\t\t\t\t\t\t\t<div class=\"e-hosted-video elementor-wrapper elementor-open-inline\">\n\t\t\t\t\t<video class=\"elementor-video\" src=\"https:\/\/melindaozel.com\/wp-content\/uploads\/2021\/04\/VR_UX.mov\" controls=\"\" preload=\"metadata\" controlslist=\"nodownload\"><\/video>\n\t\t\t\t<\/div>\n\t\t\t\t\t\t<\/div>\n\t\t\t\t\t<\/div>\n\t\t<\/div>\n\t\t\t\t\t<\/div>\n\t\t<\/section>\n\t\t\t\t<section class=\"elementor-section elementor-top-section elementor-element elementor-element-890ded4 elementor-section-boxed elementor-section-height-default elementor-section-height-default\" data-id=\"890ded4\" data-element_type=\"section\" data-e-type=\"section\">\n\t\t\t\t\t\t<div class=\"elementor-container elementor-column-gap-default\">\n\t\t\t\t\t<div class=\"elementor-column elementor-col-100 elementor-top-column elementor-element elementor-element-b0fedad\" data-id=\"b0fedad\" data-element_type=\"column\" data-e-type=\"column\">\n\t\t\t<div class=\"elementor-widget-wrap elementor-element-populated\">\n\t\t\t\t\t\t<div class=\"elementor-element elementor-element-d388115 elementor-widget elementor-widget-text-editor\" data-id=\"d388115\" data-element_type=\"widget\" data-e-type=\"widget\" data-widget_type=\"text-editor.default\">\n\t\t\t\t\t\t\t\t\t<p><span style=\"font-weight: 300;\">Ep\u00e4miellytt\u00e4v\u00e4t kasvot seurasivat usein kuulokkeiden s\u00e4\u00e4t\u00e4mist\u00e4 - tai ennustivat tulevia s\u00e4\u00e4t\u00f6j\u00e4. Tylsistyneet kasvot ja halveksunnan asteikolla olevat kasvot ennustivat yleens\u00e4 ei-toivottuja kokemuksia, jotka paljastuivat my\u00f6hemmin esittelyn j\u00e4lkeisiss\u00e4 haastatteluissa.<\/span><\/p>\n<p><span style=\"font-weight: 300;\">N\u00e4ist\u00e4 ilmauksista ei ollut hy\u00f6ty\u00e4 vain tapahtumien ennustamisessa. Ne toimivat my\u00f6s l\u00e4ht\u00f6kohtina jatkotutkimuksille. Jos k\u00e4ytt\u00e4j\u00e4 teki tietyn ilmeen useaan otteeseen keskustellessaan tietyst\u00e4 tapahtumasta tai koki sen, pystyimme jatkamaan eteenp\u00e4in ja ker\u00e4\u00e4m\u00e4\u00e4n syv\u00e4llisemp\u00e4\u00e4 tietoa.&nbsp;<\/span><\/p>\n<p><span style=\"font-weight: 300;\">Kun saimme kotitutkimukset p\u00e4\u00e4t\u00f6kseen, laadin Taralle ja h\u00e4nen tiimilleen alempien kasvojen ilmeiden oppaan, jonka he voivat pit\u00e4\u00e4 mieless\u00e4 istuntojensa aikana.<\/span><\/p>\n<p><span style=\"font-weight: 300;\">UX-tutkimus on niin j\u00e4nnitt\u00e4v\u00e4 ala, koska ei ole olemassa yht\u00e4 oikeaa tapaa tehd\u00e4 tutkimusta. Luovuudelle ja kekseli\u00e4isyydelle on niin paljon tilaa. Uusia datapisteit\u00e4 ker\u00e4tt\u00e4v\u00e4ksi. Uusia menetelmi\u00e4 sovellettavaksi.&nbsp;<\/span><\/p>\n<p><span style=\"font-weight: 300;\">Saatan luoda toisen UX Cheat Sheetin VR-tutkijoille. Jos olisit kiinnostunut t\u00e4llaisesta oppaasta, kerro minulle kommenteissa \ud83d\ude00.<\/span><\/p>\t\t\t\t\t\t\t\t<\/div>\n\t\t\t\t\t<\/div>\n\t\t<\/div>\n\t\t\t\t\t<\/div>\n\t\t<\/section>\n\t\t\t\t<\/div>","protected":false},"excerpt":{"rendered":"<p>Ep\u00e4miellytt\u00e4v\u00e4t kasvot seurasivat usein kuulokkeiden s\u00e4\u00e4t\u00e4mist\u00e4 - tai ennustivat tulevia s\u00e4\u00e4t\u00f6j\u00e4. Tylsistyneet kasvot ja halveksunnan asteikolla olevat kasvot ennustivat yleens\u00e4 ei-toivottuja kokemuksia, jotka paljastuivat my\u00f6hemmin esittelyn j\u00e4lkeisiss\u00e4 haastatteluissa. N\u00e4m\u00e4 ilmeet eiv\u00e4t olleet hy\u00f6dyllisi\u00e4 vain tapahtumien ennustamisessa. Ne toimivat my\u00f6s jatkotutkimuskohteina.<\/p>","protected":false},"author":60486633,"featured_media":4186,"comment_status":"closed","ping_status":"closed","sticky":false,"template":"","format":"standard","meta":{"_jetpack_memberships_contains_paid_content":false,"footnotes":""},"categories":[676756994,676756997,676756915,676757008,676756993],"tags":[],"class_list":["post-4185","post","type-post","status-publish","format-standard","has-post-thumbnail","hentry","category-ar-vr","category-behavior","category-facial-expressions","category-free","category-tech","generate-columns","tablet-grid-50","mobile-grid-100","grid-parent","grid-50"],"yoast_head":"<!-- This site is optimized with the Yoast SEO Premium plugin v27.5 (Yoast SEO v27.5) - https:\/\/yoast.com\/product\/yoast-seo-premium-wordpress\/ -->\n<title>Faces You Don&#039;t Want to See During UX Research - Especially For VR - Face the FACS | Facial Expressions in Animation, AI, &amp; Behavior<\/title>\n<meta name=\"robots\" content=\"index, follow, max-snippet:-1, max-image-preview:large, max-video-preview:-1\" \/>\n<link rel=\"canonical\" href=\"https:\/\/melindaozel.com\/fi\/faces-you-dont-want-to-see-during-ux-research-especially-for-vr\/\" \/>\n<meta property=\"og:locale\" content=\"fi_FI\" \/>\n<meta property=\"og:type\" content=\"article\" \/>\n<meta property=\"og:title\" content=\"Faces You Don&#039;t Want to See During UX Research - Especially For VR\" \/>\n<meta property=\"og:description\" content=\"Faces of discomfort often followed headset adjustment - or predicted upcoming adjustments. Bored faces and faces on the contempt spectrum tended to be predictive of undesirable experiences later disclosed during the post-demo interviews. These expressions were not just useful for predicting events. They also served as points for further investigation.\" \/>\n<meta property=\"og:url\" content=\"https:\/\/melindaozel.com\/fi\/faces-you-dont-want-to-see-during-ux-research-especially-for-vr\/\" \/>\n<meta property=\"og:site_name\" content=\"Face the FACS | Facial Expressions in Animation, AI, &amp; Behavior\" \/>\n<meta property=\"article:publisher\" content=\"https:\/\/facebook.com\/facetheFACS\/\" \/>\n<meta property=\"article:author\" content=\"https:\/\/facebook.com\/facetheFACS\/\" \/>\n<meta property=\"article:published_time\" content=\"2021-04-22T19:19:07+00:00\" \/>\n<meta property=\"article:modified_time\" content=\"2025-02-21T21:01:34+00:00\" \/>\n<meta property=\"og:image\" content=\"https:\/\/melindaozel.com\/wp-content\/uploads\/2021\/04\/IMG_2270_Facetune_22-04-2021-13-29-31.jpg\" \/>\n\t<meta property=\"og:image:width\" content=\"828\" \/>\n\t<meta property=\"og:image:height\" content=\"667\" \/>\n\t<meta property=\"og:image:type\" content=\"image\/jpeg\" \/>\n<meta name=\"author\" content=\"Melinda Ozel\" \/>\n<meta name=\"twitter:card\" content=\"summary_large_image\" \/>\n<meta name=\"twitter:creator\" content=\"@melindaozel\" \/>\n<meta name=\"twitter:site\" content=\"@melindaozel\" \/>\n<meta name=\"twitter:label1\" content=\"Kirjoittanut\" \/>\n\t<meta name=\"twitter:data1\" content=\"Melinda Ozel\" \/>\n\t<meta name=\"twitter:label2\" content=\"Arvioitu lukuaika\" \/>\n\t<meta name=\"twitter:data2\" content=\"2 minuuttia\" \/>\n<script type=\"application\/ld+json\" class=\"yoast-schema-graph\">{\"@context\":\"https:\\\/\\\/schema.org\",\"@graph\":[{\"@type\":\"Article\",\"@id\":\"https:\\\/\\\/melindaozel.com\\\/faces-you-dont-want-to-see-during-ux-research-especially-for-vr\\\/#article\",\"isPartOf\":{\"@id\":\"https:\\\/\\\/melindaozel.com\\\/faces-you-dont-want-to-see-during-ux-research-especially-for-vr\\\/\"},\"author\":{\"name\":\"Melinda Ozel\",\"@id\":\"https:\\\/\\\/melindaozel.com\\\/zh\\\/#\\\/schema\\\/person\\\/81c6262e1bfca3c71960db5aee204e3f\"},\"headline\":\"Faces You Don&#8217;t Want to See During UX Research &#8211; Especially For VR\",\"datePublished\":\"2021-04-22T19:19:07+00:00\",\"dateModified\":\"2025-02-21T21:01:34+00:00\",\"mainEntityOfPage\":{\"@id\":\"https:\\\/\\\/melindaozel.com\\\/faces-you-dont-want-to-see-during-ux-research-especially-for-vr\\\/\"},\"wordCount\":339,\"publisher\":{\"@id\":\"https:\\\/\\\/melindaozel.com\\\/zh\\\/#\\\/schema\\\/person\\\/81c6262e1bfca3c71960db5aee204e3f\"},\"image\":{\"@id\":\"https:\\\/\\\/melindaozel.com\\\/faces-you-dont-want-to-see-during-ux-research-especially-for-vr\\\/#primaryimage\"},\"thumbnailUrl\":\"https:\\\/\\\/i0.wp.com\\\/melindaozel.com\\\/wp-content\\\/uploads\\\/2021\\\/04\\\/IMG_2270_Facetune_22-04-2021-13-29-31.jpg?fit=828%2C667&ssl=1\",\"articleSection\":[\"AR\\\/VR\",\"behavior\",\"facial expressions\",\"free content\",\"tech\"],\"inLanguage\":\"fi\"},{\"@type\":\"WebPage\",\"@id\":\"https:\\\/\\\/melindaozel.com\\\/faces-you-dont-want-to-see-during-ux-research-especially-for-vr\\\/\",\"url\":\"https:\\\/\\\/melindaozel.com\\\/faces-you-dont-want-to-see-during-ux-research-especially-for-vr\\\/\",\"name\":\"Faces You Don't Want to See During UX Research - Especially For VR - Face the FACS | Facial Expressions in Animation, AI, &amp; Behavior\",\"isPartOf\":{\"@id\":\"https:\\\/\\\/melindaozel.com\\\/zh\\\/#website\"},\"primaryImageOfPage\":{\"@id\":\"https:\\\/\\\/melindaozel.com\\\/faces-you-dont-want-to-see-during-ux-research-especially-for-vr\\\/#primaryimage\"},\"image\":{\"@id\":\"https:\\\/\\\/melindaozel.com\\\/faces-you-dont-want-to-see-during-ux-research-especially-for-vr\\\/#primaryimage\"},\"thumbnailUrl\":\"https:\\\/\\\/i0.wp.com\\\/melindaozel.com\\\/wp-content\\\/uploads\\\/2021\\\/04\\\/IMG_2270_Facetune_22-04-2021-13-29-31.jpg?fit=828%2C667&ssl=1\",\"datePublished\":\"2021-04-22T19:19:07+00:00\",\"dateModified\":\"2025-02-21T21:01:34+00:00\",\"breadcrumb\":{\"@id\":\"https:\\\/\\\/melindaozel.com\\\/faces-you-dont-want-to-see-during-ux-research-especially-for-vr\\\/#breadcrumb\"},\"inLanguage\":\"fi\",\"potentialAction\":[{\"@type\":\"ReadAction\",\"target\":[\"https:\\\/\\\/melindaozel.com\\\/faces-you-dont-want-to-see-during-ux-research-especially-for-vr\\\/\"]}]},{\"@type\":\"ImageObject\",\"inLanguage\":\"fi\",\"@id\":\"https:\\\/\\\/melindaozel.com\\\/faces-you-dont-want-to-see-during-ux-research-especially-for-vr\\\/#primaryimage\",\"url\":\"https:\\\/\\\/i0.wp.com\\\/melindaozel.com\\\/wp-content\\\/uploads\\\/2021\\\/04\\\/IMG_2270_Facetune_22-04-2021-13-29-31.jpg?fit=828%2C667&ssl=1\",\"contentUrl\":\"https:\\\/\\\/i0.wp.com\\\/melindaozel.com\\\/wp-content\\\/uploads\\\/2021\\\/04\\\/IMG_2270_Facetune_22-04-2021-13-29-31.jpg?fit=828%2C667&ssl=1\",\"width\":828,\"height\":667,\"caption\":\"facial expressions you to avoid during UX research sessions\"},{\"@type\":\"BreadcrumbList\",\"@id\":\"https:\\\/\\\/melindaozel.com\\\/faces-you-dont-want-to-see-during-ux-research-especially-for-vr\\\/#breadcrumb\",\"itemListElement\":[{\"@type\":\"ListItem\",\"position\":1,\"name\":\"Home\",\"item\":\"https:\\\/\\\/melindaozel.com\\\/\"},{\"@type\":\"ListItem\",\"position\":2,\"name\":\"Faces You Don&#8217;t Want to See During UX Research &#8211; Especially For VR\"}]},{\"@type\":\"WebSite\",\"@id\":\"https:\\\/\\\/melindaozel.com\\\/zh\\\/#website\",\"url\":\"https:\\\/\\\/melindaozel.com\\\/zh\\\/\",\"name\":\"Face the FACS\",\"description\":\"Facial Expressions in Art, Science, &amp; Technology\",\"publisher\":{\"@id\":\"https:\\\/\\\/melindaozel.com\\\/zh\\\/#\\\/schema\\\/person\\\/81c6262e1bfca3c71960db5aee204e3f\"},\"potentialAction\":[{\"@type\":\"SearchAction\",\"target\":{\"@type\":\"EntryPoint\",\"urlTemplate\":\"https:\\\/\\\/melindaozel.com\\\/zh\\\/?s={search_term_string}\"},\"query-input\":{\"@type\":\"PropertyValueSpecification\",\"valueRequired\":true,\"valueName\":\"search_term_string\"}}],\"inLanguage\":\"fi\"},{\"@type\":[\"Person\",\"Organization\"],\"@id\":\"https:\\\/\\\/melindaozel.com\\\/zh\\\/#\\\/schema\\\/person\\\/81c6262e1bfca3c71960db5aee204e3f\",\"name\":\"Melinda Ozel\",\"image\":{\"@type\":\"ImageObject\",\"inLanguage\":\"fi\",\"@id\":\"https:\\\/\\\/i0.wp.com\\\/melindaozel.com\\\/wp-content\\\/uploads\\\/2025\\\/02\\\/face-the-FACS-eye-mouth-logo-pixel.webp?fit=225%2C225&ssl=1\",\"url\":\"https:\\\/\\\/i0.wp.com\\\/melindaozel.com\\\/wp-content\\\/uploads\\\/2025\\\/02\\\/face-the-FACS-eye-mouth-logo-pixel.webp?fit=225%2C225&ssl=1\",\"contentUrl\":\"https:\\\/\\\/i0.wp.com\\\/melindaozel.com\\\/wp-content\\\/uploads\\\/2025\\\/02\\\/face-the-FACS-eye-mouth-logo-pixel.webp?fit=225%2C225&ssl=1\",\"width\":225,\"height\":225,\"caption\":\"Melinda Ozel\"},\"logo\":{\"@id\":\"https:\\\/\\\/i0.wp.com\\\/melindaozel.com\\\/wp-content\\\/uploads\\\/2025\\\/02\\\/face-the-FACS-eye-mouth-logo-pixel.webp?fit=225%2C225&ssl=1\"},\"sameAs\":[\"https:\\\/\\\/melindaozel.com\",\"https:\\\/\\\/facebook.com\\\/facetheFACS\\\/\",\"https:\\\/\\\/instagram.com\\\/manicexpression\",\"https:\\\/\\\/linkedin.com\\\/in\\\/melindaozel\",\"https:\\\/\\\/pinterest.com\\\/melindaozel\\\/\",\"https:\\\/\\\/x.com\\\/melindaozel\",\"https:\\\/\\\/youtube.com\\\/@facetheFACS\"],\"knowsAbout\":[\"Facial Action Coding System (FACS)\",\"Facial Expression Tracking\",\"Facial Anatomy\",\"Facial Animation\",\"Digital Humans\",\"Audio-to-Expression\",\"Audio-to-Face\",\"Visemes\",\"Lipsync\"],\"jobTitle\":\"Facial Systems Expert, Expression Scientist\",\"url\":\"https:\\\/\\\/melindaozel.com\\\/fi\\\/author\\\/melindaozel\\\/\",\"numberOfEmployees\":{\"@type\":\"QuantitativeValue\",\"minValue\":\"1\",\"maxValue\":\"10\"}}]}<\/script>\n<!-- \/ Yoast SEO Premium plugin. -->","yoast_head_json":{"title":"Kasvot, joita et halua n\u00e4hd\u00e4 UX-tutkimuksen aikana - etenk\u00e4\u00e4n VR:ss\u00e4 - Face the FACS | Kasvojen ilmeet animaatiossa, teko\u00e4lyss\u00e4 ja k\u00e4ytt\u00e4ytymisess\u00e4","robots":{"index":"index","follow":"follow","max-snippet":"max-snippet:-1","max-image-preview":"max-image-preview:large","max-video-preview":"max-video-preview:-1"},"canonical":"https:\/\/melindaozel.com\/fi\/faces-you-dont-want-to-see-during-ux-research-especially-for-vr\/","og_locale":"fi_FI","og_type":"article","og_title":"Faces You Don't Want to See During UX Research - Especially For VR","og_description":"Faces of discomfort often followed headset adjustment - or predicted upcoming adjustments. Bored faces and faces on the contempt spectrum tended to be predictive of undesirable experiences later disclosed during the post-demo interviews. These expressions were not just useful for predicting events. They also served as points for further investigation.","og_url":"https:\/\/melindaozel.com\/fi\/faces-you-dont-want-to-see-during-ux-research-especially-for-vr\/","og_site_name":"Face the FACS | Facial Expressions in Animation, AI, &amp; Behavior","article_publisher":"https:\/\/facebook.com\/facetheFACS\/","article_author":"https:\/\/facebook.com\/facetheFACS\/","article_published_time":"2021-04-22T19:19:07+00:00","article_modified_time":"2025-02-21T21:01:34+00:00","og_image":[{"width":828,"height":667,"url":"https:\/\/melindaozel.com\/wp-content\/uploads\/2021\/04\/IMG_2270_Facetune_22-04-2021-13-29-31.jpg","type":"image\/jpeg"}],"author":"Melinda Ozel","twitter_card":"summary_large_image","twitter_creator":"@melindaozel","twitter_site":"@melindaozel","twitter_misc":{"Kirjoittanut":"Melinda Ozel","Arvioitu lukuaika":"2 minuuttia"},"schema":{"@context":"https:\/\/schema.org","@graph":[{"@type":"Article","@id":"https:\/\/melindaozel.com\/faces-you-dont-want-to-see-during-ux-research-especially-for-vr\/#article","isPartOf":{"@id":"https:\/\/melindaozel.com\/faces-you-dont-want-to-see-during-ux-research-especially-for-vr\/"},"author":{"name":"Melinda Ozel","@id":"https:\/\/melindaozel.com\/zh\/#\/schema\/person\/81c6262e1bfca3c71960db5aee204e3f"},"headline":"Faces You Don&#8217;t Want to See During UX Research &#8211; Especially For VR","datePublished":"2021-04-22T19:19:07+00:00","dateModified":"2025-02-21T21:01:34+00:00","mainEntityOfPage":{"@id":"https:\/\/melindaozel.com\/faces-you-dont-want-to-see-during-ux-research-especially-for-vr\/"},"wordCount":339,"publisher":{"@id":"https:\/\/melindaozel.com\/zh\/#\/schema\/person\/81c6262e1bfca3c71960db5aee204e3f"},"image":{"@id":"https:\/\/melindaozel.com\/faces-you-dont-want-to-see-during-ux-research-especially-for-vr\/#primaryimage"},"thumbnailUrl":"https:\/\/i0.wp.com\/melindaozel.com\/wp-content\/uploads\/2021\/04\/IMG_2270_Facetune_22-04-2021-13-29-31.jpg?fit=828%2C667&ssl=1","articleSection":["AR\/VR","behavior","facial expressions","free content","tech"],"inLanguage":"fi"},{"@type":"WebPage","@id":"https:\/\/melindaozel.com\/faces-you-dont-want-to-see-during-ux-research-especially-for-vr\/","url":"https:\/\/melindaozel.com\/faces-you-dont-want-to-see-during-ux-research-especially-for-vr\/","name":"Kasvot, joita et halua n\u00e4hd\u00e4 UX-tutkimuksen aikana - etenk\u00e4\u00e4n VR:ss\u00e4 - Face the FACS | Kasvojen ilmeet animaatiossa, teko\u00e4lyss\u00e4 ja k\u00e4ytt\u00e4ytymisess\u00e4","isPartOf":{"@id":"https:\/\/melindaozel.com\/zh\/#website"},"primaryImageOfPage":{"@id":"https:\/\/melindaozel.com\/faces-you-dont-want-to-see-during-ux-research-especially-for-vr\/#primaryimage"},"image":{"@id":"https:\/\/melindaozel.com\/faces-you-dont-want-to-see-during-ux-research-especially-for-vr\/#primaryimage"},"thumbnailUrl":"https:\/\/i0.wp.com\/melindaozel.com\/wp-content\/uploads\/2021\/04\/IMG_2270_Facetune_22-04-2021-13-29-31.jpg?fit=828%2C667&ssl=1","datePublished":"2021-04-22T19:19:07+00:00","dateModified":"2025-02-21T21:01:34+00:00","breadcrumb":{"@id":"https:\/\/melindaozel.com\/faces-you-dont-want-to-see-during-ux-research-especially-for-vr\/#breadcrumb"},"inLanguage":"fi","potentialAction":[{"@type":"ReadAction","target":["https:\/\/melindaozel.com\/faces-you-dont-want-to-see-during-ux-research-especially-for-vr\/"]}]},{"@type":"ImageObject","inLanguage":"fi","@id":"https:\/\/melindaozel.com\/faces-you-dont-want-to-see-during-ux-research-especially-for-vr\/#primaryimage","url":"https:\/\/i0.wp.com\/melindaozel.com\/wp-content\/uploads\/2021\/04\/IMG_2270_Facetune_22-04-2021-13-29-31.jpg?fit=828%2C667&ssl=1","contentUrl":"https:\/\/i0.wp.com\/melindaozel.com\/wp-content\/uploads\/2021\/04\/IMG_2270_Facetune_22-04-2021-13-29-31.jpg?fit=828%2C667&ssl=1","width":828,"height":667,"caption":"facial expressions you to avoid during UX research sessions"},{"@type":"BreadcrumbList","@id":"https:\/\/melindaozel.com\/faces-you-dont-want-to-see-during-ux-research-especially-for-vr\/#breadcrumb","itemListElement":[{"@type":"ListItem","position":1,"name":"Home","item":"https:\/\/melindaozel.com\/"},{"@type":"ListItem","position":2,"name":"Faces You Don&#8217;t Want to See During UX Research &#8211; Especially For VR"}]},{"@type":"WebSite","@id":"https:\/\/melindaozel.com\/zh\/#website","url":"https:\/\/melindaozel.com\/zh\/","name":"Kohtaaminen FACS:n kanssa","description":"Kasvojen ilmeet taiteessa, tieteess\u00e4 ja teknologiassa","publisher":{"@id":"https:\/\/melindaozel.com\/zh\/#\/schema\/person\/81c6262e1bfca3c71960db5aee204e3f"},"potentialAction":[{"@type":"SearchAction","target":{"@type":"EntryPoint","urlTemplate":"https:\/\/melindaozel.com\/zh\/?s={search_term_string}"},"query-input":{"@type":"PropertyValueSpecification","valueRequired":true,"valueName":"search_term_string"}}],"inLanguage":"fi"},{"@type":["Person","Organization"],"@id":"https:\/\/melindaozel.com\/zh\/#\/schema\/person\/81c6262e1bfca3c71960db5aee204e3f","name":"Melinda Ozel","image":{"@type":"ImageObject","inLanguage":"fi","@id":"https:\/\/i0.wp.com\/melindaozel.com\/wp-content\/uploads\/2025\/02\/face-the-FACS-eye-mouth-logo-pixel.webp?fit=225%2C225&ssl=1","url":"https:\/\/i0.wp.com\/melindaozel.com\/wp-content\/uploads\/2025\/02\/face-the-FACS-eye-mouth-logo-pixel.webp?fit=225%2C225&ssl=1","contentUrl":"https:\/\/i0.wp.com\/melindaozel.com\/wp-content\/uploads\/2025\/02\/face-the-FACS-eye-mouth-logo-pixel.webp?fit=225%2C225&ssl=1","width":225,"height":225,"caption":"Melinda Ozel"},"logo":{"@id":"https:\/\/i0.wp.com\/melindaozel.com\/wp-content\/uploads\/2025\/02\/face-the-FACS-eye-mouth-logo-pixel.webp?fit=225%2C225&ssl=1"},"sameAs":["https:\/\/melindaozel.com","https:\/\/facebook.com\/facetheFACS\/","https:\/\/instagram.com\/manicexpression","https:\/\/linkedin.com\/in\/melindaozel","https:\/\/pinterest.com\/melindaozel\/","https:\/\/x.com\/melindaozel","https:\/\/youtube.com\/@facetheFACS"],"knowsAbout":["Facial Action Coding System (FACS)","Facial Expression Tracking","Facial Anatomy","Facial Animation","Digital Humans","Audio-to-Expression","Audio-to-Face","Visemes","Lipsync"],"jobTitle":"Facial Systems Expert, Expression Scientist","url":"https:\/\/melindaozel.com\/fi\/author\/melindaozel\/","numberOfEmployees":{"@type":"QuantitativeValue","minValue":"1","maxValue":"10"}}]}},"jetpack_featured_media_url":"https:\/\/i0.wp.com\/melindaozel.com\/wp-content\/uploads\/2021\/04\/IMG_2270_Facetune_22-04-2021-13-29-31.jpg?fit=828%2C667&ssl=1","jetpack_sharing_enabled":true,"_links":{"self":[{"href":"https:\/\/melindaozel.com\/fi\/wp-json\/wp\/v2\/posts\/4185","targetHints":{"allow":["GET"]}}],"collection":[{"href":"https:\/\/melindaozel.com\/fi\/wp-json\/wp\/v2\/posts"}],"about":[{"href":"https:\/\/melindaozel.com\/fi\/wp-json\/wp\/v2\/types\/post"}],"author":[{"embeddable":true,"href":"https:\/\/melindaozel.com\/fi\/wp-json\/wp\/v2\/users\/60486633"}],"replies":[{"embeddable":true,"href":"https:\/\/melindaozel.com\/fi\/wp-json\/wp\/v2\/comments?post=4185"}],"version-history":[{"count":9,"href":"https:\/\/melindaozel.com\/fi\/wp-json\/wp\/v2\/posts\/4185\/revisions"}],"predecessor-version":[{"id":11403,"href":"https:\/\/melindaozel.com\/fi\/wp-json\/wp\/v2\/posts\/4185\/revisions\/11403"}],"wp:featuredmedia":[{"embeddable":true,"href":"https:\/\/melindaozel.com\/fi\/wp-json\/wp\/v2\/media\/4186"}],"wp:attachment":[{"href":"https:\/\/melindaozel.com\/fi\/wp-json\/wp\/v2\/media?parent=4185"}],"wp:term":[{"taxonomy":"category","embeddable":true,"href":"https:\/\/melindaozel.com\/fi\/wp-json\/wp\/v2\/categories?post=4185"},{"taxonomy":"post_tag","embeddable":true,"href":"https:\/\/melindaozel.com\/fi\/wp-json\/wp\/v2\/tags?post=4185"}],"curies":[{"name":"wp","href":"https:\/\/api.w.org\/{rel}","templated":true}]}}