{"id":2810,"date":"2020-06-22T15:41:30","date_gmt":"2020-06-22T19:41:30","guid":{"rendered":"https:\/\/melindaozel.com\/?p=2810"},"modified":"2026-03-08T01:00:31","modified_gmt":"2026-03-08T06:00:31","slug":"inner-brow-raiser-deep-dive","status":"publish","type":"post","link":"https:\/\/melindaozel.com\/de\/inner-brow-raiser-deep-dive\/","title":{"rendered":"Die Augenbrauen hochziehen: Tiefes Eintauchen"},"content":{"rendered":"<p style=\"text-align: left;\"><em>Der folgende Beitrag befasst sich mit AU1 - dem inneren Augenbrauenheber, der durch den medialen Teil des Frontalis-Muskels angetrieben wird. Er behandelt: <strong>anatomisch<\/strong> <strong>Variante<\/strong>, <strong>gemeinsam<\/strong> <strong>Fehler<\/strong>und bietet <strong>sauber<\/strong> <strong>Referenzen<\/strong>.\u00a0<\/em><\/p>\n<figure id=\"attachment_2977\" aria-describedby=\"caption-attachment-2977\" style=\"width: 1014px\" class=\"wp-caption aligncenter\"><img data-recalc-dims=\"1\" fetchpriority=\"high\" decoding=\"async\" class=\"wp-image-2977 size-large\" src=\"https:\/\/i0.wp.com\/melindaozel.com\/wp-content\/uploads\/2020\/07\/innerbrow2.0_AU1-1.png?resize=1024%2C384&#038;ssl=1\" alt=\"linke Spalte: Frau mit neutralem Gesicht; rechte Spalte: Frau hebt ihre inneren Augenbrauen an\" width=\"1024\" height=\"384\" srcset=\"https:\/\/i0.wp.com\/melindaozel.com\/wp-content\/uploads\/2020\/07\/innerbrow2.0_AU1-1.png?resize=1024%2C384&amp;ssl=1 1024w, https:\/\/i0.wp.com\/melindaozel.com\/wp-content\/uploads\/2020\/07\/innerbrow2.0_AU1-1.png?resize=300%2C113&amp;ssl=1 300w, https:\/\/i0.wp.com\/melindaozel.com\/wp-content\/uploads\/2020\/07\/innerbrow2.0_AU1-1.png?resize=768%2C288&amp;ssl=1 768w, https:\/\/i0.wp.com\/melindaozel.com\/wp-content\/uploads\/2020\/07\/innerbrow2.0_AU1-1.png?resize=1536%2C576&amp;ssl=1 1536w, https:\/\/i0.wp.com\/melindaozel.com\/wp-content\/uploads\/2020\/07\/innerbrow2.0_AU1-1.png?resize=2048%2C768&amp;ssl=1 2048w, https:\/\/i0.wp.com\/melindaozel.com\/wp-content\/uploads\/2020\/07\/innerbrow2.0_AU1-1.png?resize=1088%2C408&amp;ssl=1 1088w, https:\/\/i0.wp.com\/melindaozel.com\/wp-content\/uploads\/2020\/07\/innerbrow2.0_AU1-1.png?w=2400&amp;ssl=1 2400w\" sizes=\"(max-width: 1024px) 100vw, 1024px\" \/><figcaption id=\"caption-attachment-2977\" class=\"wp-caption-text\">Beispiel einer neutralen Haltung im Vergleich zu <em>Innenbrauenanhebung<\/em> Pose<\/figcaption><\/figure>\n<h2>\u00a0<\/h2>\n<h2 style=\"text-align: center;\"><strong>Was ist I<\/strong><strong>nner Brow Raiser?<\/strong><\/h2>\n<p><a href=\"https:\/\/melindaozel.com\/the-secret-life-of-inner-brow-raiser\/\" target=\"_blank\" rel=\"noopener\"><em>Innere Augenbrauenerhebung,<\/em><\/a> oder AU1, ist ein <a href=\"https:\/\/melindaozel.com\/facs-cheat-sheet\/\" target=\"_blank\" rel=\"noopener\">Kodierungssystem f\u00fcr Gesichtsaktion<\/a> (FACS) Aktionseinheit (AU). Ihre Funktion besteht darin, den medialen Stirnbereich anzuheben, und ihre Wirkung wird durch die Kontraktion der medialen Region des <a href=\"https:\/\/en.wikipedia.org\/wiki\/Frontalis_muscle\" target=\"_blank\" rel=\"noopener\">frontalis<\/a>. Es kann schwierig sein, saubere Referenzen zu finden<em> innere Augenbrauen hochziehen.<\/em> Bei der Erstellung von FACS-Referenzen werden viele Quellen nicht ber\u00fccksichtigt:<\/p>\n<ol>\n<li>Suchen Sie nach Schauspielern, die ihren medialen Frontalis willentlich ausl\u00f6sen k\u00f6nnen, ohne auch den lateralen Bereich des Frontalis oder Corrugator supercilii anzuspannen.\u00a0<\/li>\n<li><a href=\"https:\/\/melindaozel.com\/facial-expressions-facial-data-capture\/\" target=\"_blank\" rel=\"noopener\">Modelle richtig lenken<\/a> um die mediale Frontalis-Kontraktion durchzuf\u00fchren.<\/li>\n<\/ol>\n<p>Im Alltag heben die meisten von uns m\u00fchelos die Augenbrauen, ohne lange nachzudenken; wenn sie jedoch dazu aufgefordert werden, f\u00e4llt es vielen Menschen schwer, diese Bewegung zu isolieren.<\/p>\n<h2 style=\"text-align: center;\"><b>FACS-Referenzen und Fehlinformationen<\/b><\/h2>\n<p>Vor kurzem (2020) habe ich eine Reihe von FACS-Formen f\u00fcr einen Kunden kritisch gepr\u00fcft und festgestellt, dass seine <em>Innenbrauenanhebung<\/em> Form hatte eine Wellpappenanlage (von<em> Brauen senken<\/em>) f\u00e4lschlicherweise untergemischt.<\/p>\n<p><span style=\"text-decoration: underline;\"><strong>Inner Brow Blendshape des Kunden + Meine Notizen:<\/strong><\/span><\/p>\n<figure id=\"attachment_2817\" aria-describedby=\"caption-attachment-2817\" style=\"width: 1459px\" class=\"wp-caption aligncenter\"><img data-recalc-dims=\"1\" decoding=\"async\" class=\"wp-image-2817 size-full\" src=\"https:\/\/i0.wp.com\/melindaozel.com\/wp-content\/uploads\/2020\/06\/IMG_0905-2-e1592862489549.png?resize=1200%2C676&#038;ssl=1\" alt=\"Innenbrauenanhebung mit Brauenabsenkungsfehler\" width=\"1200\" height=\"676\" srcset=\"https:\/\/i0.wp.com\/melindaozel.com\/wp-content\/uploads\/2020\/06\/IMG_0905-2-e1592862489549.png?w=1469&amp;ssl=1 1469w, https:\/\/i0.wp.com\/melindaozel.com\/wp-content\/uploads\/2020\/06\/IMG_0905-2-e1592862489549.png?resize=300%2C169&amp;ssl=1 300w, https:\/\/i0.wp.com\/melindaozel.com\/wp-content\/uploads\/2020\/06\/IMG_0905-2-e1592862489549.png?resize=1024%2C577&amp;ssl=1 1024w, https:\/\/i0.wp.com\/melindaozel.com\/wp-content\/uploads\/2020\/06\/IMG_0905-2-e1592862489549.png?resize=768%2C433&amp;ssl=1 768w, https:\/\/i0.wp.com\/melindaozel.com\/wp-content\/uploads\/2020\/06\/IMG_0905-2-e1592862489549.png?resize=1088%2C613&amp;ssl=1 1088w\" sizes=\"(max-width: 1200px) 100vw, 1200px\" \/><figcaption id=\"caption-attachment-2817\" class=\"wp-caption-text\">FACS-Form von Derrick Sesson<\/figcaption><\/figure>\n<p><br \/>Hinzuf\u00fcgen einer Wellpappenanlage zu <em>Innenbrauenanhebung<\/em> ist ein sehr h\u00e4ufiger Fehler. Diese Gemeinsamkeit ist zum Teil darauf zur\u00fcckzuf\u00fchren, dass: <strong>Gute Referenzen sind schwer zu finden!<\/strong><\/p>\n<p>Sogar mein Kunde - ein etablierter K\u00fcnstler mit einem gro\u00dfartigen Portfolio und Lebenslauf - f\u00fcgte seinem Modell unwissentlich Riffelgesichtsz\u00fcge hinzu, weil er einer fehlerhaften Referenz vertraute. Die Referenz, die er verwendete, stammte aus einem bekannten Buch \u00fcber Anatomie und Gesichtsausdruck: <em>Anatomie des Gesichtsausdrucks<\/em>. Viele Kunststudenten und Fachleute verwenden dieses Lehrbuch. Es ist ein gro\u00dfartiges Lehrbuch, aber einige seiner FACS-Formen sind ungenau.<\/p>\n<p><span style=\"text-decoration: underline;\"><strong>Vom Kunden verwendete Referenz:<\/strong><\/span><\/p>\n<p>Sehen Sie die vertikalen und gewellten Linien in der Mitte der Stirn auf den folgenden Bildern? Diese vertikalen Linien stammen von einem Augenbrauenstrickmuskel, dem Corrugator supercilii.<\/p>\n<p><img data-recalc-dims=\"1\" decoding=\"async\" class=\"wp-image-2816 aligncenter\" src=\"https:\/\/i0.wp.com\/melindaozel.com\/wp-content\/uploads\/2020\/06\/Screen-Shot-2020-06-22-at-5.42.56-PM.png?resize=675%2C510&#038;ssl=1\" alt=\"Innenbrauenanhebung falsch\" width=\"675\" height=\"510\" srcset=\"https:\/\/i0.wp.com\/melindaozel.com\/wp-content\/uploads\/2020\/06\/Screen-Shot-2020-06-22-at-5.42.56-PM.png?w=1564&amp;ssl=1 1564w, https:\/\/i0.wp.com\/melindaozel.com\/wp-content\/uploads\/2020\/06\/Screen-Shot-2020-06-22-at-5.42.56-PM.png?resize=300%2C227&amp;ssl=1 300w, https:\/\/i0.wp.com\/melindaozel.com\/wp-content\/uploads\/2020\/06\/Screen-Shot-2020-06-22-at-5.42.56-PM.png?resize=1024%2C774&amp;ssl=1 1024w, https:\/\/i0.wp.com\/melindaozel.com\/wp-content\/uploads\/2020\/06\/Screen-Shot-2020-06-22-at-5.42.56-PM.png?resize=768%2C580&amp;ssl=1 768w, https:\/\/i0.wp.com\/melindaozel.com\/wp-content\/uploads\/2020\/06\/Screen-Shot-2020-06-22-at-5.42.56-PM.png?resize=1536%2C1161&amp;ssl=1 1536w, https:\/\/i0.wp.com\/melindaozel.com\/wp-content\/uploads\/2020\/06\/Screen-Shot-2020-06-22-at-5.42.56-PM.png?resize=1088%2C822&amp;ssl=1 1088w\" sizes=\"(max-width: 675px) 100vw, 675px\" \/><\/p>\n<p>In den folgenden GIFs finden Sie einige Beispiele f\u00fcr das Heben der Augenbrauen. Lesen Sie \u00fcber die prim\u00e4ren und sekund\u00e4ren Auswirkungen von <em>Innenbrauenanhebung<\/em> sowie die Frage, wie seine Merkmale von Person zu Person variieren k\u00f6nnen.<\/p>\n<h2 style=\"text-align: center;\"><strong>Saubere AU1 - Beispiele f\u00fcr das Anheben der Innenbrauen<\/strong><\/h2>\n<p style=\"text-align: center;\"><img data-recalc-dims=\"1\" loading=\"lazy\" decoding=\"async\" class=\"alignnone wp-image-2803\" src=\"https:\/\/i0.wp.com\/melindaozel.com\/wp-content\/uploads\/2020\/06\/img_0996.gif?resize=418%2C254&#038;ssl=1\" alt=\"AU 1 - Innenbrauenanhebung\" width=\"418\" height=\"254\" \/><br \/><strong>Beispiel<\/strong><strong> i<\/strong><\/p>\n<p style=\"text-align: center;\"><img data-recalc-dims=\"1\" loading=\"lazy\" decoding=\"async\" class=\"alignnone wp-image-2809\" src=\"https:\/\/i0.wp.com\/melindaozel.com\/wp-content\/uploads\/2020\/06\/inner_brow_ii.gif?resize=419%2C251&#038;ssl=1\" alt=\"AU1 - Innenbrauenanhebung\" width=\"419\" height=\"251\" \/><br \/><strong>Beispiel ii\u00a0<\/strong><\/p>\n<p class=\"p1\"><b><div class=\"mepr_error\"><p>Der \u00fcbrige Inhalt ist f\u00fcr <a href=\"https:\/\/melindaozel.com\/subscription-options\/\" target=\"_blank\" rel=\"noopener\">Premium-Mitglieder<\/a> nur. Wenn Sie ein Mitglied sind, <a href=\"https:\/\/melindaozel.com\/login\/\" target=\"_blank\" rel=\"noopener\">Anmelden<\/a> und gehen Sie zur\u00fcck auf diese Seite :)!<\/p>\n<\/div><\/b><\/p>\n<\/li>\n<\/ul>\n<\/li>\n<\/ul>\n<p>F\u00fcr weitere Informationen<em>\u00a0<\/em>siehe: <strong><a href=\"https:\/\/melindaozel.com\/the-secret-life-of-inner-brow-raiser\/\">Das geheime Leben des inneren Stirnrunzelsammlers<\/a><\/strong>.<\/p>\n<p>Einen umfassenden und strukturierten Einblick in FACS erhalten Sie in meinem Online-Kurs, dem: <a href=\"https:\/\/melindaozel.com\/services\/lectures-training\/facs-cram-session\/\" target=\"_blank\" rel=\"noopener\"><strong>FACS-Paukstunde<\/strong><\/a>.<\/p>\n\n\n<p><\/p>","protected":false},"excerpt":{"rendered":"<p>Das Anheben der inneren Augenbrauen ist eine der schwierigsten Gesichtsaktionen, f\u00fcr die man saubere Referenzen finden kann. Vielen Quellen gelingt es nicht, Akteure zu finden, die ihre innere Stirnanhebung von anderen Gesichtsaktionen wie der \u00e4u\u00dferen Stirnanhebung (von frontalis, pars lateralis) und der Stirnabsenkung (von corrugator) trennen k\u00f6nnen.<\/p>","protected":false},"author":60486633,"featured_media":2816,"comment_status":"closed","ping_status":"open","sticky":false,"template":"","format":"standard","meta":{"_jetpack_memberships_contains_paid_content":false,"footnotes":""},"categories":[676756994,676757187,676757020,676757175,676757186,676756991,676756915,676756914,676757023,676757009,676757170,676756993],"tags":[],"class_list":["post-2810","post","type-post","status-publish","format-standard","has-post-thumbnail","hentry","category-ar-vr","category-art","category-au1","category-blend-shapes","category-character-rigging","category-anatomy","category-facial-expressions","category-muscles","category-inner-brow-raiser","category-paid","category-premium-previews","category-tech","generate-columns","tablet-grid-50","mobile-grid-100","grid-parent","grid-50"],"yoast_head":"<!-- This site is optimized with the Yoast SEO Premium plugin v27.5 (Yoast SEO v27.5) - https:\/\/yoast.com\/product\/yoast-seo-premium-wordpress\/ -->\n<title>Inner Brow Raiser: Deep Dive - Face the FACS | Facial Expressions in Animation, AI, &amp; Behavior<\/title>\n<meta name=\"description\" content=\"Inner brow raiser (AU1) is a Facial Action Coding System (FACS) action unit whose function is to raise the medial brow and forehead area. Its action is triggered by the contraction of the medial area of frontalis.\" \/>\n<meta name=\"robots\" content=\"index, follow, max-snippet:-1, max-image-preview:large, max-video-preview:-1\" \/>\n<link rel=\"canonical\" href=\"https:\/\/melindaozel.com\/de\/inner-brow-raiser-deep-dive\/\" \/>\n<meta property=\"og:locale\" content=\"de_DE\" \/>\n<meta property=\"og:type\" content=\"article\" \/>\n<meta property=\"og:title\" content=\"Inner Brow Raiser: Deep Dive\" \/>\n<meta property=\"og:description\" content=\"Inner brow raiser (AU1) is a Facial Action Coding System (FACS) action unit whose function is to raise the medial brow and forehead area. Its action is triggered by the contraction of the medial area of frontalis.\" \/>\n<meta property=\"og:url\" content=\"https:\/\/melindaozel.com\/de\/inner-brow-raiser-deep-dive\/\" \/>\n<meta property=\"og:site_name\" content=\"Face the FACS | Facial Expressions in Animation, AI, &amp; Behavior\" \/>\n<meta property=\"article:publisher\" content=\"https:\/\/facebook.com\/facetheFACS\/\" \/>\n<meta property=\"article:author\" content=\"https:\/\/facebook.com\/facetheFACS\/\" \/>\n<meta property=\"article:published_time\" content=\"2020-06-22T19:41:30+00:00\" \/>\n<meta property=\"article:modified_time\" content=\"2026-03-08T06:00:31+00:00\" \/>\n<meta property=\"og:image\" content=\"https:\/\/melindaozel.com\/wp-content\/uploads\/2020\/06\/Screen-Shot-2020-06-22-at-5.42.56-PM.png\" \/>\n\t<meta property=\"og:image:width\" content=\"1564\" \/>\n\t<meta property=\"og:image:height\" content=\"1182\" \/>\n\t<meta property=\"og:image:type\" content=\"image\/png\" \/>\n<meta name=\"author\" content=\"Melinda Ozel\" \/>\n<meta name=\"twitter:card\" content=\"summary_large_image\" \/>\n<meta name=\"twitter:creator\" content=\"@melindaozel\" \/>\n<meta name=\"twitter:site\" content=\"@melindaozel\" \/>\n<meta name=\"twitter:label1\" content=\"Geschrieben von\" \/>\n\t<meta name=\"twitter:data1\" content=\"Melinda Ozel\" \/>\n\t<meta name=\"twitter:label2\" content=\"Gesch\u00e4tzte Lesezeit\" \/>\n\t<meta name=\"twitter:data2\" content=\"6\u00a0Minuten\" \/>\n<script type=\"application\/ld+json\" class=\"yoast-schema-graph\">{\"@context\":\"https:\\\/\\\/schema.org\",\"@graph\":[{\"@type\":\"Article\",\"@id\":\"https:\\\/\\\/melindaozel.com\\\/inner-brow-raiser-deep-dive\\\/#article\",\"isPartOf\":{\"@id\":\"https:\\\/\\\/melindaozel.com\\\/inner-brow-raiser-deep-dive\\\/\"},\"author\":{\"name\":\"Melinda Ozel\",\"@id\":\"https:\\\/\\\/melindaozel.com\\\/zh\\\/#\\\/schema\\\/person\\\/81c6262e1bfca3c71960db5aee204e3f\"},\"headline\":\"Inner Brow Raiser: Deep Dive\",\"datePublished\":\"2020-06-22T19:41:30+00:00\",\"dateModified\":\"2026-03-08T06:00:31+00:00\",\"mainEntityOfPage\":{\"@id\":\"https:\\\/\\\/melindaozel.com\\\/inner-brow-raiser-deep-dive\\\/\"},\"wordCount\":770,\"publisher\":{\"@id\":\"https:\\\/\\\/melindaozel.com\\\/zh\\\/#\\\/schema\\\/person\\\/81c6262e1bfca3c71960db5aee204e3f\"},\"image\":{\"@id\":\"https:\\\/\\\/melindaozel.com\\\/inner-brow-raiser-deep-dive\\\/#primaryimage\"},\"thumbnailUrl\":\"https:\\\/\\\/i0.wp.com\\\/melindaozel.com\\\/wp-content\\\/uploads\\\/2020\\\/06\\\/Screen-Shot-2020-06-22-at-5.42.56-PM.png?fit=1564%2C1182&ssl=1\",\"articleSection\":[\"AR\\\/VR\",\"art\",\"AU1\",\"blend shapes\",\"character rigging\",\"facial anatomy\",\"facial expressions\",\"facial muscles\",\"inner brow raiser\",\"paid content\",\"premium previews\",\"tech\"],\"inLanguage\":\"de-CH\"},{\"@type\":\"WebPage\",\"@id\":\"https:\\\/\\\/melindaozel.com\\\/inner-brow-raiser-deep-dive\\\/\",\"url\":\"https:\\\/\\\/melindaozel.com\\\/inner-brow-raiser-deep-dive\\\/\",\"name\":\"Inner Brow Raiser: Deep Dive - Face the FACS | Facial Expressions in Animation, AI, &amp; Behavior\",\"isPartOf\":{\"@id\":\"https:\\\/\\\/melindaozel.com\\\/zh\\\/#website\"},\"primaryImageOfPage\":{\"@id\":\"https:\\\/\\\/melindaozel.com\\\/inner-brow-raiser-deep-dive\\\/#primaryimage\"},\"image\":{\"@id\":\"https:\\\/\\\/melindaozel.com\\\/inner-brow-raiser-deep-dive\\\/#primaryimage\"},\"thumbnailUrl\":\"https:\\\/\\\/i0.wp.com\\\/melindaozel.com\\\/wp-content\\\/uploads\\\/2020\\\/06\\\/Screen-Shot-2020-06-22-at-5.42.56-PM.png?fit=1564%2C1182&ssl=1\",\"datePublished\":\"2020-06-22T19:41:30+00:00\",\"dateModified\":\"2026-03-08T06:00:31+00:00\",\"description\":\"Inner brow raiser (AU1) is a Facial Action Coding System (FACS) action unit whose function is to raise the medial brow and forehead area. Its action is triggered by the contraction of the medial area of frontalis.\",\"breadcrumb\":{\"@id\":\"https:\\\/\\\/melindaozel.com\\\/inner-brow-raiser-deep-dive\\\/#breadcrumb\"},\"inLanguage\":\"de-CH\",\"potentialAction\":[{\"@type\":\"ReadAction\",\"target\":[\"https:\\\/\\\/melindaozel.com\\\/inner-brow-raiser-deep-dive\\\/\"]}]},{\"@type\":\"ImageObject\",\"inLanguage\":\"de-CH\",\"@id\":\"https:\\\/\\\/melindaozel.com\\\/inner-brow-raiser-deep-dive\\\/#primaryimage\",\"url\":\"https:\\\/\\\/i0.wp.com\\\/melindaozel.com\\\/wp-content\\\/uploads\\\/2020\\\/06\\\/Screen-Shot-2020-06-22-at-5.42.56-PM.png?fit=1564%2C1182&ssl=1\",\"contentUrl\":\"https:\\\/\\\/i0.wp.com\\\/melindaozel.com\\\/wp-content\\\/uploads\\\/2020\\\/06\\\/Screen-Shot-2020-06-22-at-5.42.56-PM.png?fit=1564%2C1182&ssl=1\",\"width\":1564,\"height\":1182,\"caption\":\"inner brow raiser wrong\"},{\"@type\":\"BreadcrumbList\",\"@id\":\"https:\\\/\\\/melindaozel.com\\\/inner-brow-raiser-deep-dive\\\/#breadcrumb\",\"itemListElement\":[{\"@type\":\"ListItem\",\"position\":1,\"name\":\"Home\",\"item\":\"https:\\\/\\\/melindaozel.com\\\/\"},{\"@type\":\"ListItem\",\"position\":2,\"name\":\"Inner Brow Raiser: Deep Dive\"}]},{\"@type\":\"WebSite\",\"@id\":\"https:\\\/\\\/melindaozel.com\\\/zh\\\/#website\",\"url\":\"https:\\\/\\\/melindaozel.com\\\/zh\\\/\",\"name\":\"Face the FACS\",\"description\":\"Facial Expressions in Art, Science, &amp; Technology\",\"publisher\":{\"@id\":\"https:\\\/\\\/melindaozel.com\\\/zh\\\/#\\\/schema\\\/person\\\/81c6262e1bfca3c71960db5aee204e3f\"},\"potentialAction\":[{\"@type\":\"SearchAction\",\"target\":{\"@type\":\"EntryPoint\",\"urlTemplate\":\"https:\\\/\\\/melindaozel.com\\\/zh\\\/?s={search_term_string}\"},\"query-input\":{\"@type\":\"PropertyValueSpecification\",\"valueRequired\":true,\"valueName\":\"search_term_string\"}}],\"inLanguage\":\"de-CH\"},{\"@type\":[\"Person\",\"Organization\"],\"@id\":\"https:\\\/\\\/melindaozel.com\\\/zh\\\/#\\\/schema\\\/person\\\/81c6262e1bfca3c71960db5aee204e3f\",\"name\":\"Melinda Ozel\",\"image\":{\"@type\":\"ImageObject\",\"inLanguage\":\"de-CH\",\"@id\":\"https:\\\/\\\/i0.wp.com\\\/melindaozel.com\\\/wp-content\\\/uploads\\\/2025\\\/02\\\/face-the-FACS-eye-mouth-logo-pixel.webp?fit=225%2C225&ssl=1\",\"url\":\"https:\\\/\\\/i0.wp.com\\\/melindaozel.com\\\/wp-content\\\/uploads\\\/2025\\\/02\\\/face-the-FACS-eye-mouth-logo-pixel.webp?fit=225%2C225&ssl=1\",\"contentUrl\":\"https:\\\/\\\/i0.wp.com\\\/melindaozel.com\\\/wp-content\\\/uploads\\\/2025\\\/02\\\/face-the-FACS-eye-mouth-logo-pixel.webp?fit=225%2C225&ssl=1\",\"width\":225,\"height\":225,\"caption\":\"Melinda Ozel\"},\"logo\":{\"@id\":\"https:\\\/\\\/i0.wp.com\\\/melindaozel.com\\\/wp-content\\\/uploads\\\/2025\\\/02\\\/face-the-FACS-eye-mouth-logo-pixel.webp?fit=225%2C225&ssl=1\"},\"sameAs\":[\"https:\\\/\\\/melindaozel.com\",\"https:\\\/\\\/facebook.com\\\/facetheFACS\\\/\",\"https:\\\/\\\/instagram.com\\\/manicexpression\",\"https:\\\/\\\/linkedin.com\\\/in\\\/melindaozel\",\"https:\\\/\\\/pinterest.com\\\/melindaozel\\\/\",\"https:\\\/\\\/x.com\\\/melindaozel\",\"https:\\\/\\\/youtube.com\\\/@facetheFACS\"],\"knowsAbout\":[\"Facial Action Coding System (FACS)\",\"Facial Expression Tracking\",\"Facial Anatomy\",\"Facial Animation\",\"Digital Humans\",\"Audio-to-Expression\",\"Audio-to-Face\",\"Visemes\",\"Lipsync\"],\"jobTitle\":\"Facial Systems Expert, Expression Scientist\",\"url\":\"https:\\\/\\\/melindaozel.com\\\/de\\\/author\\\/melindaozel\\\/\",\"numberOfEmployees\":{\"@type\":\"QuantitativeValue\",\"minValue\":\"1\",\"maxValue\":\"10\"}}]}<\/script>\n<!-- \/ Yoast SEO Premium plugin. -->","yoast_head_json":{"title":"Die innere Augenbraue hebt sich: Deep Dive - Face the FACS | Gesichtsausdr\u00fccke in Animation, KI &amp; Behavior","description":"Der innere Augenbrauenheber (AU1) ist eine Aktionseinheit des Facial Action Coding System (FACS), deren Aufgabe es ist, die mediale Augenbraue und den Stirnbereich anzuheben. Seine Aktion wird durch die Kontraktion des medialen Bereichs des Frontalis ausgel\u00f6st.","robots":{"index":"index","follow":"follow","max-snippet":"max-snippet:-1","max-image-preview":"max-image-preview:large","max-video-preview":"max-video-preview:-1"},"canonical":"https:\/\/melindaozel.com\/de\/inner-brow-raiser-deep-dive\/","og_locale":"de_DE","og_type":"article","og_title":"Inner Brow Raiser: Deep Dive","og_description":"Inner brow raiser (AU1) is a Facial Action Coding System (FACS) action unit whose function is to raise the medial brow and forehead area. Its action is triggered by the contraction of the medial area of frontalis.","og_url":"https:\/\/melindaozel.com\/de\/inner-brow-raiser-deep-dive\/","og_site_name":"Face the FACS | Facial Expressions in Animation, AI, &amp; Behavior","article_publisher":"https:\/\/facebook.com\/facetheFACS\/","article_author":"https:\/\/facebook.com\/facetheFACS\/","article_published_time":"2020-06-22T19:41:30+00:00","article_modified_time":"2026-03-08T06:00:31+00:00","og_image":[{"width":1564,"height":1182,"url":"https:\/\/melindaozel.com\/wp-content\/uploads\/2020\/06\/Screen-Shot-2020-06-22-at-5.42.56-PM.png","type":"image\/png"}],"author":"Melinda Ozel","twitter_card":"summary_large_image","twitter_creator":"@melindaozel","twitter_site":"@melindaozel","twitter_misc":{"Geschrieben von":"Melinda Ozel","Gesch\u00e4tzte Lesezeit":"6\u00a0Minuten"},"schema":{"@context":"https:\/\/schema.org","@graph":[{"@type":"Article","@id":"https:\/\/melindaozel.com\/inner-brow-raiser-deep-dive\/#article","isPartOf":{"@id":"https:\/\/melindaozel.com\/inner-brow-raiser-deep-dive\/"},"author":{"name":"Melinda Ozel","@id":"https:\/\/melindaozel.com\/zh\/#\/schema\/person\/81c6262e1bfca3c71960db5aee204e3f"},"headline":"Inner Brow Raiser: Deep Dive","datePublished":"2020-06-22T19:41:30+00:00","dateModified":"2026-03-08T06:00:31+00:00","mainEntityOfPage":{"@id":"https:\/\/melindaozel.com\/inner-brow-raiser-deep-dive\/"},"wordCount":770,"publisher":{"@id":"https:\/\/melindaozel.com\/zh\/#\/schema\/person\/81c6262e1bfca3c71960db5aee204e3f"},"image":{"@id":"https:\/\/melindaozel.com\/inner-brow-raiser-deep-dive\/#primaryimage"},"thumbnailUrl":"https:\/\/i0.wp.com\/melindaozel.com\/wp-content\/uploads\/2020\/06\/Screen-Shot-2020-06-22-at-5.42.56-PM.png?fit=1564%2C1182&ssl=1","articleSection":["AR\/VR","art","AU1","blend shapes","character rigging","facial anatomy","facial expressions","facial muscles","inner brow raiser","paid content","premium previews","tech"],"inLanguage":"de-CH"},{"@type":"WebPage","@id":"https:\/\/melindaozel.com\/inner-brow-raiser-deep-dive\/","url":"https:\/\/melindaozel.com\/inner-brow-raiser-deep-dive\/","name":"Die innere Augenbraue hebt sich: Deep Dive - Face the FACS | Gesichtsausdr\u00fccke in Animation, KI &amp; Behavior","isPartOf":{"@id":"https:\/\/melindaozel.com\/zh\/#website"},"primaryImageOfPage":{"@id":"https:\/\/melindaozel.com\/inner-brow-raiser-deep-dive\/#primaryimage"},"image":{"@id":"https:\/\/melindaozel.com\/inner-brow-raiser-deep-dive\/#primaryimage"},"thumbnailUrl":"https:\/\/i0.wp.com\/melindaozel.com\/wp-content\/uploads\/2020\/06\/Screen-Shot-2020-06-22-at-5.42.56-PM.png?fit=1564%2C1182&ssl=1","datePublished":"2020-06-22T19:41:30+00:00","dateModified":"2026-03-08T06:00:31+00:00","description":"Der innere Augenbrauenheber (AU1) ist eine Aktionseinheit des Facial Action Coding System (FACS), deren Aufgabe es ist, die mediale Augenbraue und den Stirnbereich anzuheben. Seine Aktion wird durch die Kontraktion des medialen Bereichs des Frontalis ausgel\u00f6st.","breadcrumb":{"@id":"https:\/\/melindaozel.com\/inner-brow-raiser-deep-dive\/#breadcrumb"},"inLanguage":"de-CH","potentialAction":[{"@type":"ReadAction","target":["https:\/\/melindaozel.com\/inner-brow-raiser-deep-dive\/"]}]},{"@type":"ImageObject","inLanguage":"de-CH","@id":"https:\/\/melindaozel.com\/inner-brow-raiser-deep-dive\/#primaryimage","url":"https:\/\/i0.wp.com\/melindaozel.com\/wp-content\/uploads\/2020\/06\/Screen-Shot-2020-06-22-at-5.42.56-PM.png?fit=1564%2C1182&ssl=1","contentUrl":"https:\/\/i0.wp.com\/melindaozel.com\/wp-content\/uploads\/2020\/06\/Screen-Shot-2020-06-22-at-5.42.56-PM.png?fit=1564%2C1182&ssl=1","width":1564,"height":1182,"caption":"inner brow raiser wrong"},{"@type":"BreadcrumbList","@id":"https:\/\/melindaozel.com\/inner-brow-raiser-deep-dive\/#breadcrumb","itemListElement":[{"@type":"ListItem","position":1,"name":"Home","item":"https:\/\/melindaozel.com\/"},{"@type":"ListItem","position":2,"name":"Inner Brow Raiser: Deep Dive"}]},{"@type":"WebSite","@id":"https:\/\/melindaozel.com\/zh\/#website","url":"https:\/\/melindaozel.com\/zh\/","name":"Sich der FACS stellen","description":"Gesichtsausdr\u00fccke in Kunst, Wissenschaft und Technologie","publisher":{"@id":"https:\/\/melindaozel.com\/zh\/#\/schema\/person\/81c6262e1bfca3c71960db5aee204e3f"},"potentialAction":[{"@type":"SearchAction","target":{"@type":"EntryPoint","urlTemplate":"https:\/\/melindaozel.com\/zh\/?s={search_term_string}"},"query-input":{"@type":"PropertyValueSpecification","valueRequired":true,"valueName":"search_term_string"}}],"inLanguage":"de-CH"},{"@type":["Person","Organization"],"@id":"https:\/\/melindaozel.com\/zh\/#\/schema\/person\/81c6262e1bfca3c71960db5aee204e3f","name":"Melinda Ozel","image":{"@type":"ImageObject","inLanguage":"de-CH","@id":"https:\/\/i0.wp.com\/melindaozel.com\/wp-content\/uploads\/2025\/02\/face-the-FACS-eye-mouth-logo-pixel.webp?fit=225%2C225&ssl=1","url":"https:\/\/i0.wp.com\/melindaozel.com\/wp-content\/uploads\/2025\/02\/face-the-FACS-eye-mouth-logo-pixel.webp?fit=225%2C225&ssl=1","contentUrl":"https:\/\/i0.wp.com\/melindaozel.com\/wp-content\/uploads\/2025\/02\/face-the-FACS-eye-mouth-logo-pixel.webp?fit=225%2C225&ssl=1","width":225,"height":225,"caption":"Melinda Ozel"},"logo":{"@id":"https:\/\/i0.wp.com\/melindaozel.com\/wp-content\/uploads\/2025\/02\/face-the-FACS-eye-mouth-logo-pixel.webp?fit=225%2C225&ssl=1"},"sameAs":["https:\/\/melindaozel.com","https:\/\/facebook.com\/facetheFACS\/","https:\/\/instagram.com\/manicexpression","https:\/\/linkedin.com\/in\/melindaozel","https:\/\/pinterest.com\/melindaozel\/","https:\/\/x.com\/melindaozel","https:\/\/youtube.com\/@facetheFACS"],"knowsAbout":["Facial Action Coding System (FACS)","Facial Expression Tracking","Facial Anatomy","Facial Animation","Digital Humans","Audio-to-Expression","Audio-to-Face","Visemes","Lipsync"],"jobTitle":"Facial Systems Expert, Expression Scientist","url":"https:\/\/melindaozel.com\/de\/author\/melindaozel\/","numberOfEmployees":{"@type":"QuantitativeValue","minValue":"1","maxValue":"10"}}]}},"jetpack_featured_media_url":"https:\/\/i0.wp.com\/melindaozel.com\/wp-content\/uploads\/2020\/06\/Screen-Shot-2020-06-22-at-5.42.56-PM.png?fit=1564%2C1182&ssl=1","jetpack_sharing_enabled":true,"_links":{"self":[{"href":"https:\/\/melindaozel.com\/de\/wp-json\/wp\/v2\/posts\/2810","targetHints":{"allow":["GET"]}}],"collection":[{"href":"https:\/\/melindaozel.com\/de\/wp-json\/wp\/v2\/posts"}],"about":[{"href":"https:\/\/melindaozel.com\/de\/wp-json\/wp\/v2\/types\/post"}],"author":[{"embeddable":true,"href":"https:\/\/melindaozel.com\/de\/wp-json\/wp\/v2\/users\/60486633"}],"replies":[{"embeddable":true,"href":"https:\/\/melindaozel.com\/de\/wp-json\/wp\/v2\/comments?post=2810"}],"version-history":[{"count":24,"href":"https:\/\/melindaozel.com\/de\/wp-json\/wp\/v2\/posts\/2810\/revisions"}],"predecessor-version":[{"id":14982,"href":"https:\/\/melindaozel.com\/de\/wp-json\/wp\/v2\/posts\/2810\/revisions\/14982"}],"wp:featuredmedia":[{"embeddable":true,"href":"https:\/\/melindaozel.com\/de\/wp-json\/wp\/v2\/media\/2816"}],"wp:attachment":[{"href":"https:\/\/melindaozel.com\/de\/wp-json\/wp\/v2\/media?parent=2810"}],"wp:term":[{"taxonomy":"category","embeddable":true,"href":"https:\/\/melindaozel.com\/de\/wp-json\/wp\/v2\/categories?post=2810"},{"taxonomy":"post_tag","embeddable":true,"href":"https:\/\/melindaozel.com\/de\/wp-json\/wp\/v2\/tags?post=2810"}],"curies":[{"name":"wp","href":"https:\/\/api.w.org\/{rel}","templated":true}]}}